{"id":1163171,"date":"2026-09-02T14:31:10","date_gmt":"2026-09-02T14:31:10","guid":{"rendered":"https:\/\/www.europesays.com\/fr\/1163171\/"},"modified":"2026-09-02T14:31:10","modified_gmt":"2026-09-02T14:31:10","slug":"insulte-suicide-pourquoi-cette-couverture-de-carnet-scolaire-fait-debat-dans-le-var","status":"publish","type":"post","link":"https:\/\/www.europesays.com\/fr\/1163171\/","title":{"rendered":"Insulte, suicide : pourquoi cette couverture de carnet scolaire fait d\u00e9bat dans le Var"},"content":{"rendered":"<p>                    Par<br \/>\n        <strong><br \/>\n            <a href=\"https:\/\/actu.fr\/auteur\/lea-nicosia\" title=\"Consulter tous les articles de L\u00e9a Nicosia\" rel=\"nofollow noopener\" target=\"_blank\">L\u00e9a Nicosia<\/a><br \/>\n                    <\/strong><\/p>\n<p>        Publi\u00e9 le<\/p>\n<p>            2 sept. 2026 \u00e0 14h44        <\/p>\n<p>C\u2019est un dessin qui n\u2019a pas laiss\u00e9 les parents indiff\u00e9rents en cette rentr\u00e9e scolaire. Au coll\u00e8ge Alphonse-Daudet, \u00e0 <a href=\"https:\/\/actu.fr\/provence-alpes-cote-d-azur\/la-valette-du-var_83144\" rel=\"nofollow noopener\" target=\"_blank\">La Valette-du-Var<\/a>, la couverture des <strong>carnets de correspondance<\/strong> pour l\u2019ann\u00e9e scolaire 2026-2027 provoque un <strong>d\u00e9bat<\/strong> entre parents d\u2019\u00e9l\u00e8ves.<\/p>\n<p class=\" wall-content\">Sur l\u2019illustration, une coll\u00e9gienne appara\u00eet en pleurs, les yeux baiss\u00e9s, une larme coulant sur sa joue. Elle porte un sac \u00e0 dos duquel d\u00e9passent plusieurs livres portant les mentions \u00ab insulte \u00bb, \u00ab cyber \u00bb, \u00ab <strong>cyber-harc\u00e8lement<\/strong> \u00bb et \u00ab <strong>harc\u00e8lement<\/strong> \u00bb. Une \u00e9tiquette jaune indique \u00e9galement \u00ab <strong>non au harc\u00e8lement<\/strong> \u00bb.<\/p>\n<p class=\" wall-content\">Au-dessus du dessin, une phrase percutante : \u00ab Mon sac \u00e9tait lourd les vendredis, maintenant il l\u2019est<strong> tous les jours<\/strong> \u00bb. Dans la main de l\u2019\u00e9l\u00e8ve, un petit livre rouge porte quant \u00e0 lui un mot particuli\u00e8rement fort : \u00ab <strong>suicide<\/strong> \u00bb.<\/p>\n<p class=\" wall-content\">C\u2019est cette couverture qui a pouss\u00e9 une m\u00e8re d\u2019\u00e9l\u00e8ve \u00e0 interpeller publiquement les autres parents sur un groupe <a href=\"https:\/\/www.facebook.com\/groups\/616562949000742\/?notif_id=1788341550260203&amp;notif_t=group_r2j_approved&amp;ref=notif\" rel=\"nofollow noopener\" target=\"_blank\">Facebook<\/a>. \u00ab Qui a eu la <strong>brillante id\u00e9e<\/strong> de valider cette couverture sur les carnets de correspondance du coll\u00e8ge Daudet ? \u00bb, s\u2019interroge-t-elle dans sa publication, allant jusqu\u2019\u00e0 demander si d\u2019autres parents seraient favorables \u00e0 son retrait. Depuis, <strong>les r\u00e9actions<\/strong> se multiplient.<\/p>\n<p>\u00ab \u00c7a fait des ann\u00e9es et c\u2019est de pire en pire \u00bb<\/p>\n<p class=\" wall-content\">Certains parents <strong>d\u00e9fendent<\/strong> au contraire le choix de cette illustration. \u00ab Je ne vois pas en quoi ces probl\u00e9matiques, sachant que c\u2019est <strong>r\u00e9el<\/strong>, il y a du harc\u00e8lement et le harc\u00e8lement m\u00e8ne au suicide \u00bb, \u00e9crit ainsi une internaute. Pour elle, cette couverture permet de rappeler une <strong>r\u00e9alit\u00e9<\/strong> aux \u00e9l\u00e8ves : \u00ab Ils ont bien raison de faire cette couverture pour montrer que le harc\u00e8lement <strong>d\u00e9truit<\/strong>. \u00bb<\/p>\n<p class=\" wall-content\">Une autre m\u00e8re estime que l\u2019objectif est justement de faire r\u00e9agir les coll\u00e9giens. \u00ab C\u2019est <strong>choquant<\/strong> et c\u2019est justement fait pour choquer les enfants qui ne sont plus des b\u00e9b\u00e9s \u00bb, \u00e9crit-elle, soulignant \u00e9galement que le personnel encadrant du coll\u00e8ge est l\u00e0 pour <strong>\u00e9couter<\/strong> les \u00e9l\u00e8ves victimes ou t\u00e9moins.<\/p>\n<p class=\" wall-content\">Pour certains parents, le message est donc clair : mieux vaut <strong>montrer<\/strong> la r\u00e9alit\u00e9 du harc\u00e8lement que l\u2019\u00e9dulcorer.<\/p>\n<p>\u00ab Une image source d\u2019anxi\u00e9t\u00e9 et de n\u00e9gativit\u00e9 \u00bb<\/p>\n<p class=\" wall-content\">Mais d\u2019autres parents ne partagent pas cet avis. \u00ab Sinc\u00e8rement cette image m\u2019a choqu\u00e9 \u00bb, t\u00e9moigne une m\u00e8re, qui estime qu\u2019il serait possible de sensibiliser les \u00e9l\u00e8ves avec des visuels \u00ab plus joyeux et <strong>pleine de vie<\/strong> \u00bb. \u00ab Que toujours montrer le <strong>noir<\/strong> \u00e0 nos enfants\u2026 Qu\u2019on les sensibilise oui, qu\u2019on leur en parle oui\u2026 mais qu\u2019on pousse \u00e0 ce point \u00bb, \u00e9crit-elle.<\/p>\n<p class=\" wall-content\">Une autre internaute nuance \u00e9galement l\u2019int\u00e9r\u00eat d\u2019une telle couverture. Selon elle, la pr\u00e9vention \u00ab\u00a0devrait davantage passer par des temps de <strong>parole<\/strong> et des <strong>rencontres<\/strong>, plut\u00f4t que par une image pouvant susciter de l\u2019anxi\u00e9t\u00e9\u00a0\u00bb. Elle aurait pr\u00e9f\u00e9r\u00e9 une illustration mettant en avant \u00ab la <strong>solidarit\u00e9<\/strong>, le soutien, l\u2019\u00e9coute \u00bb ou encore \u00ab le partage \u00bb.<\/p>\n<p class=\" wall-content\">Le d\u00e9bat d\u00e9passe donc la simple question <strong>esth\u00e9tique<\/strong> : quelle image faut-il montrer aux \u00e9l\u00e8ves pour parler du harc\u00e8lement scolaire ?<\/p>\n<p>Un dessin qui serait issu d\u2019un concours<\/p>\n<p class=\" wall-content\">Dans les commentaires, plusieurs internautes expliquent \u00e9galement que cette illustration ferait suite \u00e0 un <strong>concours<\/strong> organis\u00e9 autour de la lutte contre le harc\u00e8lement scolaire. Selon eux, le dessin r\u00e9alis\u00e9 par une \u00e9l\u00e8ve aurait remport\u00e9 ce concours et aurait ainsi \u00e9t\u00e9 choisi pour figurer sur la couverture des carnets.<\/p>\n<p class=\" wall-content\">Cette information n\u2019a toutefois pas pu \u00eatre confirm\u00e9e par le coll\u00e8ge Alphonse-Daudet. Contact\u00e9 par notre r\u00e9daction afin d\u2019obtenir des pr\u00e9cisions sur le choix de cette couverture, son \u00e9ventuel concours et les actions de pr\u00e9vention mises en place au sein de l\u2019\u00e9tablissement, le coll\u00e8ge n<strong>\u2019a pas souhait\u00e9<\/strong> r\u00e9pondre \u00e0 nos sollicitations.<\/p>\n<p class=\" wall-content\">De son c\u00f4t\u00e9, la m\u00e8re \u00e0 l\u2019origine de la publication indique dans son post avoir \u00e9t\u00e9 contact\u00e9e par le coll\u00e8ge et <strong>invit\u00e9e<\/strong> \u00e0 un rendez-vous pour en discuter. Elle pr\u00e9cise qu\u2019elle devait supprimer son message dans la journ\u00e9e.<\/p>\n<p class=\" wall-content\">Une chose est certaine : \u00e0 travers cette couverture, le coll\u00e8ge ouvre volontairement ou non, une nouvelle <strong>discussion<\/strong> autour d\u2019un sujet particuli\u00e8rement <strong>sensible<\/strong>. Entre n\u00e9cessit\u00e9 de sensibiliser les adolescents \u00e0 la r\u00e9alit\u00e9 du harc\u00e8lement et crainte de v\u00e9hiculer une image trop sombre, les parents, eux, ne semblent pas tous avoir la m\u00eame r\u00e9ponse.<\/p>\n<p class=\" wall-content\">Personnalisez votre actualit\u00e9 en ajoutant vos villes et m\u00e9dias en favori avec <a href=\"https:\/\/moncompte.actu.fr\" title=\"D\u00e9couvez Mon Actu\" rel=\"nofollow noopener\" data-trk=\"{&quot;cta&quot;:{&quot;action&quot;:&quot;https:\\\/\\\/moncompte.actu.fr&quot;,&quot;category&quot;:&quot;mon compte&quot;,&quot;from&quot;:&quot;article footer&quot;,&quot;name&quot;:&quot;Mon actu&quot;,&quot;type&quot;:&quot;cta&quot;}}\" target=\"_blank\">Mon Actu<\/a>.<\/p>\n","protected":false},"excerpt":{"rendered":"Par L\u00e9a Nicosia Publi\u00e9 le 2 sept. 2026 \u00e0 14h44 C\u2019est un dessin qui n\u2019a pas laiss\u00e9 les&hellip;\n","protected":false},"author":2,"featured_media":1163172,"comment_status":"","ping_status":"","sticky":false,"template":"","format":"standard","meta":{"footnotes":"","_share_on_mastodon":"0"},"categories":[9619],"tags":[1111,11,1777,674,1011,27,17930,12,882,10918,25,104,2310],"class_list":["post-1163171","post","type-post","status-publish","format-standard","has-post-thumbnail","category-toulon","tag-actu","tag-actualites","tag-eu","tag-europe","tag-fr","tag-france","tag-harcelement-scolaire","tag-news","tag-provence-alpes-cote-dazur","tag-rentree-scolaire","tag-republique-francaise","tag-societe","tag-toulon"],"share_on_mastodon":{"url":"https:\/\/pubeurope.com\/@fr\/117201934066365582","error":""},"_links":{"self":[{"href":"https:\/\/www.europesays.com\/fr\/wp-json\/wp\/v2\/posts\/1163171","targetHints":{"allow":["GET"]}}],"collection":[{"href":"https:\/\/www.europesays.com\/fr\/wp-json\/wp\/v2\/posts"}],"about":[{"href":"https:\/\/www.europesays.com\/fr\/wp-json\/wp\/v2\/types\/post"}],"author":[{"embeddable":true,"href":"https:\/\/www.europesays.com\/fr\/wp-json\/wp\/v2\/users\/2"}],"replies":[{"embeddable":true,"href":"https:\/\/www.europesays.com\/fr\/wp-json\/wp\/v2\/comments?post=1163171"}],"version-history":[{"count":0,"href":"https:\/\/www.europesays.com\/fr\/wp-json\/wp\/v2\/posts\/1163171\/revisions"}],"wp:featuredmedia":[{"embeddable":true,"href":"https:\/\/www.europesays.com\/fr\/wp-json\/wp\/v2\/media\/1163172"}],"wp:attachment":[{"href":"https:\/\/www.europesays.com\/fr\/wp-json\/wp\/v2\/media?parent=1163171"}],"wp:term":[{"taxonomy":"category","embeddable":true,"href":"https:\/\/www.europesays.com\/fr\/wp-json\/wp\/v2\/categories?post=1163171"},{"taxonomy":"post_tag","embeddable":true,"href":"https:\/\/www.europesays.com\/fr\/wp-json\/wp\/v2\/tags?post=1163171"}],"curies":[{"name":"wp","href":"https:\/\/api.w.org\/{rel}","templated":true}]}}