{"id":116318,"date":"2025-05-21T07:41:12","date_gmt":"2025-05-21T07:41:12","guid":{"rendered":"https:\/\/www.europesays.com\/fr\/116318\/"},"modified":"2025-05-21T07:41:12","modified_gmt":"2025-05-21T07:41:12","slug":"de-lunion-europeenne-a-ladministration-trump-une-prise-de-distance-senclenche-avec-lentreprise-genocidaire-disrael-a-gaza","status":"publish","type":"post","link":"https:\/\/www.europesays.com\/fr\/116318\/","title":{"rendered":"De l\u2019Union europ\u00e9enne \u00e0 l\u2019administration Trump, une prise de distance s\u2019enclenche avec l\u2019entreprise g\u00e9nocidaire d\u2019Isra\u00ebl\u00a0\u00e0 Gaza"},"content":{"rendered":"<p>Ce <a href=\"https:\/\/www.humanite.fr\/monde\/bande-de-gaza\/guerre-a-gaza-londres-suspend-les-negociations-sur-un-accord-de-libre-echange-avec-israel-les-europeens-persistent-a-faire-les-gros-yeux\" target=\"_blank\" rel=\"noopener\">revirement partiel<\/a> arrive alors que pr\u00e8s de 54\u00a0000 Gazaouis ont \u00e9t\u00e9, selon des donn\u00e9es du minist\u00e8re de la Sant\u00e9 du Hamas, tu\u00e9s par l\u2019arm\u00e9e isra\u00e9lienne. \u00ab\u00a0<a href=\"https:\/\/www.humanite.fr\/monde\/aide-humanitaire\/raphael-pitti-medecin-humanitaire-face-au-genocide-a-gaza-la-seule-reponse-possible-est-la-desobeissance-civile\" target=\"_blank\" rel=\"noopener\">14\u00a0000 b\u00e9b\u00e9s mourront<\/a> dans les prochaines 48\u00a0heures, si nous ne pouvons pas les atteindre\u00a0\u00bb, alertait Tom Fletcher, secr\u00e9taire g\u00e9n\u00e9ral adjoint aux Affaires humanitaires des Nations unies, lors d\u2019un entretien accord\u00e9 \u00e0 la BBC, mardi 20\u00a0mai.<\/p>\n<p>Lundi, seuls cinq camions remplis de nourriture pour b\u00e9b\u00e9s ont \u00e9t\u00e9 autoris\u00e9s \u00e0 entrer. D\u2019une population victime d\u2019une entreprise g\u00e9nocidaire \u00e0 <a href=\"https:\/\/www.humanite.fr\/monde\/gaza\/23-millions-de-personnes-font-face-a-une-mort-imminente-a-gaza-alerte-hala-abou-hassira-ambassadrice-de-palestine-en-france\" target=\"_blank\" rel=\"noopener\">l\u2019annexion de la bande de Gaza<\/a>, le gouvernement dirig\u00e9 par le premier ministre Benyamin Netanyahou se retrouve, depuis lundi 19\u00a0mai, ouvertement remis en cause par plusieurs \u00c9tats alli\u00e9s.<\/p>\n<p>Ce que signifie le r\u00e9examen de l\u2019article\u00a02<\/p>\n<p>Annonce d\u2019importance, d\u00e9j\u00e0 : l\u2019officialisation par l\u2019Union europ\u00e9enne (UE) du r\u00e9examen de son accord d\u2019association avec Isra\u00ebl. \u00ab\u00a0Il existe une forte majorit\u00e9 en faveur du r\u00e9examen de l\u2019article\u00a02 (sur le respect des droits humains \u2013 NDLR) de notre accord d\u2019association avec Isra\u00ebl, a fait savoir la cheffe de la diplomatie europ\u00e9enne, Kaja Kallas, \u00e0 l\u2019issue d\u2019une r\u00e9union des ministres des Affaires \u00e9trang\u00e8res de l\u2019UE \u00e0 Bruxelles, mardi 20\u00a0mai. Nous allons donc nous lancer dans cet exercice.\u00a0\u00bb<\/p>\n<p>Un changement de cap qui symbolise une rupture qui s\u2019amorce entre les soutiens de cette r\u00e9vision \u2013 la France, la Belgique, le Portugal, l\u2019Espagne, la Finlande, l\u2019Irlande, le Luxembourg, la Slov\u00e9nie, la Su\u00e8de, les Pays-Bas \u2013 et les partisans du statu quo \u2013\u00a0l\u2019Allemagne, l\u2019Italie, la Bulgarie, la R\u00e9publique tch\u00e8que, la Croatie, Chypre, la Gr\u00e8ce, la Lituanie, la Hongrie, la Lettonie. L\u2019ex-premier ministre <a href=\"https:\/\/www.humanite.fr\/monde\/dominique-de-villepin\/en-replay-le-grand-entretien-avec-dominique-de-villepin-a-la-fete-de-lhumanite\" target=\"_blank\" rel=\"noopener\">Dominique de Villepin<\/a> estime  m\u00eame<\/p>\n","protected":false},"excerpt":{"rendered":"Ce revirement partiel arrive alors que pr\u00e8s de 54\u00a0000 Gazaouis ont \u00e9t\u00e9, selon des donn\u00e9es du minist\u00e8re de&hellip;\n","protected":false},"author":2,"featured_media":116319,"comment_status":"","ping_status":"","sticky":false,"template":"","format":"standard","meta":{"footnotes":""},"categories":[1586],"tags":[11,952,75,1777,674,1779,1011,27,665,12,25,1778,364],"class_list":{"0":"post-116318","1":"post","2":"type-post","3":"status-publish","4":"format-standard","5":"has-post-thumbnail","7":"category-europe","8":"tag-actualites","9":"tag-benyamin-netanyahou","10":"tag-donald-trump","11":"tag-eu","12":"tag-europe","13":"tag-european-union","14":"tag-fr","15":"tag-france","16":"tag-gaza","17":"tag-news","18":"tag-republique-francaise","19":"tag-ue","20":"tag-union-europeenne"},"share_on_mastodon":{"url":"https:\/\/pubeurope.com\/@fr\/114544697990503365","error":""},"_links":{"self":[{"href":"https:\/\/www.europesays.com\/fr\/wp-json\/wp\/v2\/posts\/116318","targetHints":{"allow":["GET"]}}],"collection":[{"href":"https:\/\/www.europesays.com\/fr\/wp-json\/wp\/v2\/posts"}],"about":[{"href":"https:\/\/www.europesays.com\/fr\/wp-json\/wp\/v2\/types\/post"}],"author":[{"embeddable":true,"href":"https:\/\/www.europesays.com\/fr\/wp-json\/wp\/v2\/users\/2"}],"replies":[{"embeddable":true,"href":"https:\/\/www.europesays.com\/fr\/wp-json\/wp\/v2\/comments?post=116318"}],"version-history":[{"count":0,"href":"https:\/\/www.europesays.com\/fr\/wp-json\/wp\/v2\/posts\/116318\/revisions"}],"wp:featuredmedia":[{"embeddable":true,"href":"https:\/\/www.europesays.com\/fr\/wp-json\/wp\/v2\/media\/116319"}],"wp:attachment":[{"href":"https:\/\/www.europesays.com\/fr\/wp-json\/wp\/v2\/media?parent=116318"}],"wp:term":[{"taxonomy":"category","embeddable":true,"href":"https:\/\/www.europesays.com\/fr\/wp-json\/wp\/v2\/categories?post=116318"},{"taxonomy":"post_tag","embeddable":true,"href":"https:\/\/www.europesays.com\/fr\/wp-json\/wp\/v2\/tags?post=116318"}],"curies":[{"name":"wp","href":"https:\/\/api.w.org\/{rel}","templated":true}]}}