{"id":1163182,"date":"2026-09-02T14:38:14","date_gmt":"2026-09-02T14:38:14","guid":{"rendered":"https:\/\/www.europesays.com\/fr\/1163182\/"},"modified":"2026-09-02T14:38:14","modified_gmt":"2026-09-02T14:38:14","slug":"grenoble-le-planning-familial-fete-70-ans-de-luttes-la-montee-de-lextreme-droite-est-au-coeur-de-toutes-nos-preoccupations","status":"publish","type":"post","link":"https:\/\/www.europesays.com\/fr\/1163182\/","title":{"rendered":"Grenoble. Le Planning familial f\u00eate 70 ans de luttes : \u00ab\u00a0La mont\u00e9e de l\u2019extr\u00eame droite est au c\u0153ur de toutes nos pr\u00e9occupations\u00a0\u00bb"},"content":{"rendered":"<p>\u00ab\u00a0\u00c9couter, parler d\u2019amour, parler de vie affective et d\u2019intimit\u00e9. Et s\u2019amuser, \u00eatre ensemble.\u00a0\u00bb Voil\u00e0 l\u2019esprit des festivit\u00e9s des 70 ans du Planning familial qui se d\u00e9rouleront ce samedi 5\u00a0septembre, \u00e0 partir de 14 heures, \u00e0 La Correspondance, pour L\u00e9a Delahaye, charg\u00e9e de communication de l\u2019association is\u00e9roise.<\/p>\n<p>Une journ\u00e9e pour c\u00e9l\u00e9brer les 70 ans du mouvement national, cr\u00e9\u00e9 \u00e0 Paris en 1956, et qui s\u2019est d\u2019abord appel\u00e9 Maternit\u00e9 heureuse. \u00ab\u00a0Maternit\u00e9 heureuse, c\u2019\u00e9tait une association qui n\u2019\u00e9tait pas ouverte au public. Une association de militantes, qui r\u00e9fl\u00e9chissaient \u00e0 la lib\u00e9ration de la contraception et de l\u2019IVG. C\u2018\u00e9tait&#8230;<\/p>\n","protected":false},"excerpt":{"rendered":"\u00ab\u00a0\u00c9couter, parler d\u2019amour, parler de vie affective et d\u2019intimit\u00e9. Et s\u2019amuser, \u00eatre ensemble.\u00a0\u00bb Voil\u00e0 l\u2019esprit des festivit\u00e9s des&hellip;\n","protected":false},"author":2,"featured_media":1163183,"comment_status":"","ping_status":"","sticky":false,"template":"","format":"standard","meta":{"footnotes":"","_share_on_mastodon":"0"},"categories":[9566],"tags":[1111,11,2430,112,1777,674,6757,1011,27,2731,2732,108,12,25,104],"class_list":["post-1163182","post","type-post","status-publish","format-standard","has-post-thumbnail","category-grenoble","tag-actu","tag-actualites","tag-auvergne-rhone-alpes","tag-edition-grenoble-agglomeration","tag-eu","tag-europe","tag-feminisme","tag-fr","tag-france","tag-grenoble","tag-grenoble-bassin","tag-isere","tag-news","tag-republique-francaise","tag-societe"],"share_on_mastodon":{"url":"https:\/\/pubeurope.com\/@fr\/117201961535887586","error":""},"_links":{"self":[{"href":"https:\/\/www.europesays.com\/fr\/wp-json\/wp\/v2\/posts\/1163182","targetHints":{"allow":["GET"]}}],"collection":[{"href":"https:\/\/www.europesays.com\/fr\/wp-json\/wp\/v2\/posts"}],"about":[{"href":"https:\/\/www.europesays.com\/fr\/wp-json\/wp\/v2\/types\/post"}],"author":[{"embeddable":true,"href":"https:\/\/www.europesays.com\/fr\/wp-json\/wp\/v2\/users\/2"}],"replies":[{"embeddable":true,"href":"https:\/\/www.europesays.com\/fr\/wp-json\/wp\/v2\/comments?post=1163182"}],"version-history":[{"count":0,"href":"https:\/\/www.europesays.com\/fr\/wp-json\/wp\/v2\/posts\/1163182\/revisions"}],"wp:featuredmedia":[{"embeddable":true,"href":"https:\/\/www.europesays.com\/fr\/wp-json\/wp\/v2\/media\/1163183"}],"wp:attachment":[{"href":"https:\/\/www.europesays.com\/fr\/wp-json\/wp\/v2\/media?parent=1163182"}],"wp:term":[{"taxonomy":"category","embeddable":true,"href":"https:\/\/www.europesays.com\/fr\/wp-json\/wp\/v2\/categories?post=1163182"},{"taxonomy":"post_tag","embeddable":true,"href":"https:\/\/www.europesays.com\/fr\/wp-json\/wp\/v2\/tags?post=1163182"}],"curies":[{"name":"wp","href":"https:\/\/api.w.org\/{rel}","templated":true}]}}