{"id":1163184,"date":"2026-09-02T14:39:16","date_gmt":"2026-09-02T14:39:16","guid":{"rendered":"https:\/\/www.europesays.com\/fr\/1163184\/"},"modified":"2026-09-02T14:39:16","modified_gmt":"2026-09-02T14:39:16","slug":"metropole-de-grenoble-cultura-vient-douvrir-a-neyrpic-cest-une-bonne-nouvelle-pour-les-habitants","status":"publish","type":"post","link":"https:\/\/www.europesays.com\/fr\/1163184\/","title":{"rendered":"M\u00e9tropole de Grenoble. Cultura vient d&rsquo;ouvrir \u00e0 Neyrpic\u00a0: \u00ab\u00a0C\u2019est une bonne nouvelle pour les habitants\u00a0\u00bb"},"content":{"rendered":"<p>Il n\u2019\u00e9tait pas encore 10 heures ce mercredi, heure d\u2019ouverture officielle, que plusieurs dizaines de personnes se massaient d\u00e9j\u00e0 devant la boutique, impatientes de d\u00e9couvrir le nouveau lieu\u2026<\/p>\n<p>Depuis ce mercredi, l\u2019implantation de Cultura est une r\u00e9alit\u00e9 \u00e0 Saint-Martin-d\u2019H\u00e8res. Annonc\u00e9e depuis des semaines au c\u0153ur du p\u00f4le de commerces Neyrpic, l\u2019enseigne, pr\u00e9sente dans la r\u00e9gion mais in\u00e9dite dans la m\u00e9tropole grenobloise, \u00e9tait tr\u00e8s attendue. Il suffisait pour s\u2019en convaincre de d\u00e9ambuler et d\u2019observer les all\u00e9es et diff\u00e9rents espaces, assez vite fournis&#8230;<\/p>\n","protected":false},"excerpt":{"rendered":"Il n\u2019\u00e9tait pas encore 10 heures ce mercredi, heure d\u2019ouverture officielle, que plusieurs dizaines de personnes se massaient&hellip;\n","protected":false},"author":2,"featured_media":1163185,"comment_status":"","ping_status":"","sticky":false,"template":"","format":"standard","meta":{"footnotes":"","_share_on_mastodon":"0"},"categories":[9566],"tags":[1111,11,2430,4406,33,112,1777,674,1011,27,2731,108,12,25,9448,11264],"class_list":["post-1163184","post","type-post","status-publish","format-standard","has-post-thumbnail","category-grenoble","tag-actu","tag-actualites","tag-auvergne-rhone-alpes","tag-commerce-et-services","tag-economie","tag-edition-grenoble-agglomeration","tag-eu","tag-europe","tag-fr","tag-france","tag-grenoble","tag-isere","tag-news","tag-republique-francaise","tag-saint-martin-dheres","tag-saint-martin-dheres-bassin"],"share_on_mastodon":{"url":"https:\/\/pubeurope.com\/@fr\/117201965460141131","error":""},"_links":{"self":[{"href":"https:\/\/www.europesays.com\/fr\/wp-json\/wp\/v2\/posts\/1163184","targetHints":{"allow":["GET"]}}],"collection":[{"href":"https:\/\/www.europesays.com\/fr\/wp-json\/wp\/v2\/posts"}],"about":[{"href":"https:\/\/www.europesays.com\/fr\/wp-json\/wp\/v2\/types\/post"}],"author":[{"embeddable":true,"href":"https:\/\/www.europesays.com\/fr\/wp-json\/wp\/v2\/users\/2"}],"replies":[{"embeddable":true,"href":"https:\/\/www.europesays.com\/fr\/wp-json\/wp\/v2\/comments?post=1163184"}],"version-history":[{"count":0,"href":"https:\/\/www.europesays.com\/fr\/wp-json\/wp\/v2\/posts\/1163184\/revisions"}],"wp:featuredmedia":[{"embeddable":true,"href":"https:\/\/www.europesays.com\/fr\/wp-json\/wp\/v2\/media\/1163185"}],"wp:attachment":[{"href":"https:\/\/www.europesays.com\/fr\/wp-json\/wp\/v2\/media?parent=1163184"}],"wp:term":[{"taxonomy":"category","embeddable":true,"href":"https:\/\/www.europesays.com\/fr\/wp-json\/wp\/v2\/categories?post=1163184"},{"taxonomy":"post_tag","embeddable":true,"href":"https:\/\/www.europesays.com\/fr\/wp-json\/wp\/v2\/tags?post=1163184"}],"curies":[{"name":"wp","href":"https:\/\/api.w.org\/{rel}","templated":true}]}}