{"id":1163196,"date":"2026-09-02T14:47:16","date_gmt":"2026-09-02T14:47:16","guid":{"rendered":"https:\/\/www.europesays.com\/fr\/1163196\/"},"modified":"2026-09-02T14:47:16","modified_gmt":"2026-09-02T14:47:16","slug":"une-rentree-a-4000-euros-dans-les-alpes-maritimes-le-cout-de-la-vie-senvole-pour-les-etudiants","status":"publish","type":"post","link":"https:\/\/www.europesays.com\/fr\/1163196\/","title":{"rendered":"Une rentr\u00e9e \u00e0 4000 euros : dans les Alpes-Maritimes, le co\u00fbt de la vie s&rsquo;envole pour les \u00e9tudiants"},"content":{"rendered":"<p>                    Par<br \/>\n        <strong><br \/>\n            <a href=\"https:\/\/actu.fr\/auteur\/manon-reinhardt\" title=\"Consulter tous les articles de Manon Reinhardt\" rel=\"nofollow noopener\" target=\"_blank\">Manon Reinhardt<\/a><br \/>\n                    <\/strong><\/p>\n<p>        Publi\u00e9 le<\/p>\n<p>            2 sept. 2026 \u00e0 16h16        <\/p>\n<p>Frais d\u2019inscription, logement, sant\u00e9, alimentation, transport\u2026 Toutes les d\u00e9penses ont \u00e9t\u00e9 pass\u00e9es au peigne fin. Ce mercredi 2\u00a0septembre, la FACE 06 (F\u00e9d\u00e9ration des Associations et Corporations \u00c9tudiantes des <a href=\"https:\/\/actu.fr\/provence-alpes-cote-d-azur\/alpes-maritimes_06\" rel=\"nofollow noopener\" target=\"_blank\">Alpes-Maritimes<\/a>) publie un rapport dans lequel<strong> elle d\u00e9taille le moindre euro n\u00e9cessaire<\/strong> dans le cadre de la rentr\u00e9e universitaire 2026. Globalement, le budget est de plus en plus important pour les \u00e9tudiants dans le d\u00e9partement. Voici leurs principaux frais et \u00e0 combien ils montent.<\/p>\n<p>Une rentr\u00e9e \u00e0 4.018 euros en moyenne par \u00e9tudiant<\/p>\n<p class=\" wall-content\">Les \u00e9tudiants ne le savent que trop bien\u2009: les d\u00e9penses quotidiennes ne cessent de grimper. Surtout \u00e0 Nice, parmi les villes, apr\u00e8s Paris, les plus ch\u00e8res de France. <a href=\"https:\/\/unef.fr\/wp-content\/uploads\/2026\/08\/UNEF-Classement-des-villes-universitaires-2026.pdf\" rel=\"nofollow noopener\" target=\"_blank\">Dans le dernier classement de l\u2019UNEF<\/a>, la capitale azur\u00e9enne se positionne \u00e0 la quatri\u00e8me place, <strong>avec un budget de 1.414,64 euros<\/strong> par \u00e9tudiant, soit une augmentation de 4,61\u2009%, la plus forte dans le pays.<\/p>\n<p class=\" wall-content\">La FACE 06 vient confirmer la tendance. Dans un rapport publi\u00e9 ce mercredi 2 septembre, en pleine rentr\u00e9e universitaire, elle a analys\u00e9 le budget des \u00e9tudiants dans les Alpes-Maritimes. Co\u00fbt du logement, transports, alimentation, mat\u00e9riels, frais d\u2019inscription, tout a \u00e9t\u00e9 d\u00e9cortiqu\u00e9. Et le constat est sans appel\u2009: <strong>le niveau de vie a en effet augment\u00e9 dans le d\u00e9partement<\/strong>.<\/p>\n<p class=\" wall-content\">Globalement, le co\u00fbt moyen de la rentr\u00e9e 2026 pour un \u00e9tudiant a \u00e9t\u00e9 calcul\u00e9 \u00e0 4.018 euros. Un montant en hausse puisqu\u2019il \u00e9tait de 3.901 euros l\u2019ann\u00e9e derni\u00e8re.<\/p>\n<p>Les loyers de plus en plus chers<\/p>\n<p class=\" wall-content\">La plus grosse partie de leur budget reste le loyer. Certains sont d\u2019ailleurs oblig\u00e9s de s\u2019\u00e9loigner de leur lieu d\u2019\u00e9tudes pour esp\u00e9rer gagner quelques euros, \u00ab\u2009voire de renoncer \u00e0 certaines formations faute de pouvoir se loger \u00e0 proximit\u00e9\u2009\u00bb.<\/p>\n<p class=\" wall-content\">\u00ab\u2009Dans les Alpes-Maritimes, la situation du logement \u00e9tudiant continue de se d\u00e9grader. En 2026, <strong>le prix moyen d\u2019un T1 de 25 m\u00b2 atteint 700\u00a0euros par mois<\/strong>, soit une hausse de 15,89\u2009%. Une \u00e9volution particuli\u00e8rement pr\u00e9occupante pour les \u00e9tudiants, pour qui le logement constitue d\u00e9j\u00e0 l\u2019un des principaux postes de d\u00e9pense\u2009\u00bb, commente l\u2019association.<\/p>\n<blockquote class=\"ac-article-quote wall-content\">\n<p>Il est difficile pour moi de trouver un logement adapt\u00e9 \u00e0 ma situation, notamment en raison du nombre limit\u00e9 d\u2019offres disponibles et des conditions demand\u00e9es par certains propri\u00e9taires.<\/p>\n<p>    <strong>Un \u00e9tudiant dans les Alpes-Maritimes<\/strong><br \/>\n        \u00c0 la FACE 06    <\/p><\/blockquote>\n<p>Les repas \u00e0 1\u00a0euro pas suffisants<\/p>\n<p class=\" wall-content\">L\u2019alimentation s\u2019impose comme le deuxi\u00e8me poste de d\u00e9pense le plus important, avec un budget moyen de 195,54\u00a0euros. L\u2019association affirme\u2009: \u00ab\u2009M\u00eame avec l\u2019acc\u00e8s au repas \u00e0 1\u00a0euro au restaurant universitaire, <strong>plus de 160\u00a0euros restent n\u00e9cessaires chaque mois<\/strong> pour assurer une alimentation compl\u00e8te en dehors des repas pris au Crous\u2009\u00bb.<\/p>\n<p class=\" wall-content\">Les transports ne sont pas en reste\u2009: un \u00e9tudiant dans les Alpes-Maritimes doit d\u00e9penser, en moyenne,<strong> 142\u00a0euros par mois pour pouvoir se d\u00e9placer<\/strong>.<\/p>\n<p class=\" wall-content\">\u00ab\u2009Pour les \u00e9tudiants utilisant les transports en commun, l\u2019abonnement annuel [chez Lignes d\u2019Azur] s\u2019\u00e9l\u00e8ve \u00e0 180\u00a0euros auxquels s\u2019ajoutent 12\u00a0euros de frais de gestion soit un co\u00fbt total de 192\u00a0euros par mois\u2009\u00bb.\u00a0Ceux qui pr\u00e9f\u00e8rent la voiture doivent d\u00e9bourser 126\u00a0euros par mois.<\/p>\n<p>Sant\u00e9, mat\u00e9riel, v\u00eatements, hygi\u00e8ne\u2026<\/p>\n<p class=\" wall-content\"><strong>Les frais de sant\u00e9<\/strong> ont, eux aussi, augment\u00e9. Selon les chiffres dont dispose la FACE 06, le co\u00fbt d\u2019une mutuelle pour un \u00e9tudiant maralpin atteint les 563,28\u00a0euros (par an) contre 513,60\u00a0euros auparavant.<\/p>\n<p class=\" wall-content\">S\u2019ajoute \u00e9galement le mat\u00e9riel n\u00e9cessaire\u2009: ordinateur (environ 300\u00a0euros), fournitures, \u00e9quipement du quotidien, l\u00e0 encore le budget est cons\u00e9quent. <strong>La FACE 06 l\u2019estime au total \u00e0 487,78\u00a0euros par \u00e9tudiant<\/strong>. Puis les v\u00eatements\u2009: \u00ab\u2009Avec 120,08\u00a0euros consacr\u00e9s \u00e0 ce poste, l\u2019habillement constitue ainsi une d\u00e9pense \u00e0 prendre en consid\u00e9ration dans l\u2019\u00e9valuation du co\u00fbt r\u00e9el de la vie \u00e9tudiante en 2026\u2009\u00bb.<\/p>\n<p class=\" wall-content\">Concernant l\u2019hygi\u00e8ne, les prix ont toutefois baiss\u00e9 de 23,07\u2009% (25,38\u00a0euros). Tout comme les frais menstruels qui s\u2019\u00e9tablissent \u00e0 10,59\u00a0euros par mois (-13,41\u2009%).<\/p>\n<p>En plus de l\u2019alternance, \u00ab\u2009je vais devoir prendre un job \u00e9tudiant\u2009\u00bb<\/p>\n<p class=\" wall-content\">Dans ce dernier, la FACE 06 a souhait\u00e9 montrer la r\u00e9alit\u00e9 des d\u00e9penses pour un \u00e9tudiant vivant dans les Alpes-Maritimes. Certains t\u00e9moignages dont elle fait part sont par ailleurs <strong>\u00e9loquents<\/strong>.<\/p>\n<blockquote class=\"ac-article-quote wall-content\">\n<p>Je paye un appartement dans la ville de mon \u00e9cole \u00e0 750 euros le mois, plus 60 euros d\u2019\u00e9lectricit\u00e9. Il faut compter en plus un abonnement de train \u00e0 90 euros l\u2019ann\u00e9e pour me<br \/>\nrendre \u00e0 mon alternance. Ensuite il y a bien \u00e9videmment les courses o\u00f9 nous n\u2019avons \u00e9videmment aucune aide en tant qu\u2019\u00e9tudiant en apprentissage. Et toutes ces d\u00e9penses avec un salaire mis\u00e9rable d\u2019alternante \u00e0 environ 800 euros. Ainsi je vais s\u00fbrement devoir prendre un job \u00e9tudiant \u00e0 c\u00f4t\u00e9 de tout \u00e7a pour pouvoir survivre mes deux prochaines ann\u00e9es.<\/p>\n<p>    <strong>Un autre \u00e9tudiant dans les Alpes-Maritimes<\/strong><br \/>\n        \u00c0 la FACE 06    <\/p><\/blockquote>\n<p class=\" wall-content\">Globalement, \u00ab\u2009dans les Alpes-Maritimes, o\u00f9 le co\u00fbt de la vie figure parmi les plus \u00e9lev\u00e9s de France, la pr\u00e9carit\u00e9 \u00e9tudiante touche l\u2019ensemble des conditions de vie\u2009\u00bb, constate la structure associative dans son rapport. Pour tenter d\u2019aider, la FACE 06 a notamment cr\u00e9\u00e9 <a href=\"https:\/\/actu.fr\/provence-alpes-cote-d-azur\/nice_06088\/nice-cette-bijouterie-tres-populaire-s-est-transformee-avec-une-activite-inattendue_55894168.html\" rel=\"nofollow noopener\" target=\"_blank\">le dispositif Agora\u00e9<\/a>, une \u00e9picerie solidaire avec des prix tr\u00e8s attractifs pour les plus d\u00e9munis.<\/p>\n<p class=\" wall-content\">Personnalisez votre actualit\u00e9 en ajoutant vos villes et m\u00e9dias en favori avec <a href=\"https:\/\/moncompte.actu.fr\" title=\"D\u00e9couvez Mon Actu\" rel=\"nofollow noopener\" data-trk=\"{&quot;cta&quot;:{&quot;action&quot;:&quot;https:\\\/\\\/moncompte.actu.fr&quot;,&quot;category&quot;:&quot;mon compte&quot;,&quot;from&quot;:&quot;article footer&quot;,&quot;name&quot;:&quot;Mon actu&quot;,&quot;type&quot;:&quot;cta&quot;}}\" target=\"_blank\">Mon Actu<\/a>.<\/p>\n","protected":false},"excerpt":{"rendered":"Par Manon Reinhardt Publi\u00e9 le 2 sept. 2026 \u00e0 16h16 Frais d\u2019inscription, logement, sant\u00e9, alimentation, transport\u2026 Toutes les&hellip;\n","protected":false},"author":2,"featured_media":1163197,"comment_status":"","ping_status":"","sticky":false,"template":"","format":"standard","meta":{"footnotes":"","_share_on_mastodon":"0"},"categories":[2819],"tags":[1111,11,1261,1777,674,1011,27,1908,12,2401,2922,882,25,104],"class_list":["post-1163196","post","type-post","status-publish","format-standard","has-post-thumbnail","category-nice","tag-actu","tag-actualites","tag-argent","tag-eu","tag-europe","tag-fr","tag-france","tag-logement","tag-news","tag-nice","tag-pouvoir-dachat","tag-provence-alpes-cote-dazur","tag-republique-francaise","tag-societe"],"share_on_mastodon":{"url":"https:\/\/pubeurope.com\/@fr\/117201996675615306","error":""},"_links":{"self":[{"href":"https:\/\/www.europesays.com\/fr\/wp-json\/wp\/v2\/posts\/1163196","targetHints":{"allow":["GET"]}}],"collection":[{"href":"https:\/\/www.europesays.com\/fr\/wp-json\/wp\/v2\/posts"}],"about":[{"href":"https:\/\/www.europesays.com\/fr\/wp-json\/wp\/v2\/types\/post"}],"author":[{"embeddable":true,"href":"https:\/\/www.europesays.com\/fr\/wp-json\/wp\/v2\/users\/2"}],"replies":[{"embeddable":true,"href":"https:\/\/www.europesays.com\/fr\/wp-json\/wp\/v2\/comments?post=1163196"}],"version-history":[{"count":0,"href":"https:\/\/www.europesays.com\/fr\/wp-json\/wp\/v2\/posts\/1163196\/revisions"}],"wp:featuredmedia":[{"embeddable":true,"href":"https:\/\/www.europesays.com\/fr\/wp-json\/wp\/v2\/media\/1163197"}],"wp:attachment":[{"href":"https:\/\/www.europesays.com\/fr\/wp-json\/wp\/v2\/media?parent=1163196"}],"wp:term":[{"taxonomy":"category","embeddable":true,"href":"https:\/\/www.europesays.com\/fr\/wp-json\/wp\/v2\/categories?post=1163196"},{"taxonomy":"post_tag","embeddable":true,"href":"https:\/\/www.europesays.com\/fr\/wp-json\/wp\/v2\/tags?post=1163196"}],"curies":[{"name":"wp","href":"https:\/\/api.w.org\/{rel}","templated":true}]}}