{"id":1163198,"date":"2026-09-02T14:49:07","date_gmt":"2026-09-02T14:49:07","guid":{"rendered":"https:\/\/www.europesays.com\/fr\/1163198\/"},"modified":"2026-09-02T14:49:07","modified_gmt":"2026-09-02T14:49:07","slug":"disparition-inquietante-un-jeune-homme-de-19-ans-recherche-en-loire-atlantique","status":"publish","type":"post","link":"https:\/\/www.europesays.com\/fr\/1163198\/","title":{"rendered":"Disparition inqui\u00e9tante : un jeune homme de 19 ans recherch\u00e9 en Loire-Atlantique"},"content":{"rendered":"<p>                    Par<br \/>\n        <strong><br \/>\n            <a href=\"https:\/\/actu.fr\/auteur\/gwendal-lepriellec\" title=\"Consulter tous les articles de Gwendal Le Priellec\" rel=\"nofollow noopener\" target=\"_blank\">Gwendal Le Priellec<\/a><br \/>\n                    <\/strong><\/p>\n<p>        Publi\u00e9 le<\/p>\n<p>            1 sept. 2026 \u00e0 20h25        <\/p>\n<p>Un<b> jeune homme de 19\u00a0ans est port\u00e9 disparu<\/b> au nord de <b>Nantes <\/b>(Loire-Atlantique), pr\u00e9vient ce mardi 1er\u00a0septembre 2026 la <b>gendarmerie de Loire-Atlantique<\/b>, qui lance un<b> appel \u00e0 t\u00e9moins<\/b> pour le retrouver.<\/p>\n<p>Disparition inqui\u00e9tante\u2009: un jeune homme de 19\u00a0ans recherch\u00e9 en Loire-Atlantique<\/p>\n<p class=\" wall-content\">Voici l\u2019appel \u00e0 t\u00e9moins lanc\u00e9 par les gendarmes.<\/p>\n<blockquote class=\"ac-article-quote wall-content\">\n<p>La gendarmerie lance un appel \u00e0 t\u00e9moins concernant la disparition de Rapha\u00ebl Launay, \u00e2g\u00e9 de 19 ans. Il a \u00e9t\u00e9 vu pour la derni\u00e8re fois le samedi 29 ao\u00fbt 2026 vers 16\u2009h\u200930 \u00e0 La Chapelle-sur-Erdre.<\/p>\n<p>Gendarmerie de Loire-Atlantique<\/p><\/blockquote>\n<p class=\" wall-content\">Au moment de sa disparition, le jeune homme, qui mesure 1m80, qui a les yeux bleu et les cheveux courts ch\u00e2tain clair, portait \u00ab\u2009une <b>doudoune bleu marine\u2009\u00bb<\/b> et des <b>\u00ab\u2009chaussures noires <\/b>montantes avec semelles blanches\u2009\u00bb.<\/p>\n<p>    <a href=\"https:\/\/www.facebook.com\/plugins\/post.php?href=https%3A%2F%2Fwww.facebook.com%2Fgendarmeriedeloireatlantique%2Fposts%2Fpfbid0oUb7EzLXP1RswvRQvGbjNRcN1kNLbJnJqD4hSUg4ygYAHLHtifciHEiVex4Rz7dJl&amp;show_text=true&amp;width=350\" title=\"Ouvrie le lien\" rel=\"nofollow noopener\" target=\"_blank\">Cliquez ici pour visualiser le contenu<\/a><\/p>\n<p class=\" wall-content\">Si vous disposez d\u2019informations, il faut imm\u00e9diatement contacter la <b>gendarmerie de La Chapelle-sur-Erdre <\/b>au 02\u200940\u200972\u200907\u200901 ou composer le <b>17.<\/b><\/p>\n<p class=\" wall-content\">Personnalisez votre actualit\u00e9 en ajoutant vos villes et m\u00e9dias en favori avec <a href=\"https:\/\/moncompte.actu.fr\" title=\"D\u00e9couvez Mon Actu\" rel=\"nofollow noopener\" data-trk=\"{&quot;cta&quot;:{&quot;action&quot;:&quot;https:\\\/\\\/moncompte.actu.fr&quot;,&quot;category&quot;:&quot;mon compte&quot;,&quot;from&quot;:&quot;article footer&quot;,&quot;name&quot;:&quot;Mon actu&quot;,&quot;type&quot;:&quot;cta&quot;}}\" target=\"_blank\">Mon Actu<\/a>.<\/p>\n","protected":false},"excerpt":{"rendered":"Par Gwendal Le Priellec Publi\u00e9 le 1 sept. 2026 \u00e0 20h25 Un jeune homme de 19\u00a0ans est port\u00e9&hellip;\n","protected":false},"author":2,"featured_media":1163199,"comment_status":"","ping_status":"","sticky":false,"template":"","format":"standard","meta":{"footnotes":"","_share_on_mastodon":"0"},"categories":[2818],"tags":[1111,11,3676,1777,674,118,1011,27,3381,766,12,2636,25],"class_list":["post-1163198","post","type-post","status-publish","format-standard","has-post-thumbnail","category-nantes","tag-actu","tag-actualites","tag-disparition-inquietante","tag-eu","tag-europe","tag-faits-divers","tag-fr","tag-france","tag-gendarmerie","tag-nantes","tag-news","tag-pays-de-la-loire","tag-republique-francaise"],"share_on_mastodon":{"url":"https:\/\/pubeurope.com\/@fr\/117202004597919429","error":""},"_links":{"self":[{"href":"https:\/\/www.europesays.com\/fr\/wp-json\/wp\/v2\/posts\/1163198","targetHints":{"allow":["GET"]}}],"collection":[{"href":"https:\/\/www.europesays.com\/fr\/wp-json\/wp\/v2\/posts"}],"about":[{"href":"https:\/\/www.europesays.com\/fr\/wp-json\/wp\/v2\/types\/post"}],"author":[{"embeddable":true,"href":"https:\/\/www.europesays.com\/fr\/wp-json\/wp\/v2\/users\/2"}],"replies":[{"embeddable":true,"href":"https:\/\/www.europesays.com\/fr\/wp-json\/wp\/v2\/comments?post=1163198"}],"version-history":[{"count":0,"href":"https:\/\/www.europesays.com\/fr\/wp-json\/wp\/v2\/posts\/1163198\/revisions"}],"wp:featuredmedia":[{"embeddable":true,"href":"https:\/\/www.europesays.com\/fr\/wp-json\/wp\/v2\/media\/1163199"}],"wp:attachment":[{"href":"https:\/\/www.europesays.com\/fr\/wp-json\/wp\/v2\/media?parent=1163198"}],"wp:term":[{"taxonomy":"category","embeddable":true,"href":"https:\/\/www.europesays.com\/fr\/wp-json\/wp\/v2\/categories?post=1163198"},{"taxonomy":"post_tag","embeddable":true,"href":"https:\/\/www.europesays.com\/fr\/wp-json\/wp\/v2\/tags?post=1163198"}],"curies":[{"name":"wp","href":"https:\/\/api.w.org\/{rel}","templated":true}]}}