{"id":1163200,"date":"2026-09-02T14:51:03","date_gmt":"2026-09-02T14:51:03","guid":{"rendered":"https:\/\/www.europesays.com\/fr\/1163200\/"},"modified":"2026-09-02T14:51:03","modified_gmt":"2026-09-02T14:51:03","slug":"fc-nantes-un-3e-mois-de-negociation-pour-la-vente-du-club-kita-avance","status":"publish","type":"post","link":"https:\/\/www.europesays.com\/fr\/1163200\/","title":{"rendered":"FC Nantes : Un 3e mois de n\u00e9gociation pour la vente du club, Kita avance !"},"content":{"rendered":"<p>  <img decoding=\"async\" src=\"https:\/\/www.europesays.com\/fr\/wp-content\/uploads\/2026\/08\/xICONSPORT_260410_0115_640.jpg.pagespeed.ic.gmwKeAcQxN.jpg\" fetchpriority=\"high\" loading=\"eager\" width=\"640\" height=\"427\" alt=\"Waldermar KITA\"\/> <\/p>\n<p>Waldermar KITA, Cr\u00e9dit photo : Icon Sport<\/p>\n<p><a class=\"google-preferred-source\" href=\"https:\/\/google.com\/preferences\/source?q=livefoot.fr&amp;utm_source=VOTRE-DOMAINE&amp;utm_medium=article&amp;utm_campaign=preferred_source\" target=\"_blank\" rel=\"noopener nofollow\"><\/p>\n<p>Ajouter comme source pr\u00e9f\u00e9r\u00e9e sur Google<br \/>\n<\/a><\/p>\n<p><strong>Les langues se d\u00e9lient de plus en plus autour de la vente potentielle du FC Nantes. Waldemar Kita aurait d\u00e9j\u00e0 avanc\u00e9 depuis deux mois avec un fonds d\u2019investissement anglais\u2026<\/strong><\/p>\n<p>Depuis les r\u00e9v\u00e9lations du journal Ouest-France et de plusieurs int\u00e9r\u00eats concrets pour le rachat du FC Nantes, les m\u00e9dias locaux apportent tour \u00e0 tour des pr\u00e9cisions sur le sujet. On sait maintenant que les chances de voir David Beckham \u00e0 la Beaujoire sont quasiment nulles\u2026<\/p>\n<p>Int\u00e9gr\u00e9e \u00e0 un fonds d\u2019investissement, la star anglaise ne ferait plus partie des candidats au rachat. En revanche, Waldemar Kita poursuit ses discussions avec un autre acteur s\u00e9rieux, bas\u00e9 en Angleterre. Et voil\u00e0 un petit moment que les \u00e9changes ont lieu\u2026<\/p>\n<p>Depuis la fin juin<\/p>\n<p>Le journaliste Maxime Buchot, de T\u00e9l\u00e9Nantes, affirme que \u00ab des discussions entre un fonds d&rsquo;investissement britannique et le club sont engag\u00e9es depuis juin dernier. Pour les acheteurs potentiels, l&rsquo;objectif serait de monter un projet bas\u00e9 sur la formation et sur le trading \u00bb.<\/p>\n<p>Apr\u00e8s deux mois de discussions, Waldemar Kita poursuit donc vers un troisi\u00e8me mois d\u2019\u00e9changes. Connaissant l\u2019homme d\u2019affaires franco-polonais, il ne perdrait pas 8 semaines de son temps \u00e0 n\u00e9gocier avec un acteur incapable de lui offrir ce qu\u2019il souhaite.<\/p>\n<p><\/p>\n","protected":false},"excerpt":{"rendered":"Waldermar KITA, Cr\u00e9dit photo : Icon Sport Ajouter comme source pr\u00e9f\u00e9r\u00e9e sur Google Les langues se d\u00e9lient de&hellip;\n","protected":false},"author":2,"featured_media":1121513,"comment_status":"","ping_status":"","sticky":false,"template":"","format":"standard","meta":{"footnotes":"","_share_on_mastodon":"0"},"categories":[2818],"tags":[1111,11,1777,674,1011,27,766,12,2636,25],"class_list":["post-1163200","post","type-post","status-publish","format-standard","has-post-thumbnail","category-nantes","tag-actu","tag-actualites","tag-eu","tag-europe","tag-fr","tag-france","tag-nantes","tag-news","tag-pays-de-la-loire","tag-republique-francaise"],"share_on_mastodon":{"url":"https:\/\/pubeurope.com\/@fr\/117202014213906029","error":""},"_links":{"self":[{"href":"https:\/\/www.europesays.com\/fr\/wp-json\/wp\/v2\/posts\/1163200","targetHints":{"allow":["GET"]}}],"collection":[{"href":"https:\/\/www.europesays.com\/fr\/wp-json\/wp\/v2\/posts"}],"about":[{"href":"https:\/\/www.europesays.com\/fr\/wp-json\/wp\/v2\/types\/post"}],"author":[{"embeddable":true,"href":"https:\/\/www.europesays.com\/fr\/wp-json\/wp\/v2\/users\/2"}],"replies":[{"embeddable":true,"href":"https:\/\/www.europesays.com\/fr\/wp-json\/wp\/v2\/comments?post=1163200"}],"version-history":[{"count":0,"href":"https:\/\/www.europesays.com\/fr\/wp-json\/wp\/v2\/posts\/1163200\/revisions"}],"wp:featuredmedia":[{"embeddable":true,"href":"https:\/\/www.europesays.com\/fr\/wp-json\/wp\/v2\/media\/1121513"}],"wp:attachment":[{"href":"https:\/\/www.europesays.com\/fr\/wp-json\/wp\/v2\/media?parent=1163200"}],"wp:term":[{"taxonomy":"category","embeddable":true,"href":"https:\/\/www.europesays.com\/fr\/wp-json\/wp\/v2\/categories?post=1163200"},{"taxonomy":"post_tag","embeddable":true,"href":"https:\/\/www.europesays.com\/fr\/wp-json\/wp\/v2\/tags?post=1163200"}],"curies":[{"name":"wp","href":"https:\/\/api.w.org\/{rel}","templated":true}]}}