{"id":1163207,"date":"2026-09-02T14:55:26","date_gmt":"2026-09-02T14:55:26","guid":{"rendered":"https:\/\/www.europesays.com\/fr\/1163207\/"},"modified":"2026-09-02T14:55:26","modified_gmt":"2026-09-02T14:55:26","slug":"ce-qui-change-depuis-le-1er-septembre-pour-les-mineurs-delinquants-autour-de-toulouse-une-nouvelle-unite-alternative-a-la-prison-inauguree-bientot-dans-la-ville-rose","status":"publish","type":"post","link":"https:\/\/www.europesays.com\/fr\/1163207\/","title":{"rendered":"Ce qui change depuis le 1er septembre pour les mineurs d\u00e9linquants autour de Toulouse : une nouvelle unit\u00e9, alternative \u00e0 la prison, inaugur\u00e9e bient\u00f4t dans la Ville rose"},"content":{"rendered":"<p>\n                                                                    l&rsquo;essentiel<br \/>\n                                                                \u00c0 Toulouse ouvre ce mois-ci l&rsquo;une des 85 premi\u00e8res unit\u00e9s judiciaires \u00e0 priorit\u00e9 \u00e9ducative (UJPE) de France. Ce nouvel \u00e9tablissement pour mineurs d\u00e9linquants pourra prendre en charge douze jeunes de 14 \u00e0 21 ans gr\u00e2ce \u00e0 22 professionnels d\u00e9di\u00e9s pour remplacer notamment les centres \u00e9ducatifs ferm\u00e9s. Voici ce que l&rsquo;on sait.\u00a0\n                            <\/p>\n<p>Toulouse aura son UJPE, un nouvel \u00e9tablissement ferm\u00e9 pour mineurs d\u00e9linquants. Cela doit servir d&rsquo;alternative \u00e0 la prison. \u00c0 compter du 1er septembre 2026, 85 unit\u00e9s judiciaires \u00e0 priorit\u00e9 \u00e9ducative (UJPE) de la protection judiciaire de la jeunesse (PJJ) ouvrent leurs portes sur l\u2019ensemble du territoire fran\u00e7ais. La cr\u00e9ation des UJPE a \u00e9t\u00e9 annonc\u00e9e en novembre 2025 par le ministre de la Justice G\u00e9rald Darmanin, afin de transformer \u00ab\u00a0en profondeur le mod\u00e8le de prise en charge\u00a0\u00bb des mineurs d\u00e9linquants condamn\u00e9s.<\/p>\n<p class=\"std-elt__inline\">\n        <strong>\u00c0 lire aussi :<\/strong><br \/>\n        <a href=\"https:\/\/www.ladepeche.fr\/2025\/02\/13\/justice-des-mineurs-lassemblee-nationale-adopte-le-texte-de-gabriel-attal-contre-les-mineurs-delinquants-et-leurs-parents-12510322.php\" rel=\"nofollow noopener\" target=\"_blank\">Justice des mineurs\u00a0: l\u2019Assembl\u00e9e nationale adopte le texte de Gabriel Attal contre \u00ab\u00a0les mineurs d\u00e9linquants et leurs parents\u00a0\u00bb<\/a>\n    <\/p>\n<p>Ces \u00e9tablissements ont vocation \u00e0 remplacer les centres \u00e9ducatifs ferm\u00e9s (CEF) et les unit\u00e9s \u00e9ducatives d\u2019h\u00e9bergement collectif (UEHC) ; \u00ab\u00a0ces deux mod\u00e8les ne correspondaient plus suffisamment \u00e0 la r\u00e9alit\u00e9\u00a0\u00bb, pr\u00e9cise la Chancellerie.<\/p>\n<p>Trois priorit\u00e9s : \u00e9ducation, sant\u00e9 et s\u00e9curit\u00e9<\/p>\n<p>Les UJPE \u00ab\u00a0proposent un accompagnement \u00e9ducatif intensif, structur\u00e9 et individualis\u00e9\u00a0\u00bb. L\u2019objectif : \u00ab\u00a0favoriser l\u2019engagement du jeune dans son parcours judiciaire, de construire un projet d\u2019insertion et de pr\u00e9venir la r\u00e9it\u00e9ration des infractions\u00a0\u00bb, explique le minist\u00e8re de la Justice. Chacun d&rsquo;entre eux disposera \u00ab\u00a0d\u2019un emploi du temps individuel hebdomadaire adapt\u00e9 \u00e0 ses besoins, d\u00e9fini \u00e0 partir d\u2019une \u00e9valuation et de ses comp\u00e9tences, notamment scolaires\u00a0\u00bb.<\/p>\n<p class=\"std-elt__inline\">\n        <strong>\u00c0 lire aussi :<\/strong><br \/>\n        <a href=\"https:\/\/www.ladepeche.fr\/2025\/09\/18\/il-ne-faut-pas-oublier-que-nous-sommes-des-etres-humains-aussi-un-centre-pour-delinquants-mineurs-ouvre-ses-portes-dans-les-pyrenees-12937994.php\" rel=\"nofollow noopener\" target=\"_blank\">\u00ab\u00a0Il ne faut pas oublier que nous sommes des \u00eatres humains aussi\u00a0\u00bb\u00a0: un centre pour d\u00e9linquants mineurs ouvre ses portes dans les Pyr\u00e9n\u00e9es<\/a>\n    <\/p>\n<p>L&rsquo;\u00e9tablissement toulousain existait d\u00e9j\u00e0 sous une autre forme<\/p>\n<p>L\u2019UJPE de Toulouse sera bien inaugur\u00e9e fin septembre, pr\u00e9cise le minist\u00e8re \u00e0 La D\u00e9p\u00eache, \u00ab\u00a0il s\u2019agit de la transformation de l\u2019UEHC de Toulouse \u2013 laquelle a \u00e9t\u00e9 totalement r\u00e9nov\u00e9e en 2024\u00a0\u00bb. L\u2019UJPE de Toulouse (ex-unit\u00e9 \u00e9ducative d\u2019h\u00e9bergement collectif La Cale) pourra accueillir 12 jeunes (filles et gar\u00e7ons) \u00e2g\u00e9s de 14 \u00e0 21 ans. \u00ab\u00a0Cet \u00e9tablissement compte une \u00e9quipe pluridisciplinaire de 22 professionnels, dont un professeur technique et un infirmier\u00a0\u00bb. La grande majorit\u00e9 des mineurs plac\u00e9s \u00ab\u00a0devraient \u00eatre issus des cinq cours d\u2019appel couvrant l\u2019Occitanie\u00a0\u00bb. \u00c0 terme en France, 123 unit\u00e9s judiciaires \u00e0 priorit\u00e9 \u00e9ducative seront ainsi d\u00e9ploy\u00e9es d\u2019ici 2028.<\/p>\n","protected":false},"excerpt":{"rendered":"l&rsquo;essentiel \u00c0 Toulouse ouvre ce mois-ci l&rsquo;une des 85 premi\u00e8res unit\u00e9s judiciaires \u00e0 priorit\u00e9 \u00e9ducative (UJPE) de France.&hellip;\n","protected":false},"author":2,"featured_media":1163208,"comment_status":"","ping_status":"","sticky":false,"template":"","format":"standard","meta":{"footnotes":"","_share_on_mastodon":"0"},"categories":[2816],"tags":[1111,11,1777,674,1011,27,2722,12,2680,25,656,104,2312],"class_list":["post-1163207","post","type-post","status-publish","format-standard","has-post-thumbnail","category-toulouse","tag-actu","tag-actualites","tag-eu","tag-europe","tag-fr","tag-france","tag-haute-garonne","tag-news","tag-occitanie","tag-republique-francaise","tag-securite","tag-societe","tag-toulouse"],"share_on_mastodon":{"url":"https:\/\/pubeurope.com\/@fr\/117202028249068488","error":""},"_links":{"self":[{"href":"https:\/\/www.europesays.com\/fr\/wp-json\/wp\/v2\/posts\/1163207","targetHints":{"allow":["GET"]}}],"collection":[{"href":"https:\/\/www.europesays.com\/fr\/wp-json\/wp\/v2\/posts"}],"about":[{"href":"https:\/\/www.europesays.com\/fr\/wp-json\/wp\/v2\/types\/post"}],"author":[{"embeddable":true,"href":"https:\/\/www.europesays.com\/fr\/wp-json\/wp\/v2\/users\/2"}],"replies":[{"embeddable":true,"href":"https:\/\/www.europesays.com\/fr\/wp-json\/wp\/v2\/comments?post=1163207"}],"version-history":[{"count":0,"href":"https:\/\/www.europesays.com\/fr\/wp-json\/wp\/v2\/posts\/1163207\/revisions"}],"wp:featuredmedia":[{"embeddable":true,"href":"https:\/\/www.europesays.com\/fr\/wp-json\/wp\/v2\/media\/1163208"}],"wp:attachment":[{"href":"https:\/\/www.europesays.com\/fr\/wp-json\/wp\/v2\/media?parent=1163207"}],"wp:term":[{"taxonomy":"category","embeddable":true,"href":"https:\/\/www.europesays.com\/fr\/wp-json\/wp\/v2\/categories?post=1163207"},{"taxonomy":"post_tag","embeddable":true,"href":"https:\/\/www.europesays.com\/fr\/wp-json\/wp\/v2\/tags?post=1163207"}],"curies":[{"name":"wp","href":"https:\/\/api.w.org\/{rel}","templated":true}]}}