{"id":1163213,"date":"2026-09-02T14:59:36","date_gmt":"2026-09-02T14:59:36","guid":{"rendered":"https:\/\/www.europesays.com\/fr\/1163213\/"},"modified":"2026-09-02T14:59:36","modified_gmt":"2026-09-02T14:59:36","slug":"sa-remorque-qui-transportait-un-bateau-se-detache-et-tombe-dans-un-ravin-sur-la50-a-marseille","status":"publish","type":"post","link":"https:\/\/www.europesays.com\/fr\/1163213\/","title":{"rendered":"Sa remorque, qui transportait un bateau, se d\u00e9tache et tombe dans un ravin sur l&rsquo;A50 \u00e0 Marseille"},"content":{"rendered":"<p>Le week-end pass\u00e9 sur <a href=\"https:\/\/www.laprovence.com\/article\/region\/1994107259596314\/voiture-avec-des-bonbonnes-de-gaz-a-marseille-autoroute-fermee-bouchons-demineurs-sur-place-ce-que-lon-sait\" target=\"_self\" rel=\"nofollow noopener\">l&rsquo;autoroute A50<\/a>, dans le secteur de Marseille et \u00e0 quelques encablures de la sortie \u00ab\u00a0La Pomme\u00a0\u00bb, une remorque, transportant un semi-rigide, s&rsquo;est d\u00e9tach\u00e9e de l&rsquo;arri\u00e8re d&rsquo;un v\u00e9hicule.<\/p>\n<p>Le bateau et son support, explique la Direction interd\u00e9partementale des routes de M\u00e9diterran\u00e9e (Dirmed) confirmant <a href=\"https:\/\/actu.fr\/provence-alpes-cote-d-azur\/marseille_13055\/ils-le-pensaient-vole-leur-bateau-se-decroche-sur-l-autoroute-a50-et-finit-dans-un-ravin-a-marseille_64731132.html\" target=\"_blank\" rel=\"nofollow noopener\">une information d&rsquo;Actu Marseille<\/a>, sont tomb\u00e9s dans un ravin en passant par-dessus les barri\u00e8res de s\u00e9curit\u00e9.<\/p>\n<p>Ce qui a provoqu\u00e9 l&rsquo;intervention d&rsquo;une d\u00e9panneuse ce mardi 1er septembre, pr\u00e9cise <a href=\"https:\/\/www.laprovence.com\/auteurs\/3e4pagr64-direction-interdepartementale-des-routes-mediterranee-dirmed\" target=\"_self\" rel=\"nofollow noopener\">la Dirmed<\/a>, et une mini-coupure de l&rsquo;autoroute. \u00ab\u00a0Trois \u00e0 quatre minutes pas plus. Le temps que la d\u00e9panneuse puisse man\u0153uvrer\u00a0\u00bb et de placer en position ad\u00e9quate pour remonter le bateau et la remorque. Les CRS ont ainsi emp\u00each\u00e9 les v\u00e9hicules de circuler dans ce secteur pendant ce court laps de temps.<\/p>\n<p>Les propri\u00e9taires pensaient que le semi-rigide avait \u00e9t\u00e9 vol\u00e9, raconte Actu Marseille. Ce sont les patrouilleurs de la Dirmed qui ont localis\u00e9 le bateau et permis sa remont\u00e9e.<\/p>\n","protected":false},"excerpt":{"rendered":"Le week-end pass\u00e9 sur l&rsquo;autoroute A50, dans le secteur de Marseille et \u00e0 quelques encablures de la sortie&hellip;\n","protected":false},"author":2,"featured_media":1163214,"comment_status":"","ping_status":"","sticky":false,"template":"","format":"standard","meta":{"footnotes":"","_share_on_mastodon":"0"},"categories":[2814],"tags":[5734,1111,11,5160,1446,119716,1777,674,1011,27,884,12,882,3583,16,28978,25,11270,16186],"class_list":["post-1163213","post","type-post","status-publish","format-standard","has-post-thumbnail","category-marseille","tag-5734","tag-actu","tag-actualites","tag-bateau","tag-dans","tag-detache","tag-eu","tag-europe","tag-fr","tag-france","tag-marseille","tag-news","tag-provence-alpes-cote-dazur","tag-qui","tag-region","tag-remorque","tag-republique-francaise","tag-tombe","tag-transportait"],"share_on_mastodon":{"url":"https:\/\/pubeurope.com\/@fr\/117202043719719296","error":""},"_links":{"self":[{"href":"https:\/\/www.europesays.com\/fr\/wp-json\/wp\/v2\/posts\/1163213","targetHints":{"allow":["GET"]}}],"collection":[{"href":"https:\/\/www.europesays.com\/fr\/wp-json\/wp\/v2\/posts"}],"about":[{"href":"https:\/\/www.europesays.com\/fr\/wp-json\/wp\/v2\/types\/post"}],"author":[{"embeddable":true,"href":"https:\/\/www.europesays.com\/fr\/wp-json\/wp\/v2\/users\/2"}],"replies":[{"embeddable":true,"href":"https:\/\/www.europesays.com\/fr\/wp-json\/wp\/v2\/comments?post=1163213"}],"version-history":[{"count":0,"href":"https:\/\/www.europesays.com\/fr\/wp-json\/wp\/v2\/posts\/1163213\/revisions"}],"wp:featuredmedia":[{"embeddable":true,"href":"https:\/\/www.europesays.com\/fr\/wp-json\/wp\/v2\/media\/1163214"}],"wp:attachment":[{"href":"https:\/\/www.europesays.com\/fr\/wp-json\/wp\/v2\/media?parent=1163213"}],"wp:term":[{"taxonomy":"category","embeddable":true,"href":"https:\/\/www.europesays.com\/fr\/wp-json\/wp\/v2\/categories?post=1163213"},{"taxonomy":"post_tag","embeddable":true,"href":"https:\/\/www.europesays.com\/fr\/wp-json\/wp\/v2\/tags?post=1163213"}],"curies":[{"name":"wp","href":"https:\/\/api.w.org\/{rel}","templated":true}]}}