{"id":1163219,"date":"2026-09-02T15:03:17","date_gmt":"2026-09-02T15:03:17","guid":{"rendered":"https:\/\/www.europesays.com\/fr\/1163219\/"},"modified":"2026-09-02T15:03:17","modified_gmt":"2026-09-02T15:03:17","slug":"lyon-tumeurs-gestationnelles-une-journee-dinformation-a-lyon-sud-ce-jeudi","status":"publish","type":"post","link":"https:\/\/www.europesays.com\/fr\/1163219\/","title":{"rendered":"Lyon. Tumeurs gestationnelles\u00a0: une journ\u00e9e d\u2019information \u00e0 Lyon sud ce jeudi"},"content":{"rendered":"<p>Les maladies trophoblastiques gestationnelles regroupent un ensemble de pathologies li\u00e9es \u00e0 une anomalie du d\u00e9veloppement du tissu placentaire au cours de la grossesse. Bien que rares, elles peuvent avoir un impact important sur la vie des patientes, tant sur le plan m\u00e9dical que psychologique. \u00ab\u00a0Leur diagnostic pr\u00e9coce et leur prise en charge dans des centres experts sont essentiels pour garantir un suivi adapt\u00e9 et optimiser les chances de gu\u00e9rison. Longtemps m\u00e9connues, ces maladies font aujourd\u2019hui l\u2019objet d\u2019une mobilisation croissante\u00a0\u00bb, soulignent les Hospices civils de Lyon dans un communiqu\u00e9.<\/p>\n<p>\u00c0 l\u2019occasion de la 2e \u00e9dition de la Journ\u00e9e mondiale des maladies trophoblastiques gestationnelles, <a href=\"https:\/\/www.leprogres.fr\/sante\/2024\/09\/14\/hcl-des-medecins-revolutionnent-le-traitement-d-un-cancer-de-la-grossesse\" target=\"_blank\" rel=\"nofollow noopener\">le centre de r\u00e9f\u00e9rence des HCL<\/a> organise, le jeudi 3\u00a0septembre plusieurs temps forts, \u00e0 l\u2019h\u00f4pital Lyon sud, 165 Chemin du Petit Revoyet, Oullins Pierre B\u00e9nite.<\/p>\n<p>De 11\u00a0h \u00e0 12\u00a0h\u00a0: initiation au yoga \u00e0 la salle de pr\u00e9paration \u00e0 l\u2019accouchement, proche du self. <a href=\"https:\/\/docs.google.com\/forms\/d\/e\/1FAIpQLSeW23zcXWLM-dFPM8m8wQ7CBW7ywwj5yt2DsfH817SlSG833A\/viewform\" target=\"_blank\" rel=\"nofollow noopener\">Sur inscription<\/a>. De 12\u00a0h \u00e0 14\u00a0h\u00a0: stand interactif sur le parvis du b\u00e2timent 3B de gyn\u00e9cologie obst\u00e9trique\u00a0: d\u00e9couverte des maladies trophoblastiques autour d\u2019un caf\u00e9, quiz et goodies. <br \/>A 14\u00a0heures : ruban humain et photo a\u00e9rienne, sur le parvis du b\u00e2timent 3B.<\/p>\n","protected":false},"excerpt":{"rendered":"Les maladies trophoblastiques gestationnelles regroupent un ensemble de pathologies li\u00e9es \u00e0 une anomalie du d\u00e9veloppement du tissu placentaire&hellip;\n","protected":false},"author":2,"featured_media":1163220,"comment_status":"","ping_status":"","sticky":false,"template":"","format":"standard","meta":{"footnotes":"","_share_on_mastodon":"0"},"categories":[1889],"tags":[1111,11,2430,2757,1777,674,1011,27,2428,2756,12,25,2429,71],"class_list":["post-1163219","post","type-post","status-publish","format-standard","has-post-thumbnail","category-lyon","tag-actu","tag-actualites","tag-auvergne-rhone-alpes","tag-edition-lyon-villeurbanne","tag-eu","tag-europe","tag-fr","tag-france","tag-lyon","tag-lyon-bassin","tag-news","tag-republique-francaise","tag-rhone","tag-sante"],"share_on_mastodon":{"url":"https:\/\/pubeurope.com\/@fr\/117202059843097700","error":""},"_links":{"self":[{"href":"https:\/\/www.europesays.com\/fr\/wp-json\/wp\/v2\/posts\/1163219","targetHints":{"allow":["GET"]}}],"collection":[{"href":"https:\/\/www.europesays.com\/fr\/wp-json\/wp\/v2\/posts"}],"about":[{"href":"https:\/\/www.europesays.com\/fr\/wp-json\/wp\/v2\/types\/post"}],"author":[{"embeddable":true,"href":"https:\/\/www.europesays.com\/fr\/wp-json\/wp\/v2\/users\/2"}],"replies":[{"embeddable":true,"href":"https:\/\/www.europesays.com\/fr\/wp-json\/wp\/v2\/comments?post=1163219"}],"version-history":[{"count":0,"href":"https:\/\/www.europesays.com\/fr\/wp-json\/wp\/v2\/posts\/1163219\/revisions"}],"wp:featuredmedia":[{"embeddable":true,"href":"https:\/\/www.europesays.com\/fr\/wp-json\/wp\/v2\/media\/1163220"}],"wp:attachment":[{"href":"https:\/\/www.europesays.com\/fr\/wp-json\/wp\/v2\/media?parent=1163219"}],"wp:term":[{"taxonomy":"category","embeddable":true,"href":"https:\/\/www.europesays.com\/fr\/wp-json\/wp\/v2\/categories?post=1163219"},{"taxonomy":"post_tag","embeddable":true,"href":"https:\/\/www.europesays.com\/fr\/wp-json\/wp\/v2\/tags?post=1163219"}],"curies":[{"name":"wp","href":"https:\/\/api.w.org\/{rel}","templated":true}]}}