{"id":1163260,"date":"2026-09-02T15:30:12","date_gmt":"2026-09-02T15:30:12","guid":{"rendered":"https:\/\/www.europesays.com\/fr\/1163260\/"},"modified":"2026-09-02T15:30:12","modified_gmt":"2026-09-02T15:30:12","slug":"patrick-bruel-peut-il-esperer-des-assurances-quelles-prennent-en-charge-sa-tournee-annulee","status":"publish","type":"post","link":"https:\/\/www.europesays.com\/fr\/1163260\/","title":{"rendered":"Patrick Bruel peut-il esp\u00e9rer des assurances qu\u2019elles prennent en charge sa tourn\u00e9e annul\u00e9e\u00a0?"},"content":{"rendered":"<p>Les co\u00fbts de la <a href=\"https:\/\/www.20minutes.fr\/arts-stars\/culture\/4242229-20260901-patrick-bruel-mis-examen-affaires-violences-sexuelles-annonce-annulation-tournee\" class=\"c-link c-link--is-underlined\" rel=\"nofollow noopener\" target=\"_blank\">tourn\u00e9e annul\u00e9e mardi par Patrick Bruel<\/a>, accus\u00e9 de <a href=\"https:\/\/www.20minutes.fr\/societe\/violences-sexuelles-sexistes\/\" class=\"c-link c-link--is-underlined\" rel=\"nofollow noopener\" target=\"_blank\">violences sexuelles<\/a> par des dizaines de femmes, devront \u00eatre support\u00e9s par le chanteur, qui est aussi producteur de ses concerts.<\/p>\n<p>Tous <a href=\"http:\/\/20minutes.fr\/arts-stars\/culture\/4242291-20260902-patrick-bruel-billets-rembourses-apres-annulation-tournee\" target=\"_blank\" class=\"c-link c-link--is-underlined\" rel=\"nofollow noopener\">les billets achet\u00e9s<\/a> pour les concerts de Patrick Bruel seront \u00ab\u00a0naturellement rembours\u00e9s\u00a0\u00bb, a assur\u00e9 Fanny Colin, l\u2019avocate de l\u2019artiste, mercredi sur LCI. En r\u00e8gle g\u00e9n\u00e9rale, l\u2019argent des ventes est bloqu\u00e9 par les r\u00e9seaux de billetteries, qui effectuent le remboursement des d\u00e9tenteurs de billets en cas d\u2019annulation.<\/p>\n<p>Un cas particulier<\/p>\n<p>G\u00e9n\u00e9ralement, les organisateurs d\u2019\u00e9v\u00e9nements ou soci\u00e9t\u00e9s de production prennent des assurances pour \u00eatre rembours\u00e9s des frais irr\u00e9cup\u00e9rables en cas d\u2019annulation. Ces contrats prot\u00e8gent \u00ab\u00a0dans certains cas d\u2019annulation qui sont totalement ind\u00e9pendants de la volont\u00e9 de l\u2019organisateur\u00a0\u00bb comme les attentats ou intemp\u00e9ries, illustre Eric Andula, directeur Sports &amp; \u00c9v\u00e9nements chez WTW en France.<\/p>\n<p>Dans certains cas, l\u2019indisponibilit\u00e9 de l\u2019artiste, pour cause d\u2019accident ou de maladie notamment, est \u00e9galement couverte. Mais pour un artiste qui se d\u00e9programme lui-m\u00eame, \u00ab\u00a0il n\u2019y a pas d\u2019assurance qui rentre en ligne de compte \u00e0 ma connaissance\u00a0\u00bb, pr\u00e9cise Laurent Cellot, directeur du p\u00f4le affinitaire, professions et risques sp\u00e9ciaux de Marsh France.<\/p>\n<p>\u00ab\u00a0Pas loin d\u2019un million\u00a0\u00bb d\u2019euros<\/p>\n<p>Damien Nougar\u00e8de, producteur notamment de Chantal Goya et Gilbert Montagn\u00e9, ajoute que Patrick Bruel risque de devoir payer \u00ab\u00a0au mieux 50\u00a0% de la location et au pire la location de la salle en entier\u00a0\u00bb, selon les contrats.<\/p>\n<p>A cela s\u2019ajoutent d\u2019importants co\u00fbts techniques et humains\u00a0: musiciens, techniciens, mat\u00e9riel son et lumi\u00e8re, h\u00f4tels, tour bus ou encore le service de restauration d\u00e9di\u00e9 aux \u00e9quipes. A environ un mois des premiers spectacles, tout ne sera pas remboursable. \u00ab\u00a0Je ne pense pas que \u00e7a va lui co\u00fbter des millions, mais pas loin d\u2019un million\u00a0\u00bb d\u2019euros au global, estime ce producteur.<\/p>\n","protected":false},"excerpt":{"rendered":"Les co\u00fbts de la tourn\u00e9e annul\u00e9e mardi par Patrick Bruel, accus\u00e9 de violences sexuelles par des dizaines de&hellip;\n","protected":false},"author":2,"featured_media":1163261,"comment_status":"","ping_status":"","sticky":false,"template":"","format":"standard","meta":{"footnotes":"","_share_on_mastodon":"0"},"categories":[1359],"tags":[47,1697,251,58,59,1011,27,5473,973,104,797,799],"class_list":["post-1163260","post","type-post","status-publish","format-standard","has-post-thumbnail","category-people","tag-actualite","tag-concert","tag-culture","tag-divertissement","tag-entertainment","tag-fr","tag-france","tag-patrick-bruel","tag-people","tag-societe","tag-violences-faites-aux-femmes","tag-violences-sexuelles"],"share_on_mastodon":{"url":"https:\/\/pubeurope.com\/@fr\/117202166371820930","error":""},"_links":{"self":[{"href":"https:\/\/www.europesays.com\/fr\/wp-json\/wp\/v2\/posts\/1163260","targetHints":{"allow":["GET"]}}],"collection":[{"href":"https:\/\/www.europesays.com\/fr\/wp-json\/wp\/v2\/posts"}],"about":[{"href":"https:\/\/www.europesays.com\/fr\/wp-json\/wp\/v2\/types\/post"}],"author":[{"embeddable":true,"href":"https:\/\/www.europesays.com\/fr\/wp-json\/wp\/v2\/users\/2"}],"replies":[{"embeddable":true,"href":"https:\/\/www.europesays.com\/fr\/wp-json\/wp\/v2\/comments?post=1163260"}],"version-history":[{"count":0,"href":"https:\/\/www.europesays.com\/fr\/wp-json\/wp\/v2\/posts\/1163260\/revisions"}],"wp:featuredmedia":[{"embeddable":true,"href":"https:\/\/www.europesays.com\/fr\/wp-json\/wp\/v2\/media\/1163261"}],"wp:attachment":[{"href":"https:\/\/www.europesays.com\/fr\/wp-json\/wp\/v2\/media?parent=1163260"}],"wp:term":[{"taxonomy":"category","embeddable":true,"href":"https:\/\/www.europesays.com\/fr\/wp-json\/wp\/v2\/categories?post=1163260"},{"taxonomy":"post_tag","embeddable":true,"href":"https:\/\/www.europesays.com\/fr\/wp-json\/wp\/v2\/tags?post=1163260"}],"curies":[{"name":"wp","href":"https:\/\/api.w.org\/{rel}","templated":true}]}}