{"id":116328,"date":"2025-05-21T07:46:09","date_gmt":"2025-05-21T07:46:09","guid":{"rendered":"https:\/\/www.europesays.com\/fr\/116328\/"},"modified":"2025-05-21T07:46:09","modified_gmt":"2025-05-21T07:46:09","slug":"volley-ball-quatrieme-place-historique-pour-le-gazelec-beziers-maraussan","status":"publish","type":"post","link":"https:\/\/www.europesays.com\/fr\/116328\/","title":{"rendered":"Volley-ball\u00a0: quatri\u00e8me place historique pour le Gazelec B\u00e9ziers Maraussan"},"content":{"rendered":"<p>\n                                                                Les jeunes espoirs du Gazelec B\u00e9ziers Maraussan\u00a0ont termin\u00e9 la saison au pied du podium de leur poule r\u00e9gionale.\n                            <\/p>\n<p>Cette saison 2024-2025, les M18 du\u00a0Gazelec B\u00e9ziers Maraussan Volley Ball ne sont pas pr\u00e8s de l\u2019oublier. Port\u00e9s par un parcours de grande qualit\u00e9, symbolis\u00e9s par une belle \u00e9pop\u00e9e au Challenge Coupe de France et une derni\u00e8re victoire (22-25, 16-25, 23-25) au pied des C\u00e9vennes face \u00e0 Al\u00e8s le week-end dernier, Cl\u00e9ment Jammes et ses co\u00e9quipiers ont termin\u00e9 la saison en quatri\u00e8me position de leur poule r\u00e9gionale. Un r\u00e9sultat encore jamais atteint dans l\u2019histoire du club. \u00ab\u00a0Cette victoire \u00e0 Al\u00e8s nous assure la quatri\u00e8me place du championnat Occitanie. C\u2019est m\u00e9rit\u00e9 pour ce groupe, qui a su faire preuve de volont\u00e9 et de sacrifices malgr\u00e9 un effectif r\u00e9duit, se satisfait le coach\u00a0Boumediene Boulbalout. Merci aux joueurs, aux parents toujours pr\u00e9sents ainsi qu\u2019\u00e0 toutes les personnes qui ont cru en nous et nous ont accompagn\u00e9s toute la saison.\u00a0\u00bb<\/p>\n<p>Des chiffres prometteurs<\/p>\n<p>Et cette dynamique positive semble bien partie pour perdurer. Avec plus de 130 licenci\u00e9s cette saison, dont pr\u00e8s d\u2019une centaine \u00e9volue dans les cat\u00e9gories de jeunes, le GBMVB s\u2019est impos\u00e9 ces derniers mois comme l\u2019un des clubs montants en Occitanie. Un statut \u00e0 confirmer d\u00e8s la saison prochaine.<\/p>\n","protected":false},"excerpt":{"rendered":"Les jeunes espoirs du Gazelec B\u00e9ziers Maraussan\u00a0ont termin\u00e9 la saison au pied du podium de leur poule r\u00e9gionale.&hellip;\n","protected":false},"author":2,"featured_media":116329,"comment_status":"","ping_status":"","sticky":false,"template":"","format":"standard","meta":{"footnotes":""},"categories":[1417],"tags":[1011,27,60,1470,1469],"class_list":{"0":"post-116328","1":"post","2":"type-post","3":"status-publish","4":"format-standard","5":"has-post-thumbnail","7":"category-volley","8":"tag-fr","9":"tag-france","10":"tag-sports","11":"tag-volley","12":"tag-volleyball"},"share_on_mastodon":{"url":"https:\/\/pubeurope.com\/@fr\/114544717537524967","error":""},"_links":{"self":[{"href":"https:\/\/www.europesays.com\/fr\/wp-json\/wp\/v2\/posts\/116328","targetHints":{"allow":["GET"]}}],"collection":[{"href":"https:\/\/www.europesays.com\/fr\/wp-json\/wp\/v2\/posts"}],"about":[{"href":"https:\/\/www.europesays.com\/fr\/wp-json\/wp\/v2\/types\/post"}],"author":[{"embeddable":true,"href":"https:\/\/www.europesays.com\/fr\/wp-json\/wp\/v2\/users\/2"}],"replies":[{"embeddable":true,"href":"https:\/\/www.europesays.com\/fr\/wp-json\/wp\/v2\/comments?post=116328"}],"version-history":[{"count":0,"href":"https:\/\/www.europesays.com\/fr\/wp-json\/wp\/v2\/posts\/116328\/revisions"}],"wp:featuredmedia":[{"embeddable":true,"href":"https:\/\/www.europesays.com\/fr\/wp-json\/wp\/v2\/media\/116329"}],"wp:attachment":[{"href":"https:\/\/www.europesays.com\/fr\/wp-json\/wp\/v2\/media?parent=116328"}],"wp:term":[{"taxonomy":"category","embeddable":true,"href":"https:\/\/www.europesays.com\/fr\/wp-json\/wp\/v2\/categories?post=116328"},{"taxonomy":"post_tag","embeddable":true,"href":"https:\/\/www.europesays.com\/fr\/wp-json\/wp\/v2\/tags?post=116328"}],"curies":[{"name":"wp","href":"https:\/\/api.w.org\/{rel}","templated":true}]}}