{"id":1163285,"date":"2026-09-02T15:45:15","date_gmt":"2026-09-02T15:45:15","guid":{"rendered":"https:\/\/www.europesays.com\/fr\/1163285\/"},"modified":"2026-09-02T15:45:15","modified_gmt":"2026-09-02T15:45:15","slug":"saint-etienne-a-chateaucreux-la-pizzeria-lagora-a-ferme-definitivement-ses-portes-dix-ans-apres-son-ouverture","status":"publish","type":"post","link":"https:\/\/www.europesays.com\/fr\/1163285\/","title":{"rendered":"Saint-\u00c9tienne. \u00c0 Ch\u00e2teaucreux, la pizzeria L\u2019Agora a ferm\u00e9 d\u00e9finitivement ses portes, dix ans apr\u00e8s son ouverture"},"content":{"rendered":"<p>Clap de fin pour le restaurant italien L\u2019Agora. Situ\u00e9 dans le quartier de Ch\u00e2teaucreux, l\u2019\u00e9tablissement attirait notamment de nombreux salari\u00e9s et cadres du secteur, qui repr\u00e9sentaient une part importante de sa client\u00e8le, en particulier \u00e0 l\u2019heure du d\u00e9jeuner.<\/p>\n<p>Ouvert en 2016 au 20, esplanade de France, face au si\u00e8ge du groupe Casino, le restaurant tenu par Maurizio Diana, aura donc v\u00e9cu une dizaine d\u2019ann\u00e9es dans le quartier d\u2019affaires st\u00e9phanois. Dans un communiqu\u00e9 publi\u00e9 sur les r\u00e9seaux sociaux de l\u2019\u00e9tablissement, l\u2019\u00e9quipe \u00e9voque une \u00ab\u00a0baisse significative de l\u2019activit\u00e9\u00a0\u00bb ainsi que des charges devenues de plus en plus lourdes.<\/p>\n<p>  \u00ab\u00a0Plusieurs fermetures \u00ab\u00a0majeures\u00a0\u00bb dans le secteur \u00bb<\/p>\n<p>L\u2019Agora pointe \u00e9galement <a href=\"https:\/\/www.leprogres.fr\/economie\/2025\/07\/14\/suite-aux-fermetures-comment-se-portent-les-restaurateurs-de-chateaucreux\" target=\"_blank\" rel=\"nofollow noopener\"> les transformations r\u00e9centes de Ch\u00e2teaucreux<\/a> et plusieurs fermetures \u00ab\u00a0majeures\u00a0\u00bb dans le secteur. Une situation d\u00e9j\u00e0 perceptible en 2025\u00a0: plusieurs restaurateurs du quartier faisaient alors \u00e9tat d\u2019une nette diminution de la fr\u00e9quentation, particuli\u00e8rement le midi. L\u2019un d\u2019eux indiquait \u00eatre pass\u00e9 d\u2019une centaine de couverts en 2018 \u00e0 environ 50 \u00e0 partir de 2024.<\/p>\n<p>La restructuration de Casino a \u00e9galement boulevers\u00e9 le secteur. Le plan social du groupe pr\u00e9voyait 2\u00a0200 suppressions de postes au total, tandis qu\u2019environ un millier de salari\u00e9s \u00e9taient encore pr\u00e9sents au si\u00e8ge de Ch\u00e2teaucreux au printemps 2025. \u00ab\u00a0Apr\u00e8s de belles ann\u00e9es \u00e0 vos c\u00f4t\u00e9s, une page de l\u2019histoire de L\u2019Agora se tourne\u00a0\u00bb, \u00e9crit finalement l\u2019\u00e9quipe, qui remercie ses clients fid\u00e8les tout en laissant entrevoir, peut-\u00eatre, \u00ab\u00a0une nouvelle aventure\u00a0\u00bb.<\/p>\n","protected":false},"excerpt":{"rendered":"Clap de fin pour le restaurant italien L\u2019Agora. Situ\u00e9 dans le quartier de Ch\u00e2teaucreux, l\u2019\u00e9tablissement attirait notamment de&hellip;\n","protected":false},"author":2,"featured_media":1163286,"comment_status":"","ping_status":"","sticky":false,"template":"","format":"standard","meta":{"footnotes":"","_share_on_mastodon":"0"},"categories":[9653],"tags":[1111,11,2430,4406,130,33,7539,1777,674,1011,27,12,25,4001,7538],"class_list":["post-1163285","post","type-post","status-publish","format-standard","has-post-thumbnail","category-saint-etienne","tag-actu","tag-actualites","tag-auvergne-rhone-alpes","tag-commerce-et-services","tag-consommation","tag-economie","tag-edition-loire-sud","tag-eu","tag-europe","tag-fr","tag-france","tag-news","tag-republique-francaise","tag-saint-etienne","tag-saint-etienne-ville"],"share_on_mastodon":{"url":"https:\/\/pubeurope.com\/@fr\/117202224733298369","error":""},"_links":{"self":[{"href":"https:\/\/www.europesays.com\/fr\/wp-json\/wp\/v2\/posts\/1163285","targetHints":{"allow":["GET"]}}],"collection":[{"href":"https:\/\/www.europesays.com\/fr\/wp-json\/wp\/v2\/posts"}],"about":[{"href":"https:\/\/www.europesays.com\/fr\/wp-json\/wp\/v2\/types\/post"}],"author":[{"embeddable":true,"href":"https:\/\/www.europesays.com\/fr\/wp-json\/wp\/v2\/users\/2"}],"replies":[{"embeddable":true,"href":"https:\/\/www.europesays.com\/fr\/wp-json\/wp\/v2\/comments?post=1163285"}],"version-history":[{"count":0,"href":"https:\/\/www.europesays.com\/fr\/wp-json\/wp\/v2\/posts\/1163285\/revisions"}],"wp:featuredmedia":[{"embeddable":true,"href":"https:\/\/www.europesays.com\/fr\/wp-json\/wp\/v2\/media\/1163286"}],"wp:attachment":[{"href":"https:\/\/www.europesays.com\/fr\/wp-json\/wp\/v2\/media?parent=1163285"}],"wp:term":[{"taxonomy":"category","embeddable":true,"href":"https:\/\/www.europesays.com\/fr\/wp-json\/wp\/v2\/categories?post=1163285"},{"taxonomy":"post_tag","embeddable":true,"href":"https:\/\/www.europesays.com\/fr\/wp-json\/wp\/v2\/tags?post=1163285"}],"curies":[{"name":"wp","href":"https:\/\/api.w.org\/{rel}","templated":true}]}}