{"id":1163287,"date":"2026-09-02T15:46:16","date_gmt":"2026-09-02T15:46:16","guid":{"rendered":"https:\/\/www.europesays.com\/fr\/1163287\/"},"modified":"2026-09-02T15:46:16","modified_gmt":"2026-09-02T15:46:16","slug":"saint-etienne-il-tire-en-lair-depuis-les-marches-de-lhotel-de-ville","status":"publish","type":"post","link":"https:\/\/www.europesays.com\/fr\/1163287\/","title":{"rendered":"Saint-Etienne : il tire en l&rsquo;air depuis les marches de l&rsquo;H\u00f4tel-de-Ville"},"content":{"rendered":"\n<p>Belle frayeur pour les passants ce midi \u00e0 Saint-\u00c9tienne, quand un homme s&rsquo;est mis \u00e0 tirer en l&rsquo;air alors qu&rsquo;il \u00e9tait sur les marches de l&rsquo;H\u00f4tel-de-Ville. L&rsquo;individu, \u00e2g\u00e9 d&rsquo;une trentaine d&rsquo;ann\u00e9es, a ensuite appel\u00e9 lui-m\u00eame les forces de l&rsquo;ordre. Les policiers l&rsquo;ont rapidement interpell\u00e9.<\/p>\n<p>Concernant les tirs, il s&rsquo;agissait de balles \u00e0 blanc. Le suspect est actuellement entendu en garde \u00e0 vue.<\/p>\n","protected":false},"excerpt":{"rendered":"Belle frayeur pour les passants ce midi \u00e0 Saint-\u00c9tienne, quand un homme s&rsquo;est mis \u00e0 tirer en l&rsquo;air&hellip;\n","protected":false},"author":2,"featured_media":565786,"comment_status":"","ping_status":"","sticky":false,"template":"","format":"standard","meta":{"footnotes":"","_share_on_mastodon":"0"},"categories":[9653],"tags":[1111,11,6376,2430,7951,15021,1777,674,1011,27,3367,12,1072,25,4001,16022,9805],"class_list":["post-1163287","post","type-post","status-publish","format-standard","has-post-thumbnail","category-saint-etienne","tag-actu","tag-actualites","tag-armes","tag-auvergne-rhone-alpes","tag-balles","tag-blanc","tag-eu","tag-europe","tag-fr","tag-france","tag-loire","tag-news","tag-police","tag-republique-francaise","tag-saint-etienne","tag-suspect","tag-tir"],"share_on_mastodon":{"url":"https:\/\/pubeurope.com\/@fr\/117202228886762211","error":""},"_links":{"self":[{"href":"https:\/\/www.europesays.com\/fr\/wp-json\/wp\/v2\/posts\/1163287","targetHints":{"allow":["GET"]}}],"collection":[{"href":"https:\/\/www.europesays.com\/fr\/wp-json\/wp\/v2\/posts"}],"about":[{"href":"https:\/\/www.europesays.com\/fr\/wp-json\/wp\/v2\/types\/post"}],"author":[{"embeddable":true,"href":"https:\/\/www.europesays.com\/fr\/wp-json\/wp\/v2\/users\/2"}],"replies":[{"embeddable":true,"href":"https:\/\/www.europesays.com\/fr\/wp-json\/wp\/v2\/comments?post=1163287"}],"version-history":[{"count":0,"href":"https:\/\/www.europesays.com\/fr\/wp-json\/wp\/v2\/posts\/1163287\/revisions"}],"wp:featuredmedia":[{"embeddable":true,"href":"https:\/\/www.europesays.com\/fr\/wp-json\/wp\/v2\/media\/565786"}],"wp:attachment":[{"href":"https:\/\/www.europesays.com\/fr\/wp-json\/wp\/v2\/media?parent=1163287"}],"wp:term":[{"taxonomy":"category","embeddable":true,"href":"https:\/\/www.europesays.com\/fr\/wp-json\/wp\/v2\/categories?post=1163287"},{"taxonomy":"post_tag","embeddable":true,"href":"https:\/\/www.europesays.com\/fr\/wp-json\/wp\/v2\/tags?post=1163287"}],"curies":[{"name":"wp","href":"https:\/\/api.w.org\/{rel}","templated":true}]}}