{"id":1163315,"date":"2026-09-02T16:03:17","date_gmt":"2026-09-02T16:03:17","guid":{"rendered":"https:\/\/www.europesays.com\/fr\/1163315\/"},"modified":"2026-09-02T16:03:17","modified_gmt":"2026-09-02T16:03:17","slug":"ligue-1-lol-recevra-nice-avant-de-se-deplacer-au-psg","status":"publish","type":"post","link":"https:\/\/www.europesays.com\/fr\/1163315\/","title":{"rendered":"Ligue 1 : l\u2019OL recevra Nice avant de se d\u00e9placer au PSG"},"content":{"rendered":"<p>                            <img width=\"770\" height=\"433\" src=\"https:\/\/www.europesays.com\/fr\/wp-content\/uploads\/2026\/09\/AFP__20260215__97NB6X2__v1__HighRes__FblFraLigue1LyonNice-770x433.jpg\" class=\"attachment-article size-article wp-post-image\" alt=\"Noah Nartey lors d'OL - Nice\" decoding=\"async\" fetchpriority=\"high\"  \/><\/p>\n<p>Noah Nartey lors d\u2019OL \u2013 Nice (Photo by OLIVIER CHASSIGNOLE \/ AFP)<\/p>\n<p>L\u2019<strong>Olympique lyonnais<\/strong>\u00a0conna\u00eet d\u00e9sormais les dates de ses 7e et 8e journ\u00e9es de Ligue 1. Les\u00a0<strong>Lyonnais<\/strong>\u00a0recevront l\u2019<strong>OGC Nice<\/strong>\u00a0le dimanche 18 octobre avant de se d\u00e9placer sur la pelouse du\u00a0<strong>Paris Saint-Germain<\/strong>, une semaine plus tard.<\/p>\n<p class=\"wp-block-paragraph\">Apr\u00e8s la tr\u00eave internationale d\u2019octobre, l\u2019<strong>OL<\/strong>\u00a0retrouvera le championnat avec le d\u00e9placement \u00e0 <strong>Lens<\/strong>, puis la r\u00e9ception de l\u2019<strong>OGC Nice<\/strong>. Le coup d\u2019envoi sera donn\u00e9 dimanche 18 octobre \u00e0 20h45, au Parc OL, avec une rencontre \u00e0 suivre sur Ligue 1+ et seulement trois jours apr\u00e8s la venue de <strong>Crystal Palace<\/strong> en Ligue Europa. Les <strong>Lyonnais<\/strong>\u00a0encha\u00eeneront ensuite avec l\u2019un des d\u00e9placements les plus attendus de leur saison. Le\u00a0<strong>PSG<\/strong>\u00a0accueillera l\u2019<strong>OL<\/strong> le dimanche 25 octobre \u00e0 20h45, au Parc des Princes. Une semaine seulement s\u00e9parera donc les deux rendez-vous.<\/p>\n<p>Deux adversaires aux profils diff\u00e9rents<\/p>\n<p class=\"wp-block-paragraph\">La saison derni\u00e8re, l\u2019<strong>OL<\/strong>\u00a0avait partag\u00e9 les points avec\u00a0<strong>Nice<\/strong>\u00a0lors des deux confrontations en championnat. Les\u00a0Lyonnais s\u2019\u00e9taient d\u2019abord inclin\u00e9s 3-2 sur la pelouse des Aiglons, <a href=\"https:\/\/www.olympique-et-lyonnais.com\/un-temps-bouscule-par-nice-lol-reste-inarretable-2-0,390722.html\" rel=\"nofollow noopener\" target=\"_blank\">avant de s&rsquo;imposer 2-0 au Groupama Stadium<\/a> quelques mois plus tard. La r\u00e9ception de\u00a0<strong>Nice<\/strong>\u00a0offrira donc \u00e0 l\u2019<strong>OL<\/strong>\u00a0l\u2019occasion de retrouver une \u00e9quipe qui lui avait pos\u00e9 davantage de probl\u00e8mes \u00e0 l&rsquo;Allianz Riviera. Le d\u00e9placement \u00e0\u00a0<strong>Paris<\/strong>\u00a0s\u2019annonce, lui, particuli\u00e8rement relev\u00e9. L\u2019<strong>OL<\/strong>\u00a0avait \u00e9galement partag\u00e9 les points sur les deux matchs de Ligue 1 contre le <strong>PSG<\/strong>\u00a0la saison derni\u00e8re, <a href=\"https:\/\/www.olympique-et-lyonnais.com\/lenorme-coup-de-lol-qui-simpose-face-au-psg-1-2,396037.html\" rel=\"nofollow noopener\" target=\"_blank\">avec une victoire 1-2 au Parc des Princes<\/a> puis un revers 2-3 \u00e0 <strong>D\u00e9cines<\/strong>.<\/p>\n<p>Une semaine importante pour l\u2019OL<\/p>\n<p class=\"wp-block-paragraph\">Cette triple confrontation pourrait ainsi constituer un premier rendez-vous majeur de la saison lyonnaise. Apr\u00e8s <strong>Lens<\/strong> et\u00a0<strong>Nice<\/strong>, les joueurs de Paulo\u00a0<strong>Fonseca<\/strong>\u00a0auront l\u2019occasion de se mesurer au champion de France dans son antre. Avec trois rencontres en seize jours, l\u2019<strong>OL<\/strong>\u00a0devra prendre des points pour bien n\u00e9gocier cette s\u00e9quence et afficher ses ambitions en Ligue 1.<\/p>\n","protected":false},"excerpt":{"rendered":"Noah Nartey lors d\u2019OL \u2013 Nice (Photo by OLIVIER CHASSIGNOLE \/ AFP) L\u2019Olympique lyonnais\u00a0conna\u00eet d\u00e9sormais les dates de&hellip;\n","protected":false},"author":2,"featured_media":1163316,"comment_status":"","ping_status":"","sticky":false,"template":"","format":"standard","meta":{"footnotes":"","_share_on_mastodon":"0"},"categories":[2819],"tags":[1111,11,1777,674,1011,27,66,2428,12,2401,241,978,882,93,25],"class_list":["post-1163315","post","type-post","status-publish","format-standard","has-post-thumbnail","category-nice","tag-actu","tag-actualites","tag-eu","tag-europe","tag-fr","tag-france","tag-ligue-1","tag-lyon","tag-news","tag-nice","tag-ol","tag-olympique-lyonnais","tag-provence-alpes-cote-dazur","tag-psg","tag-republique-francaise"],"share_on_mastodon":{"url":"https:\/\/pubeurope.com\/@fr\/117202297296073130","error":""},"_links":{"self":[{"href":"https:\/\/www.europesays.com\/fr\/wp-json\/wp\/v2\/posts\/1163315","targetHints":{"allow":["GET"]}}],"collection":[{"href":"https:\/\/www.europesays.com\/fr\/wp-json\/wp\/v2\/posts"}],"about":[{"href":"https:\/\/www.europesays.com\/fr\/wp-json\/wp\/v2\/types\/post"}],"author":[{"embeddable":true,"href":"https:\/\/www.europesays.com\/fr\/wp-json\/wp\/v2\/users\/2"}],"replies":[{"embeddable":true,"href":"https:\/\/www.europesays.com\/fr\/wp-json\/wp\/v2\/comments?post=1163315"}],"version-history":[{"count":0,"href":"https:\/\/www.europesays.com\/fr\/wp-json\/wp\/v2\/posts\/1163315\/revisions"}],"wp:featuredmedia":[{"embeddable":true,"href":"https:\/\/www.europesays.com\/fr\/wp-json\/wp\/v2\/media\/1163316"}],"wp:attachment":[{"href":"https:\/\/www.europesays.com\/fr\/wp-json\/wp\/v2\/media?parent=1163315"}],"wp:term":[{"taxonomy":"category","embeddable":true,"href":"https:\/\/www.europesays.com\/fr\/wp-json\/wp\/v2\/categories?post=1163315"},{"taxonomy":"post_tag","embeddable":true,"href":"https:\/\/www.europesays.com\/fr\/wp-json\/wp\/v2\/tags?post=1163315"}],"curies":[{"name":"wp","href":"https:\/\/api.w.org\/{rel}","templated":true}]}}