{"id":1163317,"date":"2026-09-02T16:07:26","date_gmt":"2026-09-02T16:07:26","guid":{"rendered":"https:\/\/www.europesays.com\/fr\/1163317\/"},"modified":"2026-09-02T16:07:26","modified_gmt":"2026-09-02T16:07:26","slug":"cafe-friperie-objetheque-et-espace-info-dans-ce-nouveau-lieu-de-300-m%c2%b2-sur-lile-de-nantes","status":"publish","type":"post","link":"https:\/\/www.europesays.com\/fr\/1163317\/","title":{"rendered":"Caf\u00e9, friperie, objeth\u00e8que et espace info dans ce nouveau lieu de 300 m\u00b2 sur l&rsquo;\u00eele de Nantes !"},"content":{"rendered":"<p class=\"wp-block-paragraph\"><strong>Le Caf\u00e9 des Marchandises <\/strong>a ouvert ses portes au coeur du quartier R\u00e9publique \u00e0 Nantes ! Dans cet espace de 300 m\u00b2, tu retrouves un caf\u00e9, une friperie, une objeth\u00e8que et l\u2019espace info de la Samoa concernant la transformation de l\u2019\u00eele de Nantes ! Big City t\u2019explique !<\/p>\n<p>Le Caf\u00e9 des Marchandises : le nouveau caf\u00e9 hybride sur l\u2019\u00eele de Nantes !<\/p>\n<blockquote class=\"tiktok-embed\" cite=\"https:\/\/www.tiktok.com\/@bigcitynantes\/video\/7680222599929974049\" data-video-id=\"7680222599929974049\" data-embed-from=\"oembed\" style=\"max-width:605px; min-width:325px;\"><p> <a rel=\"sponsored nofollow noopener\" target=\"_blank\" title=\"@bigcitynantes\" href=\"https:\/\/www.tiktok.com\/@bigcitynantes?refer=embed\">@bigcitynantes<\/a><\/p>\n<p>Caf\u00e9, friperie et objeth\u00e8que : d\u00e9couvre ce nouveau lieu hybride \u00e0 Nantes \u2615\ufe0f\ud83d\udc55\u2728 Un caf\u00e9 o\u00f9 tu peux boire un verre, chiner des fringues, emprunter des objets et m\u00eame d\u00e9couvrir le futur de l\u2019\u00cele de Nantes ? Bienvenue au Caf\u00e9 des Marchandises, le nouveau spot de 300 m\u00b2 install\u00e9 dans le quartier R\u00e9publique ! Le petit plus ? Une maquette du quartier et un espace d\u00e9di\u00e9 aux transformations de l\u2019\u00cele de Nantes sont aussi accessibles sur place. De quoi d\u00e9couvrir \u00e0 quoi ressemblera le quartier dans les prochaines ann\u00e9es. Alors, t\u2019y fais un tour ? \ud83d\udcc6 Du mardi au dimanche \ud83d\udccd 12 rue des Marchandises, Nantes \ud83d\udcb8 Entr\u00e9e libre \u2022 Objeth\u00e8que : 24\u20ac\/an @lecafedesmarchandises Collaboration commerciale<\/p>\n<p> <a rel=\"sponsored nofollow noopener\" target=\"_blank\" title=\"\u266c son original - BIG CITY NANTES\" href=\"https:\/\/www.tiktok.com\/music\/son-original-7680222628771040032?refer=embed\">\u266c son original \u2013 BIG CITY NANTES<\/a><\/p><\/blockquote>\n<p class=\"wp-block-paragraph\">Ouvert depuis fin mai, <a href=\"https:\/\/www.instagram.com\/lecafedesmarchandises\/\" data-type=\"link\" data-id=\"https:\/\/www.instagram.com\/lecafedesmarchandises\/\" target=\"_blank\" rel=\"noreferrer noopener sponsored nofollow\">le Caf\u00e9 des Marchandises <\/a>situ\u00e9 au 12 rue des Marchandises, r\u00e9unit absolument tout ce qu\u2019on aime pour passer un bon moment. C\u00f4t\u00e9 comptoir, l\u2019\u00e9quipe mise sur le local et le bon : caf\u00e9 de qualit\u00e9, bi\u00e8res nantaises, vins de la r\u00e9gion, sans oublier les tapas et tartinades 100% maison \u00e0 partager.<\/p>\n<p class=\"wp-block-paragraph\">Tu peux aussi y chiner des p\u00e9pites chez\u00a0<strong>Slow Fripes<\/strong>, emprunter des outils \u00e0 l\u2019objeth\u00e8que, ou profiter des expos et concerts programm\u00e9s toute l\u2019ann\u00e9e.<\/p>\n<p class=\"wp-block-paragraph\">Si tu te questionnes sur la transformation de l\u2019\u00eele de Nantes, c\u2019est ici que tu vas pouvoir trouver tes r\u00e9ponses ! Viens d\u00e9couvrir l\u2019expo sur cette transformation, admirer la maquette du quartier pour comprendre comment cela va \u00e9voluer, et un\u00b7e m\u00e9diateur\u00b7rice de la Samoa est pr\u00e9sent\u00b7e tous les mercredis et vendredis pour \u00e9changer avec toi.<\/p>\n<p class=\"wp-block-paragraph\">Alors, si ce n\u2019est pas d\u00e9j\u00e0 fait, viens vite d\u00e9couvrir ce lieu incroyable !<\/p>\n<p><script async src=\"\/\/www.instagram.com\/embed.js\"><\/script><script async src=\"\/\/www.tiktok.com\/embed.js\"><\/script><\/p>\n","protected":false},"excerpt":{"rendered":"Le Caf\u00e9 des Marchandises a ouvert ses portes au coeur du quartier R\u00e9publique \u00e0 Nantes ! Dans cet&hellip;\n","protected":false},"author":2,"featured_media":1163318,"comment_status":"","ping_status":"","sticky":false,"template":"","format":"standard","meta":{"footnotes":"","_share_on_mastodon":"0"},"categories":[2818],"tags":[1111,11,4586,48554,1777,674,1011,27,766,12,2636,25],"class_list":["post-1163317","post","type-post","status-publish","format-standard","has-post-thumbnail","category-nantes","tag-actu","tag-actualites","tag-cafe","tag-carrousel","tag-eu","tag-europe","tag-fr","tag-france","tag-nantes","tag-news","tag-pays-de-la-loire","tag-republique-francaise"],"share_on_mastodon":{"url":"https:\/\/pubeurope.com\/@fr\/117202311511997490","error":""},"_links":{"self":[{"href":"https:\/\/www.europesays.com\/fr\/wp-json\/wp\/v2\/posts\/1163317","targetHints":{"allow":["GET"]}}],"collection":[{"href":"https:\/\/www.europesays.com\/fr\/wp-json\/wp\/v2\/posts"}],"about":[{"href":"https:\/\/www.europesays.com\/fr\/wp-json\/wp\/v2\/types\/post"}],"author":[{"embeddable":true,"href":"https:\/\/www.europesays.com\/fr\/wp-json\/wp\/v2\/users\/2"}],"replies":[{"embeddable":true,"href":"https:\/\/www.europesays.com\/fr\/wp-json\/wp\/v2\/comments?post=1163317"}],"version-history":[{"count":0,"href":"https:\/\/www.europesays.com\/fr\/wp-json\/wp\/v2\/posts\/1163317\/revisions"}],"wp:featuredmedia":[{"embeddable":true,"href":"https:\/\/www.europesays.com\/fr\/wp-json\/wp\/v2\/media\/1163318"}],"wp:attachment":[{"href":"https:\/\/www.europesays.com\/fr\/wp-json\/wp\/v2\/media?parent=1163317"}],"wp:term":[{"taxonomy":"category","embeddable":true,"href":"https:\/\/www.europesays.com\/fr\/wp-json\/wp\/v2\/categories?post=1163317"},{"taxonomy":"post_tag","embeddable":true,"href":"https:\/\/www.europesays.com\/fr\/wp-json\/wp\/v2\/tags?post=1163317"}],"curies":[{"name":"wp","href":"https:\/\/api.w.org\/{rel}","templated":true}]}}