{"id":1163327,"date":"2026-09-02T16:12:40","date_gmt":"2026-09-02T16:12:40","guid":{"rendered":"https:\/\/www.europesays.com\/fr\/1163327\/"},"modified":"2026-09-02T16:12:40","modified_gmt":"2026-09-02T16:12:40","slug":"pres-de-lille-une-grande-fete-gratuite-pour-toute-la-famille-aupres-des-animaux-ce-samedi","status":"publish","type":"post","link":"https:\/\/www.europesays.com\/fr\/1163327\/","title":{"rendered":"Pr\u00e8s de Lille, une grande f\u00eate gratuite pour toute la famille aupr\u00e8s des animaux ce samedi"},"content":{"rendered":"<p>                    Par<br \/>\n        <strong><br \/>\n            <a href=\"https:\/\/actu.fr\/auteur\/nicolas-demollien\" title=\"Consulter tous les articles de Nicolas Demollien\" rel=\"nofollow noopener\" target=\"_blank\">Nicolas Demollien<\/a><br \/>\n                    <\/strong><\/p>\n<p>        Publi\u00e9 le<\/p>\n<p>            2 sept. 2026 \u00e0 12h37        <\/p>\n<p>Si vous pensez qu\u2019aller \u00e0 la <a href=\"https:\/\/actu.fr\/tag\/braderie-de-lille\" rel=\"nofollow noopener\" target=\"_blank\">Braderie de Lille<\/a> (Nord) s\u2019annonce compliqu\u00e9 avec les <a href=\"https:\/\/actu.fr\/tag\/enfants\" rel=\"nofollow noopener\" target=\"_blank\">enfants<\/a> ce samedi 5 septembre 2026, voil\u00e0 une <b>alternative qui promet de ravir vos bambins<\/b> ! A <a href=\"https:\/\/actu.fr\/hauts-de-france\/quesnoy-sur-deule_59482\" rel=\"nofollow noopener\" target=\"_blank\">Quesnoy-sur-De\u00fble<\/a>, tout pr\u00e8s de la <a href=\"https:\/\/actu.fr\/hauts-de-france\/lille_59350\" rel=\"nofollow noopener\" target=\"_blank\">capitale des Flandres<\/a>, un <b>bel \u00e9v\u00e9nement familial<\/b> vous attend aupr\u00e8s des <a href=\"https:\/\/actu.fr\/tag\/animaux\" rel=\"nofollow noopener\" target=\"_blank\">animaux<\/a>.<\/p>\n<p>Une f\u00eate gratuite pour toute la famille avec les animaux de la ferme d\u2019Ana\u00efs pr\u00e8s de Lille<\/p>\n<p class=\" wall-content\">Ce rendez-vous, c\u2019est \u00e0 la <b>ferme d\u2019Ana\u00efs<\/b> (272 chemin de Sainghin) qu\u2019il est donn\u00e9 ! Il est organis\u00e9 par l\u2019<b>association \u00ab\u00a0Na\u00eetre et grandir au naturel\u00a0\u00bb<\/b> et est intitul\u00e9 \u00ab\u00a0La rentr\u00e9e des Familles \u00a0\u00bb \u2013 Parentalit\u00e9, Bien-\u00eatre &amp; Cr\u00e9ateurs Locaux\u00a0\u00bb.<\/p>\n<p class=\" wall-content\">Plus concr\u00e8tement, vous retrouverez sur place de 10h \u00e0 18h de nombreuses animations avec des <b>d\u00e9gustations, artisans locaux<\/b> et leurs cr\u00e9ations uniques, des ateliers et autres animations pour les enfants avec les animaux, des <b>ch\u00e2teaux gonflables et autres missions cr\u00e9atives<\/b>. Enfin, des experts en p\u00e9rinatalit\u00e9, parentalit\u00e9 et d\u00e9veloppement de l\u2019enfant seront pr\u00e9sents sur place.<\/p>\n<p class=\" wall-content\">Pour \u00eatre complets, notons qu\u2019une <b>restauration sucr\u00e9e<\/b> sera propos\u00e9e sur place mais que vous pouvez \u00e9galement amener votre <b>pique-nique<\/b> : \u00ab\u00a0un coin sera d\u00e9di\u00e9 pour y d\u00e9poser votre couverture\u00a0\u00bb, promettent les organisateurs.<\/p>\n<p class=\" wall-content\">A ne pas rater !<\/p>\n<p class=\" wall-content\"><a href=\"https:\/\/www.instagram.com\/p\/Db1I93Htq9b\/embed\" title=\"Ouvrir le lien sur Instagram\" rel=\"nofollow noopener\" target=\"_blank\">Visualiser le contenu sur Instagram<\/a><\/p>\n<p class=\" wall-content\">Plus d\u2019infos sur <a href=\"https:\/\/linktr.ee\/naitreetgrandiraunaturel\" rel=\"nofollow noopener\" target=\"_blank\">linktr.ee<\/a><\/p>\n<p class=\" wall-content\">Personnalisez votre actualit\u00e9 en ajoutant vos villes et m\u00e9dias en favori avec <a href=\"https:\/\/moncompte.actu.fr\" title=\"D\u00e9couvez Mon Actu\" rel=\"nofollow noopener\" data-trk=\"{&quot;cta&quot;:{&quot;action&quot;:&quot;https:\\\/\\\/moncompte.actu.fr&quot;,&quot;category&quot;:&quot;mon compte&quot;,&quot;from&quot;:&quot;article footer&quot;,&quot;name&quot;:&quot;Mon actu&quot;,&quot;type&quot;:&quot;cta&quot;}}\" target=\"_blank\">Mon Actu<\/a>.<\/p>\n<p>                    <script async src=\"\/\/www.instagram.com\/embed.js\"><\/script><\/p>\n","protected":false},"excerpt":{"rendered":"Par Nicolas Demollien Publi\u00e9 le 2 sept. 2026 \u00e0 12h37 Si vous pensez qu\u2019aller \u00e0 la Braderie de&hellip;\n","protected":false},"author":2,"featured_media":1163328,"comment_status":"","ping_status":"","sticky":false,"template":"","format":"standard","meta":{"footnotes":"","_share_on_mastodon":"0"},"categories":[2815],"tags":[1111,11,1867,1719,1777,674,652,1011,27,811,1307,1652,12,25],"class_list":["post-1163327","post","type-post","status-publish","format-standard","has-post-thumbnail","category-lille","tag-actu","tag-actualites","tag-animaux","tag-enfants","tag-eu","tag-europe","tag-famille","tag-fr","tag-france","tag-hauts-de-france","tag-lille","tag-loisirs-culture","tag-news","tag-republique-francaise"],"share_on_mastodon":{"url":"https:\/\/pubeurope.com\/@fr\/117202330961422549","error":""},"_links":{"self":[{"href":"https:\/\/www.europesays.com\/fr\/wp-json\/wp\/v2\/posts\/1163327","targetHints":{"allow":["GET"]}}],"collection":[{"href":"https:\/\/www.europesays.com\/fr\/wp-json\/wp\/v2\/posts"}],"about":[{"href":"https:\/\/www.europesays.com\/fr\/wp-json\/wp\/v2\/types\/post"}],"author":[{"embeddable":true,"href":"https:\/\/www.europesays.com\/fr\/wp-json\/wp\/v2\/users\/2"}],"replies":[{"embeddable":true,"href":"https:\/\/www.europesays.com\/fr\/wp-json\/wp\/v2\/comments?post=1163327"}],"version-history":[{"count":0,"href":"https:\/\/www.europesays.com\/fr\/wp-json\/wp\/v2\/posts\/1163327\/revisions"}],"wp:featuredmedia":[{"embeddable":true,"href":"https:\/\/www.europesays.com\/fr\/wp-json\/wp\/v2\/media\/1163328"}],"wp:attachment":[{"href":"https:\/\/www.europesays.com\/fr\/wp-json\/wp\/v2\/media?parent=1163327"}],"wp:term":[{"taxonomy":"category","embeddable":true,"href":"https:\/\/www.europesays.com\/fr\/wp-json\/wp\/v2\/categories?post=1163327"},{"taxonomy":"post_tag","embeddable":true,"href":"https:\/\/www.europesays.com\/fr\/wp-json\/wp\/v2\/tags?post=1163327"}],"curies":[{"name":"wp","href":"https:\/\/api.w.org\/{rel}","templated":true}]}}