{"id":1163340,"date":"2026-09-02T16:22:16","date_gmt":"2026-09-02T16:22:16","guid":{"rendered":"https:\/\/www.europesays.com\/fr\/1163340\/"},"modified":"2026-09-02T16:22:16","modified_gmt":"2026-09-02T16:22:16","slug":"stars-du-rap-et-jeunes-talents-participent-a-100-heures-de-rap-non-stop-a-paris-pour-battre-le-record-du-guinness-book","status":"publish","type":"post","link":"https:\/\/www.europesays.com\/fr\/1163340\/","title":{"rendered":"Stars du rap et jeunes talents participent \u00e0 \u00ab\u00a0100 Heures de Rap Non Stop\u00a0\u00bb \u00e0 Paris pour battre le record du Guinness Book"},"content":{"rendered":"<p>                    Par<br \/>\n        <strong><br \/>\n            <a href=\"https:\/\/actu.fr\/auteur\/glenn-gillet\" title=\"Consulter tous les articles de Glenn Gillet\" rel=\"nofollow noopener\" target=\"_blank\">Glenn Gillet<\/a><br \/>\n                    <\/strong><\/p>\n<p>        Publi\u00e9 le<\/p>\n<p>            2 sept. 2026 \u00e0 17h14        <\/p>\n<p>Alors que les projets musicaux collectifs se sont multipli\u00e9s au cours des derni\u00e8res ann\u00e9es, en voici un nouveau qui promet d\u2019<strong>affoler les compteurs<\/strong>. <a href=\"https:\/\/les100heuresderapnonstop.fr\/product\/billets-100h\/\" rel=\"nofollow noopener\" target=\"_blank\">\u00ab\u2009100\u00a0Heures de Rap Non Stop\u2009\u00bb<\/a>, c\u2019est la performance \u00e0 laquelle des stars du <a href=\"https:\/\/actu.fr\/ile-de-france\/nanterre_92050\/bien-sur-que-c-est-politique-colere-de-fred-musa-de-skyrock-prive-d-atelier-radio-a-la-prison-de-nanterre_63432448.html\" rel=\"nofollow noopener\" target=\"_blank\">rap<\/a> mais aussi des jeunes talents peu connus participent depuis ce mercredi 2\u00a0septembre 2026. Le coup d\u2019envoi a \u00e9t\u00e9 donn\u00e9 ce midi \u00e0 l\u2019espace <a href=\"https:\/\/actu.fr\/ile-de-france\/paris_75056\/sport-voguing-street-art-freestyle-villette-nouveau-temple-des-cultures-urbaines-ouvre-a-paris_63245129.html\" rel=\"nofollow noopener\" target=\"_blank\">Freestyle Villette<\/a>, au sein du <a href=\"https:\/\/actu.fr\/ile-de-france\/paris_75056\/paris-le-parc-de-la-villette-ouvre-10-000-m-jusqu-ici-inaccessibles-au-public-et-agrandit-sa-ferme-urbaine_64061647.html\" rel=\"nofollow noopener\" target=\"_blank\">parc \u00e9ponyme<\/a> dans le 19e arrondissement de Paris, et sera atteint<strong> dimanche \u00e0 16h<\/strong>, si tout se d\u00e9roule sans accroc.<\/p>\n<p>Au programme\u2009: 500 artistes dont plusieurs stars<\/p>\n<p class=\" wall-content\">500 artistes sont programm\u00e9s, dont Fianso, qui a ouvert le bal ce mercredi, mais aussi Kerchak, Youssef Swatt\u2019s, Hayce Lemsi, Busta Flex, Davodka, Alibi Montana, Kacem Wapalek. Le tout est orchestr\u00e9 par la directrice artistique Pauline Raignault.<\/p>\n<p class=\" wall-content\">L\u2019objectif de cet \u00e9v\u00e9nement ouvert au public est double\u2009: d\u2019abord, faire r\u00e9f\u00e9rence au d\u00e9fi des 50\u00a0heures de rap r\u00e9alis\u00e9 en 2011 et auquel avaient notamment particip\u00e9 de nombreuses t\u00eates d\u2019affiche de la sc\u00e8ne rap fran\u00e7aise, mais surtout \u00e9tablir un nouveau record du monde homologu\u00e9 par le <strong>Guinness World Records<\/strong>.<\/p>\n<p>Des performances accessibles au public<\/p>\n<p class=\" wall-content\">\u00ab\u2009L\u00e0, on va<strong> rentrer dans l\u2019histoire\u2009!\u2009<\/strong>\u00bb, a lanc\u00e9 Le Boug Arnknow, MC (ma\u00eetre de c\u00e9r\u00e9monie) bien connu qui a anim\u00e9 le lancement du d\u00e9fi ce mercredi. Apr\u00e8s avoir laiss\u00e9 les rappeurs Haze Musazi, Hugo B, David Okit et Ryaam proposer tour \u00e0 tour des freestyles, Fianso a pris le micro, devenant la premi\u00e8re c\u00e9l\u00e9brit\u00e9 \u00e0 officier lors du d\u00e9fi.<\/p>\n<p class=\" wall-content\">Pour assister aux performances des artistes, les spectateurs doivent se procurer un billet (\u00e0 partir de 18 euros) sur le site de l\u2019\u00e9v\u00e9nement ou <a href=\"https:\/\/www.lavillette.com\/manifestations\/les-100-heures-de-rap-non-stop-25-26\/\" rel=\"nofollow noopener\" target=\"_blank\">celui de La Villette<\/a>. Un billet donne acc\u00e8s \u00e0 un cr\u00e9neau de trois heures, entre 9h et minuit. Pour ceux qui voudraient regarder l\u2019\u00e9v\u00e9nement \u00e0 distance, il est <strong>diffus\u00e9 en direct<\/strong> sur la cha\u00eene YouTube de l\u2019\u00e9v\u00e9nement.<\/p>\n<p class=\" wall-content\">Personnalisez votre actualit\u00e9 en ajoutant vos villes et m\u00e9dias en favori avec <a href=\"https:\/\/moncompte.actu.fr\" title=\"D\u00e9couvez Mon Actu\" rel=\"nofollow noopener\" data-trk=\"{&quot;cta&quot;:{&quot;action&quot;:&quot;https:\\\/\\\/moncompte.actu.fr&quot;,&quot;category&quot;:&quot;mon compte&quot;,&quot;from&quot;:&quot;article footer&quot;,&quot;name&quot;:&quot;Mon actu&quot;,&quot;type&quot;:&quot;cta&quot;}}\" target=\"_blank\">Mon Actu<\/a>.<\/p>\n","protected":false},"excerpt":{"rendered":"Par Glenn Gillet Publi\u00e9 le 2 sept. 2026 \u00e0 17h14 Alors que les projets musicaux collectifs se sont&hellip;\n","protected":false},"author":2,"featured_media":1163341,"comment_status":"","ping_status":"","sticky":false,"template":"","format":"standard","meta":{"footnotes":"","_share_on_mastodon":"0"},"categories":[1888],"tags":[1111,1928,11,1927,1777,674,1011,27,5281,1652,873,12,1926,626,1925,3616,25],"class_list":["post-1163340","post","type-post","status-publish","format-standard","has-post-thumbnail","category-paris","tag-actu","tag-actu-paris","tag-actualites","tag-actualites-paris","tag-eu","tag-europe","tag-fr","tag-france","tag-la-villette","tag-loisirs-culture","tag-musique","tag-news","tag-news-paris","tag-paris","tag-paris-news","tag-rap","tag-republique-francaise"],"share_on_mastodon":{"url":"https:\/\/pubeurope.com\/@fr\/117202370717504798","error":""},"_links":{"self":[{"href":"https:\/\/www.europesays.com\/fr\/wp-json\/wp\/v2\/posts\/1163340","targetHints":{"allow":["GET"]}}],"collection":[{"href":"https:\/\/www.europesays.com\/fr\/wp-json\/wp\/v2\/posts"}],"about":[{"href":"https:\/\/www.europesays.com\/fr\/wp-json\/wp\/v2\/types\/post"}],"author":[{"embeddable":true,"href":"https:\/\/www.europesays.com\/fr\/wp-json\/wp\/v2\/users\/2"}],"replies":[{"embeddable":true,"href":"https:\/\/www.europesays.com\/fr\/wp-json\/wp\/v2\/comments?post=1163340"}],"version-history":[{"count":0,"href":"https:\/\/www.europesays.com\/fr\/wp-json\/wp\/v2\/posts\/1163340\/revisions"}],"wp:featuredmedia":[{"embeddable":true,"href":"https:\/\/www.europesays.com\/fr\/wp-json\/wp\/v2\/media\/1163341"}],"wp:attachment":[{"href":"https:\/\/www.europesays.com\/fr\/wp-json\/wp\/v2\/media?parent=1163340"}],"wp:term":[{"taxonomy":"category","embeddable":true,"href":"https:\/\/www.europesays.com\/fr\/wp-json\/wp\/v2\/categories?post=1163340"},{"taxonomy":"post_tag","embeddable":true,"href":"https:\/\/www.europesays.com\/fr\/wp-json\/wp\/v2\/tags?post=1163340"}],"curies":[{"name":"wp","href":"https:\/\/api.w.org\/{rel}","templated":true}]}}