{"id":1163346,"date":"2026-09-02T16:26:17","date_gmt":"2026-09-02T16:26:17","guid":{"rendered":"https:\/\/www.europesays.com\/fr\/1163346\/"},"modified":"2026-09-02T16:26:17","modified_gmt":"2026-09-02T16:26:17","slug":"metro-peripherique-du-grand-paris-express-la-banque-europeenne-dinvestissement-remet-3-milliards-deuros-sur-la-ligne-15","status":"publish","type":"post","link":"https:\/\/www.europesays.com\/fr\/1163346\/","title":{"rendered":"M\u00e9tro p\u00e9riph\u00e9rique du Grand Paris Express : la banque europ\u00e9enne d&rsquo;investissement remet 3 milliards d&rsquo;euros sur la ligne 15"},"content":{"rendered":"<p>La Banque europ\u00e9enne d\u2019investissement (BEI) a sign\u00e9 mercredi un accord de financement avec la Soci\u00e9t\u00e9 des grands projets (SGP), ajoutant 3 milliards d\u2019euros pour permettre la construction de la portion ouest de la ligne 15 du futur m\u00e9tro automatique qui doit encercler Paris d\u2019ici 2031.<\/p>\n<p>Le Grand Paris Express \u201c\u00a0est le plus grand projet d\u2019infrastructures d\u2019Europe\u00a0\u201d, a rappel\u00e9 mercredi le pr\u00e9sident du directoire de la SGP qui pilote sa r\u00e9alisation, Jean-Fran\u00e7ois Monteils, lors de la signature de l\u2019accord \u00e0 la gare de Nanterre-La Folie (Hauts-de-Seine).<\/p>\n<p>Le nouveau m\u00e9tro p\u00e9riph\u00e9rique est compos\u00e9 au total de nouvelles lignes de m\u00e9tro (15, 16, 17 et 18), en plus du prolongement nord-sud de la 14, et de 68 gares nouvelles sur quelque 200 kilom\u00e8tres \u2013 dont 75 km pour la seule boucle ferroviaire souterraine de la ligne 15. Son budget a \u00e9t\u00e9 r\u00e9\u00e9valu\u00e9 \u00e0 36,1 milliards d\u2019euros en octobre 2021, contre 35,6 milliards pr\u00e9vus en f\u00e9vrier 2018, a rappel\u00e9 Fr\u00e9d\u00e9ric Br\u00e9dillot, membre du directoire de la SGP.<\/p>\n<p>Sur la nouvelle enveloppe mise \u00e0 disposition par la BEI, une premi\u00e8re tranche de 500 millions d\u2019euros de pr\u00eat a \u00e9t\u00e9 tir\u00e9e le 30 juillet.\u00a0Cette nouvelle aide porte \u00e0 6,5 milliards le total du soutien accord\u00e9 par l\u2019institution de financement de l\u2019Union europ\u00e9enne.<\/p>\n<p>\u201c\u00a0Notre objectif est d\u2019aider \u00e0 r\u00e9ussir la d\u00e9carbonation des transports et am\u00e9liorer la vie quotidienne des Europ\u00e9ens\u00a0\u201d, a soulign\u00e9 Ambroise Fayolle, vice-pr\u00e9sident de la BEI, qui insiste sur le financement de projets permettant d\u2019atteindre les objectifs climatiques fix\u00e9s par l\u2019accord de Paris de 2015.<\/p>\n<p>\u201c\u00a0Lors de notre instruction des dossiers, nous int\u00e9grons bien s\u00fbr la rentabilit\u00e9 \u00e9conomique, mais (\u2026) aussi un prix interne du carbone pour v\u00e9rifier sa rentabilit\u00e9 environnementale\u00a0\u201d, a pr\u00e9cis\u00e9 M. Fayolle.<\/p>\n<p>\u201c\u00a0Nous sommes la banque europ\u00e9enne du climat, nous visons des op\u00e9rations \u00e0 40 ans, car nous voulons \u00eatre un catalyseur des objectifs climatiques\u00a0\u201d a d\u00e9clar\u00e9 \u00e0 l\u2019AFP Ren\u00e9 Laurent Ballaguy, chef du bureau de la BEI \u00e0 Paris.<\/p>\n<p>La section ouest de la ligne 15 s\u2019\u00e9tend sur 22,4 kilom\u00e8tres. Elle doit desservir 14 villes des Hauts de Seine et de la Seine-Saint-Denis, avec 11 gares, entre Pont-de-S\u00e8vres et la mairie d\u2019Aubervilliers, pour quelque 600.000 voyageurs quotidiens. Sa mise en service, comme celle de la section est (mairie d\u2019Aubervillers-Champigny), est pr\u00e9vue en 2031.<\/p>\n<p>La mise en service de la section sud sur quelque 35 kilom\u00e8tres entre Pont-de-S\u00e8vres et Noisy-Champs (16 gares), initialement pr\u00e9vue pour 2018, a \u00e9t\u00e9 report\u00e9e \u00e0 plusieurs reprises et est d\u00e9sormais attendue fin 2027.<\/p>\n<p><a href=\"https:\/\/citoyens.com\/theme\/grand-paris-express\" rel=\"nofollow noopener\" target=\"_blank\">Voir tous les articles de Citoyens.com sur le m\u00e9tro Grand Paris Express<\/a><\/p>\n","protected":false},"excerpt":{"rendered":"La Banque europ\u00e9enne d\u2019investissement (BEI) a sign\u00e9 mercredi un accord de financement avec la Soci\u00e9t\u00e9 des grands projets&hellip;\n","protected":false},"author":2,"featured_media":1163347,"comment_status":"","ping_status":"","sticky":false,"template":"","format":"standard","meta":{"footnotes":"","_share_on_mastodon":"0"},"categories":[1888],"tags":[11,436,1777,674,1011,27,6306,12284,3314,5495,119728,4047,33659,12,53249,626,4013,25,1945,33666,2803,800,364],"class_list":["post-1163346","post","type-post","status-publish","format-standard","has-post-thumbnail","category-paris","tag-actualites","tag-environnement","tag-eu","tag-europe","tag-fr","tag-france","tag-grand-paris","tag-grand-paris-express","tag-hauts-de-seine","tag-infrastructures","tag-jean-francois-monteils","tag-metro","tag-metro-peripherique","tag-news","tag-noisy-champs","tag-paris","tag-peripherique","tag-republique-francaise","tag-seine-saint-denis","tag-societe-des-grands-projets","tag-transport","tag-transports","tag-union-europeenne"],"share_on_mastodon":{"url":"https:\/\/pubeurope.com\/@fr\/117202385802771239","error":""},"_links":{"self":[{"href":"https:\/\/www.europesays.com\/fr\/wp-json\/wp\/v2\/posts\/1163346","targetHints":{"allow":["GET"]}}],"collection":[{"href":"https:\/\/www.europesays.com\/fr\/wp-json\/wp\/v2\/posts"}],"about":[{"href":"https:\/\/www.europesays.com\/fr\/wp-json\/wp\/v2\/types\/post"}],"author":[{"embeddable":true,"href":"https:\/\/www.europesays.com\/fr\/wp-json\/wp\/v2\/users\/2"}],"replies":[{"embeddable":true,"href":"https:\/\/www.europesays.com\/fr\/wp-json\/wp\/v2\/comments?post=1163346"}],"version-history":[{"count":0,"href":"https:\/\/www.europesays.com\/fr\/wp-json\/wp\/v2\/posts\/1163346\/revisions"}],"wp:featuredmedia":[{"embeddable":true,"href":"https:\/\/www.europesays.com\/fr\/wp-json\/wp\/v2\/media\/1163347"}],"wp:attachment":[{"href":"https:\/\/www.europesays.com\/fr\/wp-json\/wp\/v2\/media?parent=1163346"}],"wp:term":[{"taxonomy":"category","embeddable":true,"href":"https:\/\/www.europesays.com\/fr\/wp-json\/wp\/v2\/categories?post=1163346"},{"taxonomy":"post_tag","embeddable":true,"href":"https:\/\/www.europesays.com\/fr\/wp-json\/wp\/v2\/tags?post=1163346"}],"curies":[{"name":"wp","href":"https:\/\/api.w.org\/{rel}","templated":true}]}}