{"id":1163358,"date":"2026-09-02T16:33:34","date_gmt":"2026-09-02T16:33:34","guid":{"rendered":"https:\/\/www.europesays.com\/fr\/1163358\/"},"modified":"2026-09-02T16:33:34","modified_gmt":"2026-09-02T16:33:34","slug":"championnat-deurope-juniors-lheure-de-la-revanche-europeenne-a-sonne-pour-clarisse-carillon","status":"publish","type":"post","link":"https:\/\/www.europesays.com\/fr\/1163358\/","title":{"rendered":"Championnat d\u2019Europe juniors. L\u2019heure de la revanche europ\u00e9enne a sonn\u00e9 pour Clarisse Carillon"},"content":{"rendered":"<p>\u00ab\u00a0\u00c7a fait trop longtemps que j\u2019attends d\u2019\u00eatre championne d\u2019Europe. Cette ann\u00e9e, je n\u2019ai pas le choix.\u00a0\u00bb Clarisse Carillon annonce la couleur.<\/p>\n<p>\u00c0 Podgorica (Mont\u00e9n\u00e9gro), seule la m\u00e9daille d\u2019or pourra la rassasier. \u00ab\u00a0Une m\u00e9daille est une m\u00e9daille donc je serai tr\u00e8s contente, pr\u00e9vient la Chagnotine. Mais elle n\u2019aura pas le m\u00eame go\u00fbt si je n\u2019arrive pas \u00e0 aller au bout.\u00a0\u00bb<\/p>\n<p>\u00ab\u00a0Je ne suis pas la t\u00eate \u00e0 abattre\u00a0\u00bb<\/p>\n<p>Une qu\u00eate de titre continentale aliment\u00e9e par un esprit de revanche apr\u00e8s son \u00e9limination en 8&#8230;<\/p>\n","protected":false},"excerpt":{"rendered":"\u00ab\u00a0\u00c7a fait trop longtemps que j\u2019attends d\u2019\u00eatre championne d\u2019Europe. Cette ann\u00e9e, je n\u2019ai pas le choix.\u00a0\u00bb Clarisse Carillon&hellip;\n","protected":false},"author":2,"featured_media":1163359,"comment_status":"","ping_status":"","sticky":false,"template":"","format":"standard","meta":{"footnotes":"","_share_on_mastodon":"0"},"categories":[1586],"tags":[11,51237,27834,11032,1777,674,107,1701,17649,1795,1011,27,13739,12,25,6003,517,21508],"class_list":["post-1163358","post","type-post","status-publish","format-standard","has-post-thumbnail","category-europe","tag-actualites","tag-chagny","tag-chagny-bassin","tag-edition-chalon-sur-saone","tag-eu","tag-europe","tag-fil-info","tag-fil-info-sport","tag-fil-print","tag-fil-web","tag-fr","tag-france","tag-judo","tag-news","tag-republique-francaise","tag-saone-et-loire","tag-sport","tag-sports-de-combat"],"share_on_mastodon":{"url":"https:\/\/pubeurope.com\/@fr\/117202413548023476","error":""},"_links":{"self":[{"href":"https:\/\/www.europesays.com\/fr\/wp-json\/wp\/v2\/posts\/1163358","targetHints":{"allow":["GET"]}}],"collection":[{"href":"https:\/\/www.europesays.com\/fr\/wp-json\/wp\/v2\/posts"}],"about":[{"href":"https:\/\/www.europesays.com\/fr\/wp-json\/wp\/v2\/types\/post"}],"author":[{"embeddable":true,"href":"https:\/\/www.europesays.com\/fr\/wp-json\/wp\/v2\/users\/2"}],"replies":[{"embeddable":true,"href":"https:\/\/www.europesays.com\/fr\/wp-json\/wp\/v2\/comments?post=1163358"}],"version-history":[{"count":0,"href":"https:\/\/www.europesays.com\/fr\/wp-json\/wp\/v2\/posts\/1163358\/revisions"}],"wp:featuredmedia":[{"embeddable":true,"href":"https:\/\/www.europesays.com\/fr\/wp-json\/wp\/v2\/media\/1163359"}],"wp:attachment":[{"href":"https:\/\/www.europesays.com\/fr\/wp-json\/wp\/v2\/media?parent=1163358"}],"wp:term":[{"taxonomy":"category","embeddable":true,"href":"https:\/\/www.europesays.com\/fr\/wp-json\/wp\/v2\/categories?post=1163358"},{"taxonomy":"post_tag","embeddable":true,"href":"https:\/\/www.europesays.com\/fr\/wp-json\/wp\/v2\/tags?post=1163358"}],"curies":[{"name":"wp","href":"https:\/\/api.w.org\/{rel}","templated":true}]}}