{"id":1163371,"date":"2026-09-02T16:49:17","date_gmt":"2026-09-02T16:49:17","guid":{"rendered":"https:\/\/www.europesays.com\/fr\/1163371\/"},"modified":"2026-09-02T16:49:17","modified_gmt":"2026-09-02T16:49:17","slug":"jules-catil-en-amoureux-des-bosses-au-lactique-actualite","status":"publish","type":"post","link":"https:\/\/www.europesays.com\/fr\/1163371\/","title":{"rendered":"Jules Catil, en amoureux des bosses au lactique &#8211; Actualit\u00e9"},"content":{"rendered":"<p style=\"text-align: justify;\"><a href=\"https:\/\/www.directvelo.com\/coureur\/58856\/jules-catil\" target=\"_blank\" rel=\"noopener nofollow\"><strong>Jules Catil<\/strong><\/a> a bien achev\u00e9 son Tour des Landes, ce dimanche. Sur la derni\u00e8re \u00e9tape, <strong><a href=\"https:\/\/www.directvelo.com\/actualite\/131591\/tour-des-landes-et-3-classements\" target=\"_blank\" rel=\"noopener nofollow\">le coureur du Team 31 Specialized est parvenu \u00e0 s&rsquo;imposer<\/a><\/strong> au terme d&rsquo;une journ\u00e9e bien mouvement\u00e9e. \u00ab\u00a0Le plan \u00e9tait d&rsquo;en mettre un peu partout. On a vu que les gars des Bouches-du-Rh\u00f4ne \u00e9taient les plus costauds, en plus ils avaient fait une bonne place le matin au chrono par \u00e9quipe. On s&rsquo;est dit qu&rsquo;il fallait essayer de lancer la course et essayer de prendre de l&rsquo;\u00e9cart sans avoir des gars de cette \u00e9quipe devant\u00a0\u00bb. Mission accomplie. \u00ab\u00a0On est partis avec deux de mes coll\u00e8gues, Alo\u00efs (Sommer) et Florian (St\u00e9phan). Mais le groupe ne s&rsquo;entendait pas tr\u00e8s bien parce qu&rsquo;on \u00e9tait quand m\u00eame pas mal devant\u00a0\u00bb.<\/p>\n<p style=\"text-align: justify;\">Dans ce groupe fleuve, il a donc fallu un \u00e9cr\u00e9mage pour trouver un peu de discipline. Et de nouvelles attaques \u00e0 moins de 40 kilom\u00e8tres du but ont relanc\u00e9 la course. \u00ab\u00a0On ne s&rsquo;entendait pas tr\u00e8s bien mais on a quand m\u00eame r\u00e9ussi \u00e0 maintenir de l&rsquo;avance\u00a0\u00bb. Puis Romain Courtin, du Stade Toulousain, a tent\u00e9 une attaque dans le dernier GPM. \u00ab\u00a0J&rsquo;ai eu les consignes de mon staff d&rsquo;attaquer, et faire en sorte de ne pas avoir de mecs de Villemur car eux aussi \u00e9taient bien plac\u00e9s\u00a0\u00bb. Jules Catil s&rsquo;est alors ex\u00e9cut\u00e9. \u00ab\u00a0Je me sentais bien, j&rsquo;ai rattrap\u00e9 le coureur du Stade Toulousain qui \u00e9tait devant et au final on est parti en groupe et c&rsquo;est all\u00e9 au bout\u00a0\u00bb. Mais il y avait bien des coureurs de Villemur aux avant-postes, \u00e0 savoir Mathias Raujol et Nolann Garnier.<\/p>\n<p><strong>\u00ab LA VICTOIRE \u00c9TAIT TOUJOURS DANS UN COIN DE MA T\u00caTE, SANS QUE \u00c7A NE FONCTIONNE \u00bb<\/strong><\/p>\n<p>Heureusement pour le Junior 1, il est quand m\u00eame parvenu \u00e0 imposer sa pointe de vitesse. \u00ab\u00a0Au sprint c&rsquo;\u00e9tait vraiment dur, le dernier kilom\u00e8tre est mont\u00e9 vraiment fort avec les deux coureurs de Villemur, et au sprint j&rsquo;ai r\u00e9ussi \u00e0 r\u00e9gler mon groupe donc je suis tr\u00e8s content\u00a0\u00bb. Sur ce terrain difficile, Jules Catil est comme un poisson dans l&rsquo;eau. \u00ab\u00a0C&rsquo;est quelque chose que j&rsquo;appr\u00e9cie bien, les bosses avec le lactique, les bosses raides en sprint&#8230; Je sentais que je pouvais faire une bonne place\u00a0\u00bb. Mais apr\u00e8s une chute au GP Andr\u00e9 Noyelle, sa saison avait \u00e9t\u00e9 perturb\u00e9e et son programme bien amput\u00e9. \u00ab\u00a0La victoire \u00e9tait toujours dans un coin de ma t\u00eate, sans que \u00e7a ne fonctionne, mais l\u00e0 j&rsquo;ai r\u00e9ussi. Pour la fin de saison c&rsquo;est vraiment tr\u00e8s bien\u00a0\u00bb.<\/p>\n<p>Sa fin de saison s&rsquo;inscrira notamment \u00e0 la Classique Puisaye-Forterre, en Coupe de France. \u00ab\u00a0Apr\u00e8s je couperai, et le cyclo-cross, c&rsquo;est termin\u00e9 pour moi. C&rsquo;est un choix de ma part comme \u00e7a je r\u00e9attaque bien la saison 2027 sur route\u00a0\u00bb. Vainqueur cette ann\u00e9e en Coupe des Nations, sur le Tour de Castello, Jules Catil veut confirmer en Junior 2. \u00ab\u00a0Mes objectifs, c&rsquo;est quand m\u00eame de faire des bonnes places et des victoires sur les courses UCI. Les courses comme celle-l\u00e0, c&rsquo;est assez rapide et quand m\u00eame compliqu\u00e9 avec des petites bosses casse-pattes sur tout le parcours. Puis apr\u00e8s j&rsquo;arrive \u00e0 bien me d\u00e9brouiller sur un peu tous les profils de parcours\u00a0\u00bb. Reste maintenant \u00e0 continuer de le prouver.<\/p>\n","protected":false},"excerpt":{"rendered":"Jules Catil a bien achev\u00e9 son Tour des Landes, ce dimanche. Sur la derni\u00e8re \u00e9tape, le coureur du&hellip;\n","protected":false},"author":2,"featured_media":1163372,"comment_status":"","ping_status":"","sticky":false,"template":"","format":"standard","meta":{"footnotes":"","_share_on_mastodon":"0"},"categories":[1411],"tags":[834,828,836,829,837,827,83,826,824,823,1154,207,814,817,815,816,822,821,832,211,839,1011,27,820,818,819,835,831,830,833,838,60,212,208,825],"class_list":["post-1163371","post","type-post","status-publish","format-standard","has-post-thumbnail","category-cyclisme","tag-attaque","tag-belgique","tag-braquet","tag-bretagne","tag-chute","tag-competition","tag-coupe-de-france","tag-coureur","tag-course-cyclisme","tag-course-cycliste","tag-cycling","tag-cyclisme","tag-direct","tag-direct-velo","tag-directvelo","tag-directvelo-com","tag-epreuve","tag-epreuve-cycliste","tag-federation-francaise-de-cyclisme","tag-ffc","tag-flandres","tag-fr","tag-france","tag-live","tag-live-course","tag-live-epreuve","tag-peloton","tag-radio-peloton","tag-radio-tour","tag-ravitaillement","tag-relance","tag-sports","tag-uci","tag-velo","tag-velos"],"share_on_mastodon":{"url":"https:\/\/pubeurope.com\/@fr\/117202476552076095","error":""},"_links":{"self":[{"href":"https:\/\/www.europesays.com\/fr\/wp-json\/wp\/v2\/posts\/1163371","targetHints":{"allow":["GET"]}}],"collection":[{"href":"https:\/\/www.europesays.com\/fr\/wp-json\/wp\/v2\/posts"}],"about":[{"href":"https:\/\/www.europesays.com\/fr\/wp-json\/wp\/v2\/types\/post"}],"author":[{"embeddable":true,"href":"https:\/\/www.europesays.com\/fr\/wp-json\/wp\/v2\/users\/2"}],"replies":[{"embeddable":true,"href":"https:\/\/www.europesays.com\/fr\/wp-json\/wp\/v2\/comments?post=1163371"}],"version-history":[{"count":0,"href":"https:\/\/www.europesays.com\/fr\/wp-json\/wp\/v2\/posts\/1163371\/revisions"}],"wp:featuredmedia":[{"embeddable":true,"href":"https:\/\/www.europesays.com\/fr\/wp-json\/wp\/v2\/media\/1163372"}],"wp:attachment":[{"href":"https:\/\/www.europesays.com\/fr\/wp-json\/wp\/v2\/media?parent=1163371"}],"wp:term":[{"taxonomy":"category","embeddable":true,"href":"https:\/\/www.europesays.com\/fr\/wp-json\/wp\/v2\/categories?post=1163371"},{"taxonomy":"post_tag","embeddable":true,"href":"https:\/\/www.europesays.com\/fr\/wp-json\/wp\/v2\/tags?post=1163371"}],"curies":[{"name":"wp","href":"https:\/\/api.w.org\/{rel}","templated":true}]}}