{"id":1163373,"date":"2026-09-02T16:50:16","date_gmt":"2026-09-02T16:50:16","guid":{"rendered":"https:\/\/www.europesays.com\/fr\/1163373\/"},"modified":"2026-09-02T16:50:16","modified_gmt":"2026-09-02T16:50:16","slug":"larabie-saoudite-degaine-refus-categorique-du-psg","status":"publish","type":"post","link":"https:\/\/www.europesays.com\/fr\/1163373\/","title":{"rendered":"L&rsquo;Arabie Saoudite d\u00e9gaine, refus cat\u00e9gorique du PSG"},"content":{"rendered":"<p><b>Le <a href=\"https:\/\/www.foot01.com\/mercato\" title=\"Mercato\" rel=\"nofollow noopener\" target=\"_blank\">mercato<\/a> n\u2019est pas totalement ferm\u00e9 puisque certains pays ont encore le droit de recruter. C\u2019est le cas de l\u2019Arabie Saoudite, qui a envoy\u00e9 une offre au PSG ces derni\u00e8res heures pour Lucas Beraldo.<\/b>La journ\u00e9e du mardi 1er septembre a \u00e9t\u00e9 particuli\u00e8rement mouvement\u00e9e en Europe, avec la fin du mercato en Italie, en Allemagne, en Angleterre, en Espagne et bien s\u00fbr en France. Les clubs de <a href=\"https:\/\/www.foot01.com\/ligue1\" title=\"Ligue 1\" rel=\"nofollow noopener\" target=\"_blank\">Ligue 1<\/a> peuvent n\u00e9anmoins toujours recruter un joker dans l\u2019Hexagone ou des joueurs libres. Ils peuvent aussi continuer \u00e0 vendre dans certains championnats o\u00f9 le mercato est encore ouvert. C\u2019est le cas en Turquie mais \u00e9galement en <a href=\"https:\/\/www.foot01.com\/arabie-saoudite\" title=\"Arabie Saoudite\" rel=\"nofollow noopener\" target=\"_blank\">Arabie Saoudite<\/a>, o\u00f9 les clubs de Saudi Pro League ont encore quatre jours pour faire leurs emplettes.<\/p>\n<p>Selon les informations du compte X PSG Inside Actu, une offre a justement \u00e9t\u00e9 transmise en provenance d\u2019Arabie Saoudite pour Lucas Beraldo. La direction parisienne, qui n\u2019a pas recrut\u00e9 en d\u00e9fense centrale cet \u00e9t\u00e9, a toutefois refus\u00e9 de vendre le Br\u00e9silien. \u00ab Une offre en provenance d\u2019un club d\u2019Arabie saoudite serait arriv\u00e9e en tout d\u00e9but de matin\u00e9e  mardi pour Lucas Beraldo. Le Paris Saint-Germain aurait rapidement refus\u00e9 cette proposition, ne souhaitant pas laisser partir son d\u00e9fenseur devenu milieu ces derniers mois \u00bb explique le compte sp\u00e9cialis\u00e9, qui ajoute que ce n\u2019est pas la premi\u00e8re fois au cours de l\u2019\u00e9t\u00e9 que Lucas Beraldo est courtis\u00e9.<\/p>\n<p>Hors de question pour le PSG de vendre Beraldo<\/p>\n<p>Et pour cause, l\u2019ancien joueur de Sao Paulo avait re\u00e7u il y a quelques semaines une proposition de Newcastle. L\u00e0 aussi, le Paris SG avait cat\u00e9goriquement refus\u00e9 de se s\u00e9parer de l\u2019international br\u00e9silien. Cela pour deux raisons : Luis Enrique souhaite profiter de sa polyvalence, avec la possibilit\u00e9 de jouer d\u00e9fenseur central, lat\u00e9ral gauche et milieu de terrain. Surtout, le club estime que Beraldo aura un r\u00f4le \u00e0 jouer cette saison alors qu\u2019aucune recrue n\u2019est arriv\u00e9e en d\u00e9fense centrale et o\u00f9 Marquinhos, Zabarnyi, Lucas Hernandez et Pacho risquent d\u2019avoir besoin de souffler au cours de la saison.<\/p>\n","protected":false},"excerpt":{"rendered":"Le mercato n\u2019est pas totalement ferm\u00e9 puisque certains pays ont encore le droit de recruter. C\u2019est le cas&hellip;\n","protected":false},"author":2,"featured_media":1163374,"comment_status":"","ping_status":"","sticky":false,"template":"","format":"standard","meta":{"footnotes":"","_share_on_mastodon":"0"},"categories":[1410],"tags":[4947,63,1011,27,66,1434,93,60],"class_list":["post-1163373","post","type-post","status-publish","format-standard","has-post-thumbnail","category-football","tag-arabie-saoudite","tag-football","tag-fr","tag-france","tag-ligue-1","tag-mercato","tag-psg","tag-sports"],"share_on_mastodon":{"url":"https:\/\/pubeurope.com\/@fr\/117202480501661284","error":""},"_links":{"self":[{"href":"https:\/\/www.europesays.com\/fr\/wp-json\/wp\/v2\/posts\/1163373","targetHints":{"allow":["GET"]}}],"collection":[{"href":"https:\/\/www.europesays.com\/fr\/wp-json\/wp\/v2\/posts"}],"about":[{"href":"https:\/\/www.europesays.com\/fr\/wp-json\/wp\/v2\/types\/post"}],"author":[{"embeddable":true,"href":"https:\/\/www.europesays.com\/fr\/wp-json\/wp\/v2\/users\/2"}],"replies":[{"embeddable":true,"href":"https:\/\/www.europesays.com\/fr\/wp-json\/wp\/v2\/comments?post=1163373"}],"version-history":[{"count":0,"href":"https:\/\/www.europesays.com\/fr\/wp-json\/wp\/v2\/posts\/1163373\/revisions"}],"wp:featuredmedia":[{"embeddable":true,"href":"https:\/\/www.europesays.com\/fr\/wp-json\/wp\/v2\/media\/1163374"}],"wp:attachment":[{"href":"https:\/\/www.europesays.com\/fr\/wp-json\/wp\/v2\/media?parent=1163373"}],"wp:term":[{"taxonomy":"category","embeddable":true,"href":"https:\/\/www.europesays.com\/fr\/wp-json\/wp\/v2\/categories?post=1163373"},{"taxonomy":"post_tag","embeddable":true,"href":"https:\/\/www.europesays.com\/fr\/wp-json\/wp\/v2\/tags?post=1163373"}],"curies":[{"name":"wp","href":"https:\/\/api.w.org\/{rel}","templated":true}]}}