{"id":1163401,"date":"2026-09-02T17:07:14","date_gmt":"2026-09-02T17:07:14","guid":{"rendered":"https:\/\/www.europesays.com\/fr\/1163401\/"},"modified":"2026-09-02T17:07:14","modified_gmt":"2026-09-02T17:07:14","slug":"saint-chamond-de-4-a-75-dimanche-tous-les-kilometres-de-la-st-chamthon-menent-au-telethon","status":"publish","type":"post","link":"https:\/\/www.europesays.com\/fr\/1163401\/","title":{"rendered":"Saint-Chamond. De 4 \u00e0 75\u00a0: dimanche, tous les kilom\u00e8tres de la St-Cham\u2019Thon m\u00e8nent au T\u00e9l\u00e9thon"},"content":{"rendered":"<p>\u00ab\u00a0Quelle plus belle mani\u00e8re d\u2019ouvrir la campagne 2026 du T\u00e9l\u00e9thon, qui f\u00eatera cette ann\u00e9e sa 40e \u00e9dition, avec cette manifestation populaire ouverte \u00e0 tous et proposant un bon moment d\u2019activit\u00e9s physiques et ludiques\u00a0\u00bb, commente Jean-Fran\u00e7ois Cinier, pr\u00e9sident d\u2019Associathon. \u00ab\u00a0Que l\u2019on soit marcheur, cycliste ou VTTiste, seul, en famille ou entre&#8230;<\/p>\n","protected":false},"excerpt":{"rendered":"\u00ab\u00a0Quelle plus belle mani\u00e8re d\u2019ouvrir la campagne 2026 du T\u00e9l\u00e9thon, qui f\u00eatera cette ann\u00e9e sa 40e \u00e9dition, avec&hellip;\n","protected":false},"author":2,"featured_media":1163402,"comment_status":"","ping_status":"","sticky":false,"template":"","format":"standard","meta":{"footnotes":"","_share_on_mastodon":"0"},"categories":[9653],"tags":[1111,11,2430,7782,1687,7539,1777,674,1011,27,12,25,9669,9670,4001],"class_list":["post-1163401","post","type-post","status-publish","format-standard","has-post-thumbnail","category-saint-etienne","tag-actu","tag-actualites","tag-auvergne-rhone-alpes","tag-balades-et-randonnees","tag-culture-loisirs","tag-edition-loire-sud","tag-eu","tag-europe","tag-fr","tag-france","tag-news","tag-republique-francaise","tag-saint-chamond","tag-saint-chamond-ville","tag-saint-etienne"],"share_on_mastodon":{"url":"https:\/\/pubeurope.com\/@fr\/117202547135091342","error":""},"_links":{"self":[{"href":"https:\/\/www.europesays.com\/fr\/wp-json\/wp\/v2\/posts\/1163401","targetHints":{"allow":["GET"]}}],"collection":[{"href":"https:\/\/www.europesays.com\/fr\/wp-json\/wp\/v2\/posts"}],"about":[{"href":"https:\/\/www.europesays.com\/fr\/wp-json\/wp\/v2\/types\/post"}],"author":[{"embeddable":true,"href":"https:\/\/www.europesays.com\/fr\/wp-json\/wp\/v2\/users\/2"}],"replies":[{"embeddable":true,"href":"https:\/\/www.europesays.com\/fr\/wp-json\/wp\/v2\/comments?post=1163401"}],"version-history":[{"count":0,"href":"https:\/\/www.europesays.com\/fr\/wp-json\/wp\/v2\/posts\/1163401\/revisions"}],"wp:featuredmedia":[{"embeddable":true,"href":"https:\/\/www.europesays.com\/fr\/wp-json\/wp\/v2\/media\/1163402"}],"wp:attachment":[{"href":"https:\/\/www.europesays.com\/fr\/wp-json\/wp\/v2\/media?parent=1163401"}],"wp:term":[{"taxonomy":"category","embeddable":true,"href":"https:\/\/www.europesays.com\/fr\/wp-json\/wp\/v2\/categories?post=1163401"},{"taxonomy":"post_tag","embeddable":true,"href":"https:\/\/www.europesays.com\/fr\/wp-json\/wp\/v2\/tags?post=1163401"}],"curies":[{"name":"wp","href":"https:\/\/api.w.org\/{rel}","templated":true}]}}