{"id":1163403,"date":"2026-09-02T17:08:18","date_gmt":"2026-09-02T17:08:18","guid":{"rendered":"https:\/\/www.europesays.com\/fr\/1163403\/"},"modified":"2026-09-02T17:08:18","modified_gmt":"2026-09-02T17:08:18","slug":"loire-le-pilote-de-la-trottinette-roulait-sans-casque-a-55-km-heure-a-saint-etienne","status":"publish","type":"post","link":"https:\/\/www.europesays.com\/fr\/1163403\/","title":{"rendered":"Loire. Le pilote de la trottinette roulait, sans casque, \u00e0 55\u00a0km\/heure \u00e0 Saint-\u00c9tienne"},"content":{"rendered":"<p>Les policiers de la Brigade motocycliste urbaine (BMU) de Saint-\u00c9tienne n\u2019en ont probablement pas cru leurs yeux et ont probablement v\u00e9rifi\u00e9 \u00e0 plusieurs reprises le cadran de leur appareil de mesure de la vitesse. Ce mardi 1er\u00a0septembre, il est quasiment 17 h 30, quand les agents de la BMU se trouvent au rond-point Pinay dans le quartier de Monthieu \u00e0 Saint-\u00c9tienne pour r\u00e9aliser un contr\u00f4le de vitesse.<\/p>\n<p>C\u2019est alors que, remontant la RN 488 en direction du centre-ville, les personnels de la Direction interd\u00e9partementale de la police nationale de la Loire aper\u00e7oivent un homme, \u00e2g\u00e9 d\u2019une trentaine d\u2019ann\u00e9es, circulant sur une trottinette \u00e0 tr\u00e8s vive allure. Une impression confirm\u00e9e par le radar qui indique que ce dernier avance \u00e0 55\u00a0km\/heure. Stup\u00e9faits par ce qu\u2019ils viennent de d\u00e9couvrir, les policiers stoppent l\u2019engin afin de proc\u00e9der \u00e0 un contr\u00f4le.<\/p>\n<p>  La trottinette plac\u00e9e en fourri\u00e8re<\/p>\n<p>Rapidement, ces derniers se rendent compte que le deux-roues est d\u00e9brid\u00e9 et ne respecte donc pas la r\u00e9glementation en vigueur. De plus, le conducteur ne porte pas de casque. \u00ab Ce n\u2019est pas obligatoire mais cela est tr\u00e8s fortement conseill\u00e9 car en cas de chute, c\u2019est la t\u00eate qui tape en premier le sol\u00a0\u00bb, indique un policier exp\u00e9riment\u00e9 contact\u00e9 par nos soins qui ne manque pas d\u2019ajouter que \u00ab\u00a0m\u00eame en trottinette, la vitesse se contr\u00f4le. Trafiquer sa trottinette peut \u00eatre dangereux pour soi mais aussi pour autrui\u00a0\u00bb.<\/p>\n<p>Le trentenaire, domicili\u00e9 \u00e0 Saint-\u00c9tienne, a \u00e9t\u00e9 verbalis\u00e9 et son v\u00e9hicule plac\u00e9 en fourri\u00e8re.<\/p>\n","protected":false},"excerpt":{"rendered":"Les policiers de la Brigade motocycliste urbaine (BMU) de Saint-\u00c9tienne n\u2019en ont probablement pas cru leurs yeux et&hellip;\n","protected":false},"author":2,"featured_media":1163404,"comment_status":"","ping_status":"","sticky":false,"template":"","format":"standard","meta":{"footnotes":"","_share_on_mastodon":"0"},"categories":[9653],"tags":[1111,11,2430,271,272,7539,1777,674,274,107,1011,27,3367,12,25,4001,7538,104,2803],"class_list":["post-1163403","post","type-post","status-publish","format-standard","has-post-thumbnail","category-saint-etienne","tag-actu","tag-actualites","tag-auvergne-rhone-alpes","tag-crime","tag-delit-et-contravention","tag-edition-loire-sud","tag-eu","tag-europe","tag-faits-divers-justice","tag-fil-info","tag-fr","tag-france","tag-loire","tag-news","tag-republique-francaise","tag-saint-etienne","tag-saint-etienne-ville","tag-societe","tag-transport"],"share_on_mastodon":{"url":"https:\/\/pubeurope.com\/@fr\/117202551067433551","error":""},"_links":{"self":[{"href":"https:\/\/www.europesays.com\/fr\/wp-json\/wp\/v2\/posts\/1163403","targetHints":{"allow":["GET"]}}],"collection":[{"href":"https:\/\/www.europesays.com\/fr\/wp-json\/wp\/v2\/posts"}],"about":[{"href":"https:\/\/www.europesays.com\/fr\/wp-json\/wp\/v2\/types\/post"}],"author":[{"embeddable":true,"href":"https:\/\/www.europesays.com\/fr\/wp-json\/wp\/v2\/users\/2"}],"replies":[{"embeddable":true,"href":"https:\/\/www.europesays.com\/fr\/wp-json\/wp\/v2\/comments?post=1163403"}],"version-history":[{"count":0,"href":"https:\/\/www.europesays.com\/fr\/wp-json\/wp\/v2\/posts\/1163403\/revisions"}],"wp:featuredmedia":[{"embeddable":true,"href":"https:\/\/www.europesays.com\/fr\/wp-json\/wp\/v2\/media\/1163404"}],"wp:attachment":[{"href":"https:\/\/www.europesays.com\/fr\/wp-json\/wp\/v2\/media?parent=1163403"}],"wp:term":[{"taxonomy":"category","embeddable":true,"href":"https:\/\/www.europesays.com\/fr\/wp-json\/wp\/v2\/categories?post=1163403"},{"taxonomy":"post_tag","embeddable":true,"href":"https:\/\/www.europesays.com\/fr\/wp-json\/wp\/v2\/tags?post=1163403"}],"curies":[{"name":"wp","href":"https:\/\/api.w.org\/{rel}","templated":true}]}}