{"id":1163408,"date":"2026-09-02T17:12:14","date_gmt":"2026-09-02T17:12:14","guid":{"rendered":"https:\/\/www.europesays.com\/fr\/1163408\/"},"modified":"2026-09-02T17:12:14","modified_gmt":"2026-09-02T17:12:14","slug":"un-jeune-dauphin-sinvite-dans-ce-port-varois-et-refuse-de-repartir-au-large","status":"publish","type":"post","link":"https:\/\/www.europesays.com\/fr\/1163408\/","title":{"rendered":"Un jeune dauphin s&rsquo;invite dans ce port varois et refuse de repartir au large"},"content":{"rendered":"<p>                    Par<br \/>\n        <strong><br \/>\n            <a href=\"https:\/\/actu.fr\/auteur\/lea-nicosia\" title=\"Consulter tous les articles de L\u00e9a Nicosia\" rel=\"nofollow noopener\" target=\"_blank\">L\u00e9a Nicosia<\/a><br \/>\n                    <\/strong><\/p>\n<p>        Publi\u00e9 le<\/p>\n<p>            2 sept. 2026 \u00e0 18h04        <\/p>\n<p>Il y a parfois des visiteurs que l\u2019on n\u2019attend pas, mais que l\u2019on est heureux de rencontrer. Ce mercredi matin, \u00e0 Sanary-sur-Mer, c\u2019est un jeune dauphin qui a d\u00e9cid\u00e9 de faire une entr\u00e9e <strong>remarqu\u00e9e<\/strong>.\u00a0<\/p>\n<p class=\" wall-content\">Alors que le port s\u2019anime doucement et que le march\u00e9 attire ses premiers visiteurs, une silhouette famili\u00e8re aux amoureux de la M\u00e9diterran\u00e9e fait son apparition. Depuis plusieurs heures, le c\u00e9tac\u00e9 \u00e9volue dans les eaux du port, offrant une sc\u00e8ne pour le moins <strong>inhabituelle<\/strong> aux personnes qui ont pu l\u2019apercevoir. \u00c0 ce stade, le jeune dauphin ne pr\u00e9sente pas de signe particulier de <strong>faiblesse<\/strong>. Mais sa pr\u00e9sence dans une zone portuaire n\u00e9cessite une<strong> surveillance attentive.<\/strong><\/p>\n<p>Un visiteur qui ne veut visiblement pas repartir<\/p>\n<p class=\" wall-content\">Depuis plusieurs heures, les services du port observent ses <strong>d\u00e9placements<\/strong> et encadrent la situation, avec l\u2019appui de prestataires nautiques sp\u00e9cialis\u00e9s dans les c\u00e9tac\u00e9s.<\/p>\n<p class=\" wall-content\">Les \u00e9quipes sont \u00e9galement en contact direct avec le R\u00e9seau national d\u2019\u00e9chouage (RNE), qui suit la situation et apporte son expertise sur la conduite \u00e0 tenir lorsqu\u2019un mammif\u00e8re marin se retrouve dans une<strong> zone portuaire<\/strong>.<\/p>\n<p class=\" wall-content\">Durant la matin\u00e9e, plusieurs tentatives ont \u00e9t\u00e9 men\u00e9es afin d\u2019accompagner <strong>doucement<\/strong> le dauphin vers la sortie du port, mais le jeune visiteur semble avoir une id\u00e9e<strong> bien pr\u00e9cise<\/strong> de l\u2019endroit o\u00f9 il souhaite \u00eatre. \u00c0 plusieurs reprises, il a fait demi-tour pour revenir vers les pontons du port. Comme s\u2019il avait d\u00e9cid\u00e9, pour quelques heures au moins, de prolonger sa petite escapade sanaryenne. Le large reste pourtant son environnement naturel.<\/p>\n<p>Une rencontre \u00e0 observer de loin<\/p>\n<p class=\" wall-content\">Forc\u00e9ment, la pr\u00e9sence d\u2019un dauphin dans le port attire les regards. La sc\u00e8ne est rare et peut donner envie de s\u2019approcher pour tenter d\u2019observer l\u2019animal de plus pr\u00e8s. Mais les services du port appellent justement \u00e0 ne pas chercher \u00e0 le toucher, \u00e0 l\u2019approcher ou \u00e0 le nourrir.<\/p>\n<p class=\" wall-content\">Pour le c\u00e9tac\u00e9, le calme est <strong>essentiel<\/strong>. Garder ses distances permet de ne pas le perturber et de favoriser son retour vers un environnement plus adapt\u00e9.<\/p>\n<p class=\" wall-content\">Pas question donc de transformer cette jolie rencontre en <strong>attroupement<\/strong> autour de lui. Le meilleur spectacle reste celui que l\u2019on observe avec <strong>discr\u00e9tion<\/strong>, en laissant l\u2019animal \u00e9voluer <strong>tranquillement<\/strong>. Les \u00e9quipes portuaires poursuivent leur <strong>surveillance<\/strong> et restent en lien avec les sp\u00e9cialistes afin d\u2019adapter les actions \u00e0 l\u2019\u00e9volution de la situation.<\/p>\n<p class=\" wall-content\">Personnalisez votre actualit\u00e9 en ajoutant vos villes et m\u00e9dias en favori avec <a href=\"https:\/\/moncompte.actu.fr\" title=\"D\u00e9couvez Mon Actu\" rel=\"nofollow noopener\" data-trk=\"{&quot;cta&quot;:{&quot;action&quot;:&quot;https:\\\/\\\/moncompte.actu.fr&quot;,&quot;category&quot;:&quot;mon compte&quot;,&quot;from&quot;:&quot;article footer&quot;,&quot;name&quot;:&quot;Mon actu&quot;,&quot;type&quot;:&quot;cta&quot;}}\" target=\"_blank\">Mon Actu<\/a>.<\/p>\n","protected":false},"excerpt":{"rendered":"Par L\u00e9a Nicosia Publi\u00e9 le 2 sept. 2026 \u00e0 18h04 Il y a parfois des visiteurs que l\u2019on&hellip;\n","protected":false},"author":2,"featured_media":1163409,"comment_status":"","ping_status":"","sticky":false,"template":"","format":"standard","meta":{"footnotes":"","_share_on_mastodon":"0"},"categories":[9619],"tags":[1111,11,1867,1777,674,1011,27,6127,12,52,882,25,2310],"class_list":["post-1163408","post","type-post","status-publish","format-standard","has-post-thumbnail","category-toulon","tag-actu","tag-actualites","tag-animaux","tag-eu","tag-europe","tag-fr","tag-france","tag-mer","tag-news","tag-planete","tag-provence-alpes-cote-dazur","tag-republique-francaise","tag-toulon"],"share_on_mastodon":{"url":"https:\/\/pubeurope.com\/@fr\/117202567210203846","error":""},"_links":{"self":[{"href":"https:\/\/www.europesays.com\/fr\/wp-json\/wp\/v2\/posts\/1163408","targetHints":{"allow":["GET"]}}],"collection":[{"href":"https:\/\/www.europesays.com\/fr\/wp-json\/wp\/v2\/posts"}],"about":[{"href":"https:\/\/www.europesays.com\/fr\/wp-json\/wp\/v2\/types\/post"}],"author":[{"embeddable":true,"href":"https:\/\/www.europesays.com\/fr\/wp-json\/wp\/v2\/users\/2"}],"replies":[{"embeddable":true,"href":"https:\/\/www.europesays.com\/fr\/wp-json\/wp\/v2\/comments?post=1163408"}],"version-history":[{"count":0,"href":"https:\/\/www.europesays.com\/fr\/wp-json\/wp\/v2\/posts\/1163408\/revisions"}],"wp:featuredmedia":[{"embeddable":true,"href":"https:\/\/www.europesays.com\/fr\/wp-json\/wp\/v2\/media\/1163409"}],"wp:attachment":[{"href":"https:\/\/www.europesays.com\/fr\/wp-json\/wp\/v2\/media?parent=1163408"}],"wp:term":[{"taxonomy":"category","embeddable":true,"href":"https:\/\/www.europesays.com\/fr\/wp-json\/wp\/v2\/categories?post=1163408"},{"taxonomy":"post_tag","embeddable":true,"href":"https:\/\/www.europesays.com\/fr\/wp-json\/wp\/v2\/tags?post=1163408"}],"curies":[{"name":"wp","href":"https:\/\/api.w.org\/{rel}","templated":true}]}}