{"id":1163418,"date":"2026-09-02T17:18:16","date_gmt":"2026-09-02T17:18:16","guid":{"rendered":"https:\/\/www.europesays.com\/fr\/1163418\/"},"modified":"2026-09-02T17:18:16","modified_gmt":"2026-09-02T17:18:16","slug":"pas-de-concert-ni-a-rouen-ni-a-caen-patrick-bruel-annule-sa-tournee","status":"publish","type":"post","link":"https:\/\/www.europesays.com\/fr\/1163418\/","title":{"rendered":"Pas de concert, ni \u00e0 Rouen ni \u00e0 Caen : Patrick Bruel annule sa tourn\u00e9e"},"content":{"rendered":"\n<p>Patrick Bruel ne fera finalement pas le d\u00e9placement en Normandie cet automne. Le chanteur,<strong> mis en examen pour violences sexuelles<\/strong> \u00e0 la suite de plusieurs plaintes de femmes, annonce mardi 1er septembre <strong>l&rsquo;annulation de sa tourn\u00e9e en France<\/strong>. Il devait se produire au<strong> <\/strong>Z\u00e9nith de Rouen le 18 octobre et \u00e0 celui de Caen le lendemain, deux concerts qui affichaient d\u00e9j\u00e0 complet. \u00ab\u00a0Plus de 150 000 personnes qui attendiez avec tant d&rsquo;impatience ce rendez-vous des 35 ans, mais je constate qu&rsquo;aujourd&rsquo;hui, cette tourn\u00e9e est devenue autre chose, elle est devenue l&rsquo;incarnation d&rsquo;un d\u00e9bat qui la d\u00e9passe\u00a0\u00bb \u00e9crit-il.<\/p>\n<p>\u00ab\u00a0Cette d\u00e9cision ne signifie en aucun cas que je renonce \u00e0 me d\u00e9fendre\u00a0\u00bb<\/p>\n<p>Malgr\u00e9 cette d\u00e9cision, l&rsquo;artiste de 67 ans continue de clamer son innocence : \u00ab\u00a0Cette d\u00e9cision ne signifie<strong> en aucun cas que je renonce \u00e0 me d\u00e9fendre<\/strong>\u00a0\u00bb\u00a0a justifi\u00e9 l&rsquo;auteur de \u00ab\u00a0Casser la voix\u00a0\u00bb dans son message publi\u00e9 sur les r\u00e9seaux sociaux. Le maire de Rouen, Nicolas Mayer-Rossignol, avait r\u00e9clam\u00e9 en mai dernier cette annulation : \u00ab\u00a0La pr\u00e9somption d&rsquo;innocence n&#8217;emp\u00eache pas le respect de la parole des femmes. Je n&rsquo;ai pas le pouvoir d&rsquo;annuler un concert. Mais pour que justice soit rendue sereinement, dans l&rsquo;int\u00e9r\u00eat de tous y compris de la d\u00e9fense, Patrick Bruel devrait suspendre sa tourn\u00e9e\u00a0\u00bb\u00a0indiquait l&rsquo;\u00e9lu.<\/p>\n","protected":false},"excerpt":{"rendered":"Patrick Bruel ne fera finalement pas le d\u00e9placement en Normandie cet automne. Le chanteur, mis en examen pour&hellip;\n","protected":false},"author":2,"featured_media":1163419,"comment_status":"","ping_status":"","sticky":false,"template":"","format":"standard","meta":{"footnotes":"","_share_on_mastodon":"0"},"categories":[9587],"tags":[15467,1111,11,2562,17884,13632,81000,5492,1696,1697,1777,674,1011,27,6774,12,5161,7518,12012,25,9590,395,4441],"class_list":["post-1163418","post","type-post","status-publish","format-standard","has-post-thumbnail","category-rouen","tag-1er","tag-actu","tag-actualites","tag-annonce","tag-annule","tag-automne","tag-bruel","tag-caen","tag-chanteur","tag-concert","tag-eu","tag-europe","tag-fr","tag-france","tag-mercredi","tag-news","tag-normandie","tag-octobre","tag-patrick","tag-republique-francaise","tag-rouen","tag-septembre","tag-tournee"],"share_on_mastodon":{"url":"https:\/\/pubeurope.com\/@fr\/117202590633173874","error":""},"_links":{"self":[{"href":"https:\/\/www.europesays.com\/fr\/wp-json\/wp\/v2\/posts\/1163418","targetHints":{"allow":["GET"]}}],"collection":[{"href":"https:\/\/www.europesays.com\/fr\/wp-json\/wp\/v2\/posts"}],"about":[{"href":"https:\/\/www.europesays.com\/fr\/wp-json\/wp\/v2\/types\/post"}],"author":[{"embeddable":true,"href":"https:\/\/www.europesays.com\/fr\/wp-json\/wp\/v2\/users\/2"}],"replies":[{"embeddable":true,"href":"https:\/\/www.europesays.com\/fr\/wp-json\/wp\/v2\/comments?post=1163418"}],"version-history":[{"count":0,"href":"https:\/\/www.europesays.com\/fr\/wp-json\/wp\/v2\/posts\/1163418\/revisions"}],"wp:featuredmedia":[{"embeddable":true,"href":"https:\/\/www.europesays.com\/fr\/wp-json\/wp\/v2\/media\/1163419"}],"wp:attachment":[{"href":"https:\/\/www.europesays.com\/fr\/wp-json\/wp\/v2\/media?parent=1163418"}],"wp:term":[{"taxonomy":"category","embeddable":true,"href":"https:\/\/www.europesays.com\/fr\/wp-json\/wp\/v2\/categories?post=1163418"},{"taxonomy":"post_tag","embeddable":true,"href":"https:\/\/www.europesays.com\/fr\/wp-json\/wp\/v2\/tags?post=1163418"}],"curies":[{"name":"wp","href":"https:\/\/api.w.org\/{rel}","templated":true}]}}