{"id":1163435,"date":"2026-09-02T17:30:23","date_gmt":"2026-09-02T17:30:23","guid":{"rendered":"https:\/\/www.europesays.com\/fr\/1163435\/"},"modified":"2026-09-02T17:30:23","modified_gmt":"2026-09-02T17:30:23","slug":"incendie-a-nantes-un-feu-se-declare-dans-un-batiment-pres-de-la-gare","status":"publish","type":"post","link":"https:\/\/www.europesays.com\/fr\/1163435\/","title":{"rendered":"Incendie \u00e0 Nantes : un feu se d\u00e9clare dans un b\u00e2timent pr\u00e8s de la gare"},"content":{"rendered":"<p>                    Par<br \/>\n        <strong><br \/>\n            <a href=\"https:\/\/actu.fr\/auteur\/farah-sadallah\" title=\"Consulter tous les articles de Farah Sadallah\" rel=\"nofollow noopener\" target=\"_blank\">Farah Sadallah<\/a><br \/>\n                    <\/strong><\/p>\n<p>        Publi\u00e9 le<\/p>\n<p>            2 sept. 2026 \u00e0 18h24        <\/p>\n<p>Le Centre op\u00e9rationnel d\u00e9partemental d\u2019incendie et de secours (CODIS) a re\u00e7u de nombreux appels ce mercredi 2 septembre 2026, vers 15 h 44. Ces derniers signalaient <b>des fum\u00e9es importantes provenant du parking de la gare sud 3<\/b> \u00e0 Nantes (Loire-Atlantique), selon les informations du CODIS.\u00a0<\/p>\n<p class=\" wall-content\">Une fois sur place, les sapeurs-pompiers ont constat\u00e9 qu\u2019il s\u2019agissait en r\u00e9alit\u00e9 d\u2019un feu dans un b\u00e2timent, 18 rue du Cornulier, situ\u00e9 \u00e0 proximit\u00e9 du parking. <b>\u00c0 cette adresse se trouve notamment L\u2019Autre cantine<\/b>, l\u2019association d\u2019aide aux personnes exil\u00e9es, en situation de pr\u00e9carit\u00e9 et \u00e0 la rue.\u00a0<\/p>\n<p>    <a href=\"https:\/\/www.facebook.com\/plugins\/post.php?href=https%3A%2F%2Fwww.facebook.com%2FPrefet44%2Fposts%2Fpfbid02sNYWEKdAaqvLrevZ3DogepbEfcCM62sNxyWaw5sxi2hCcG4Qbx5acuSjQ7RZLTABl&amp;show_text=true&amp;width=350\" title=\"Ouvrie le lien\" rel=\"nofollow noopener\" target=\"_blank\">Cliquez ici pour visualiser le contenu<\/a><\/p>\n<p>500 personnes \u00e9vacu\u00e9es<\/p>\n<p class=\" wall-content\">\u00ab\u00a0Une quinzaine de personnes pr\u00e9sentes dans ce b\u00e2timent avaient quitt\u00e9 les lieux avant l\u2019arriv\u00e9e des secours\u00a0\u00bb, indique le centre op\u00e9rationnel. 500 personnes environ ont finalement \u00e9vacu\u00e9 le parking de huit \u00e9tages \u00e0 usage de bureaux et de stationnement. <b>Elles ont ensuite pu r\u00e9int\u00e9grer les locaux \u00e0 l\u2019issue des op\u00e9rations d\u2019extinction et de ventilation.\u00a0<\/b><\/p>\n<p class=\" wall-content\">Lors de l\u2019intervention, <b>30 sapeurs-pompiers<\/b> ont \u00e9t\u00e9 mobilis\u00e9s ainsi que sept engins.\u00a0<\/p>\n<p class=\" wall-content\">Personnalisez votre actualit\u00e9 en ajoutant vos villes et m\u00e9dias en favori avec <a href=\"https:\/\/moncompte.actu.fr\" title=\"D\u00e9couvez Mon Actu\" rel=\"nofollow noopener\" data-trk=\"{&quot;cta&quot;:{&quot;action&quot;:&quot;https:\\\/\\\/moncompte.actu.fr&quot;,&quot;category&quot;:&quot;mon compte&quot;,&quot;from&quot;:&quot;article footer&quot;,&quot;name&quot;:&quot;Mon actu&quot;,&quot;type&quot;:&quot;cta&quot;}}\" target=\"_blank\">Mon Actu<\/a>.<\/p>\n","protected":false},"excerpt":{"rendered":"Par Farah Sadallah Publi\u00e9 le 2 sept. 2026 \u00e0 18h24 Le Centre op\u00e9rationnel d\u00e9partemental d\u2019incendie et de secours&hellip;\n","protected":false},"author":2,"featured_media":1163436,"comment_status":"","ping_status":"","sticky":false,"template":"","format":"standard","meta":{"footnotes":"","_share_on_mastodon":"0"},"categories":[2818],"tags":[1111,11,1777,674,118,1011,27,1310,766,12,2636,1311,25],"class_list":["post-1163435","post","type-post","status-publish","format-standard","has-post-thumbnail","category-nantes","tag-actu","tag-actualites","tag-eu","tag-europe","tag-faits-divers","tag-fr","tag-france","tag-incendie","tag-nantes","tag-news","tag-pays-de-la-loire","tag-pompiers","tag-republique-francaise"],"share_on_mastodon":{"url":"https:\/\/pubeurope.com\/@fr\/117202637576638505","error":""},"_links":{"self":[{"href":"https:\/\/www.europesays.com\/fr\/wp-json\/wp\/v2\/posts\/1163435","targetHints":{"allow":["GET"]}}],"collection":[{"href":"https:\/\/www.europesays.com\/fr\/wp-json\/wp\/v2\/posts"}],"about":[{"href":"https:\/\/www.europesays.com\/fr\/wp-json\/wp\/v2\/types\/post"}],"author":[{"embeddable":true,"href":"https:\/\/www.europesays.com\/fr\/wp-json\/wp\/v2\/users\/2"}],"replies":[{"embeddable":true,"href":"https:\/\/www.europesays.com\/fr\/wp-json\/wp\/v2\/comments?post=1163435"}],"version-history":[{"count":0,"href":"https:\/\/www.europesays.com\/fr\/wp-json\/wp\/v2\/posts\/1163435\/revisions"}],"wp:featuredmedia":[{"embeddable":true,"href":"https:\/\/www.europesays.com\/fr\/wp-json\/wp\/v2\/media\/1163436"}],"wp:attachment":[{"href":"https:\/\/www.europesays.com\/fr\/wp-json\/wp\/v2\/media?parent=1163435"}],"wp:term":[{"taxonomy":"category","embeddable":true,"href":"https:\/\/www.europesays.com\/fr\/wp-json\/wp\/v2\/categories?post=1163435"},{"taxonomy":"post_tag","embeddable":true,"href":"https:\/\/www.europesays.com\/fr\/wp-json\/wp\/v2\/tags?post=1163435"}],"curies":[{"name":"wp","href":"https:\/\/api.w.org\/{rel}","templated":true}]}}