{"id":116344,"date":"2025-05-21T07:56:11","date_gmt":"2025-05-21T07:56:11","guid":{"rendered":"https:\/\/www.europesays.com\/fr\/116344\/"},"modified":"2025-05-21T07:56:11","modified_gmt":"2025-05-21T07:56:11","slug":"chateauroux-fete-le-livre-jeunesse","status":"publish","type":"post","link":"https:\/\/www.europesays.com\/fr\/116344\/","title":{"rendered":"Ch\u00e2teauroux f\u00eate le livre jeunesse"},"content":{"rendered":"<p>Depuis lundi, Ch\u00e2teauroux fait la f\u00eate au livre de jeunesse, avec la Ligue de l\u2019Enseignement et les biblioth\u00e8ques de l\u2019agglom\u00e9ration. Animations et spectacles dans les m\u00e9diath\u00e8ques de quartier et les \u00e9tablissements scolaires se sont succ\u00e9d\u00e9 : lecture \u00e0 voix haute, contes th\u00e9\u00e2tralis\u00e9s, interventions des auteurs et illustrateurs, etc.<\/p>\n<p>Le point d\u2019orgue sera le salon du livre \u00e0 la m\u00e9diath\u00e8que \u00c9quinoxe samedi. Douze auteurs de <a href=\"https:\/\/mediatheque.ville-chateauroux.fr\/lire-ecouter-voir\/selections\/1695-selections-escapages-2025\" rel=\"nofollow noopener\" target=\"_blank\">la s\u00e9lection Escapages<\/a> : Laurent Gautier ; Beno\u00eet S\u00e9verac ; Philip Le Roy ; Jean-Philippe Blondel ; Nancy Guilbert ; Annelise Heurtier ; Camille Carreau ; S Guillaume Bracquemond ; Ian de Haes ; Nadine Brun-Cosme\u00a0; Alexandra Caribat ; Julie Colombert ; Micka\u00ebl Escoffier et Laure Monloubou seront pr\u00e9sents pour d\u00e9dicacer leurs ouvrages et \u00e9changer avec leur public de 10h \u00e0 13h et de 14h \u00e0 17h.<\/p>\n<p>Parmi eux se trouvera forc\u00e9ment le laur\u00e9at 2025 puisque le palmar\u00e8s sera proclam\u00e9 au terme de l\u2019inauguration, \u00e0 10h30. L\u2019entr\u00e9e du salon est \u00e9videmment gratuite.<\/p>\n<p><img fetchpriority=\"high\" decoding=\"async\" width=\"439\" height=\"620\" src=\"https:\/\/www.europesays.com\/fr\/wp-content\/uploads\/2025\/05\/affiche-escapages-2025-chateauro-439x620.jpg\" alt=\"Affiche salon du livre Escapages 2025 \u00e0 Ch\u00e2teauroux\" class=\"wp-image-337957\"  \/>\t\t\t\t\t\t\t\t\t\t<\/p>\n<p>\t\t\t\t\t\t\t\t\t\t\t<a class=\"gofollow\" data-track=\"NTE3LDMwLDEsNjA=\" href=\"https:\/\/www.tuconnaislanouvelle.fr\/festival-littoral\" target=\"_blank\" rel=\"nofollow noopener\"><img decoding=\"async\" src=\"https:\/\/www.europesays.com\/fr\/wp-content\/uploads\/2025\/05\/lit-oral-tcn-2025.jpg\"\/><\/a>\t<\/p>\n<p>\t\t\t\t\t\t\t\t\t\t\tCat\u00e9gories:\u00a0<a href=\"https:\/\/www.magcentre.fr\/category\/magbreves\/\" rel=\"category tag nofollow noopener\" target=\"_blank\">Br\u00e8ves<\/a>\t\t\t\t\t\t\t\t\t\t\t\u00a0|\u00a0Tags:\u00a0<a href=\"https:\/\/www.magcentre.fr\/tag\/auteurs-en-dedicace\/\" rel=\"tag nofollow noopener\" target=\"_blank\">auteurs en d\u00e9dicace<\/a>,<a href=\"https:\/\/www.magcentre.fr\/tag\/chateauroux-2\/\" rel=\"tag nofollow noopener\" target=\"_blank\">Ch\u00e2teauroux<\/a>,<a href=\"https:\/\/www.magcentre.fr\/tag\/contes-theatralises\/\" rel=\"tag nofollow noopener\" target=\"_blank\">contes th\u00e9\u00e2tralis\u00e9s<\/a>,<a href=\"https:\/\/www.magcentre.fr\/tag\/escapage-2025\/\" rel=\"tag nofollow noopener\" target=\"_blank\">Escapage 2025<\/a>,<a href=\"https:\/\/www.magcentre.fr\/tag\/lecture-a-voix-haute\/\" rel=\"tag nofollow noopener\" target=\"_blank\">lecture \u00e0 voix haute<\/a>,<a href=\"https:\/\/www.magcentre.fr\/tag\/mediatheque-equinoxe\/\" rel=\"tag nofollow noopener\" target=\"_blank\">m\u00e9diath\u00e8que Equinoxe<\/a>,<a href=\"https:\/\/www.magcentre.fr\/tag\/rencontre-auteurs\/\" rel=\"tag nofollow noopener\" target=\"_blank\">rencontre auteurs<\/a>,<a href=\"https:\/\/www.magcentre.fr\/tag\/salon-du-livre-jeunesse\/\" rel=\"tag nofollow noopener\" target=\"_blank\">salon du livre jeunesse<\/a>,<a href=\"https:\/\/www.magcentre.fr\/tag\/salon-litteraire-gratuit\/\" rel=\"tag nofollow noopener\" target=\"_blank\">salon litt\u00e9raire gratuit<\/a><br \/>\n\t\t\t\t\t\t\t\t\t\t\t<br \/><a href=\"https:\/\/www.magcentre.fr\/337953-chateauroux-fete-le-livre-jeunesse\/\" rel=\"bookmark nofollow noopener\" title=\"Lien Permanent: Ch\u00e2teauroux f\u00eate le livre jeunesse\" target=\"_blank\">Lien Permanent<\/a><br \/>\n\t\t\t\t\t\t\t\t\t\t\t\u00a0|\u00a0<a href=\"https:\/\/www.magcentre.fr\/337953-chateauroux-fete-le-livre-jeunesse\/trackback\/\" rel=\"trackback nofollow noopener\" target=\"_blank\">Trackback<\/a>\t\t\t\t\t\t\t\t\t\t\t\u00a0|\u00a0<a href=\"https:\/\/www.magcentre.fr\/337953-chateauroux-fete-le-livre-jeunesse\/feed\/\" rel=\"nofollow noopener\" target=\"_blank\">Flux RSS des commentaires<\/a>\t\t\t\t\t\t\t\t\t\t<\/p>\n","protected":false},"excerpt":{"rendered":"Depuis lundi, Ch\u00e2teauroux fait la f\u00eate au livre de jeunesse, avec la Ligue de l\u2019Enseignement et les biblioth\u00e8ques&hellip;\n","protected":false},"author":2,"featured_media":116345,"comment_status":"","ping_status":"","sticky":false,"template":"","format":"standard","meta":{"footnotes":""},"categories":[1357],"tags":[1379,58,59,1011,27,1380],"class_list":{"0":"post-116344","1":"post","2":"type-post","3":"status-publish","4":"format-standard","5":"has-post-thumbnail","7":"category-livres","8":"tag-books","9":"tag-divertissement","10":"tag-entertainment","11":"tag-fr","12":"tag-france","13":"tag-livres"},"share_on_mastodon":{"url":"https:\/\/pubeurope.com\/@fr\/114544756815849324","error":""},"_links":{"self":[{"href":"https:\/\/www.europesays.com\/fr\/wp-json\/wp\/v2\/posts\/116344","targetHints":{"allow":["GET"]}}],"collection":[{"href":"https:\/\/www.europesays.com\/fr\/wp-json\/wp\/v2\/posts"}],"about":[{"href":"https:\/\/www.europesays.com\/fr\/wp-json\/wp\/v2\/types\/post"}],"author":[{"embeddable":true,"href":"https:\/\/www.europesays.com\/fr\/wp-json\/wp\/v2\/users\/2"}],"replies":[{"embeddable":true,"href":"https:\/\/www.europesays.com\/fr\/wp-json\/wp\/v2\/comments?post=116344"}],"version-history":[{"count":0,"href":"https:\/\/www.europesays.com\/fr\/wp-json\/wp\/v2\/posts\/116344\/revisions"}],"wp:featuredmedia":[{"embeddable":true,"href":"https:\/\/www.europesays.com\/fr\/wp-json\/wp\/v2\/media\/116345"}],"wp:attachment":[{"href":"https:\/\/www.europesays.com\/fr\/wp-json\/wp\/v2\/media?parent=116344"}],"wp:term":[{"taxonomy":"category","embeddable":true,"href":"https:\/\/www.europesays.com\/fr\/wp-json\/wp\/v2\/categories?post=116344"},{"taxonomy":"post_tag","embeddable":true,"href":"https:\/\/www.europesays.com\/fr\/wp-json\/wp\/v2\/tags?post=116344"}],"curies":[{"name":"wp","href":"https:\/\/api.w.org\/{rel}","templated":true}]}}