{"id":1163456,"date":"2026-09-02T17:43:24","date_gmt":"2026-09-02T17:43:24","guid":{"rendered":"https:\/\/www.europesays.com\/fr\/1163456\/"},"modified":"2026-09-02T17:43:24","modified_gmt":"2026-09-02T17:43:24","slug":"salons-congres-le-bilan-2025-de-la-cci-paris-ile-de-france","status":"publish","type":"post","link":"https:\/\/www.europesays.com\/fr\/1163456\/","title":{"rendered":"Salons, congr\u00e8s : le bilan 2025 de la CCI Paris Ile-de-France"},"content":{"rendered":"<p>        <img loading=\"lazy\" decoding=\"async\" width=\"650\" height=\"434\" class=\"entry-thumb\" src=\"https:\/\/www.europesays.com\/fr\/wp-content\/uploads\/2026\/09\/iftm-club-affaires-b.jpg\" alt=\"Alors que le salon IFTM s'appr\u00eate \u00e0 ouvrir ses portes, la CCI Paris Ile-de-France d\u00e9voile son bilan d'activit\u00e9 des parcs d'exposition et de congr\u00e8s franciliens\" title=\"Alors que le salon IFTM s'appr\u00eate \u00e0 ouvrir ses portes, la CCI Paris Ile-de-France d\u00e9voile son bilan d'activit\u00e9 des parcs d'exposition et de congr\u00e8s franciliens\"\/>Alors que le salon IFTM s&rsquo;appr\u00eate \u00e0 ouvrir ses portes, la CCI Paris Ile-de-France d\u00e9voile son bilan d&rsquo;activit\u00e9 des parcs d&rsquo;exposition et de congr\u00e8s franciliens        <\/p>\n<p class=\"wp-block-paragraph\">La CCI Paris Ile-de-France a publi\u00e9, le 2 septembre, l\u2019\u00e9dition 2026 de son bilan d\u2019activit\u00e9 des parcs d\u2019exposition et de congr\u00e8s franciliens. Les chiffres t\u00e9moignent d\u2019une acc\u00e9l\u00e9ration sur la quasi-totalit\u00e9 des indicateurs, sur un territoire qui reste la premi\u00e8re offre d\u2019infrastructures d\u2019affaires en Europe, avec 24 sites et pr\u00e8s de 700 000 m\u00b2 de surfaces couvertes.<\/p>\n<p class=\"wp-block-paragraph\">Le secteur des salons a connu une progression marqu\u00e9e en 2025. La r\u00e9gion a accueilli 362 salons, r\u00e9unissant 100 487 entreprises exposantes, contre 88 785 en 2023, et 7 millions de visiteurs, contre 5,6 millions deux ans plus t\u00f4t. Ces manifestations ont g\u00e9n\u00e9r\u00e9 4,1 milliards d\u2019euros de retomb\u00e9es \u00e9conomiques, contre 3,3 milliards d\u2019euros en 2023, et 18,2 milliards d\u2019euros de ventes entre exposants et visiteurs, hors secteurs a\u00e9ronautique et d\u00e9fense.<\/p>\n<p class=\"wp-block-paragraph\">Cette dynamique s\u2019est prolong\u00e9e au premier semestre 2026 : la surface nette occup\u00e9e par les salons franciliens a progress\u00e9 de 7,4 % et le nombre d\u2019exposants de 8,6 % par rapport \u00e0 la session pr\u00e9c\u00e9dente, confirmant l\u2019attractivit\u00e9 durable de la destination aupr\u00e8s des organisateurs.<\/p>\n<p><a href=\"https:\/\/www.voyages-d-affaires.com\/interview-corinne-moreau-promosalons\" data-id=\"162585\" rel=\"nofollow noopener\" target=\"_blank\">Interview : Corinne Moreau, Directrice g\u00e9n\u00e9rale de Promosalons<\/a><\/p>\n<p><img loading=\"lazy\" decoding=\"async\" width=\"650\" height=\"469\" src=\"https:\/\/www.europesays.com\/fr\/wp-content\/uploads\/2026\/09\/mice.jpg\" alt=\"CCI Paris Ile-de-France\" class=\"wp-image-228765\"  \/>MICE : la CCI Paris Ile-de-France dresse le bilan de l\u2019ann\u00e9e 2025<\/p>\n<p>Congr\u00e8s : la client\u00e8le internationale en nette progression<\/p>\n<p class=\"wp-block-paragraph\">Le segment des congr\u00e8s affiche la progression la plus nette du bilan. La r\u00e9gion a accueilli 1 200 congr\u00e8s en pr\u00e9sentiel en 2025, contre 589 en 2024, ann\u00e9e frapp\u00e9e par les Jeux olympiques. Le nombre de congressistes internationaux a presque atteint 133 000, contre 98 927 un an plus t\u00f4t, une client\u00e8le \u00e9trang\u00e8re qui explique en partie le retour de Paris \u00e0 la <a href=\"https:\/\/www.voyages-d-affaires.com\/icca-paris-podium-lisbonne\" data-type=\"post\" data-id=\"223239\" rel=\"nofollow noopener\" target=\"_blank\">deuxi\u00e8me place mondiale du classement ICCA<\/a>. Ces congr\u00e8s ont g\u00e9n\u00e9r\u00e9 942 millions d\u2019euros de retomb\u00e9es \u00e9conomiques, contre 920 millions en 2024, selon les donn\u00e9es de Paris je t\u2019aime Convention Bureau.<\/p>\n<p><img loading=\"lazy\" decoding=\"async\" width=\"650\" height=\"409\" data-id=\"228769\" src=\"https:\/\/www.europesays.com\/fr\/wp-content\/uploads\/2026\/09\/congres-cci-idf-.jpg\" alt=\"\" class=\"wp-image-228769\"  \/>Nombre de congr\u00e8s en Ile-de-France<\/p>\n<p><img loading=\"lazy\" decoding=\"async\" width=\"650\" height=\"387\" data-id=\"228767\" src=\"https:\/\/www.europesays.com\/fr\/wp-content\/uploads\/2026\/09\/congres-cci-idf-b-.jpg\" alt=\"\" class=\"wp-image-228767\"  \/>Evolution de la fr\u00e9quentation des congressistes<\/p>\n<blockquote>\n<p>le tourisme d\u2019affaires est bien davantage qu\u2019un secteur d\u2019activit\u00e9 : c\u2019est un puissant moteur de croissance pour l\u2019\u00cele-de-France<\/p>\n<p>Dominique Restino, pr\u00e9sident de la CCI Paris Ile-de-France<\/p><\/blockquote>\n<p class=\"wp-block-paragraph\">Les autres manifestations organis\u00e9es dans les 24 principaux sites franciliens confirment \u00e9galement cette dynamique : leur nombre est pass\u00e9 de 1 115 \u00e0 1 204 \u00e9v\u00e9nements, port\u00e9 notamment par les \u00e9v\u00e9nements d\u2019entreprises (919, contre 888 en 2024) et les spectacles et manifestations culturelles et sportives (119, contre 79). \u00ab Ces r\u00e9sultats confirment que le tourisme d\u2019affaires est bien davantage qu\u2019un secteur d\u2019activit\u00e9 : c\u2019est un puissant moteur de croissance pour l\u2019\u00cele-de-France \u00bb, a r\u00e9sum\u00e9 Dominique Restino, pr\u00e9sident de la CCI Paris Ile-de-France.<\/p>\n<p><a href=\"https:\/\/www.voyages-d-affaires.com\/salons-congres-cci-paris-ile-de-france\" data-id=\"207689\" rel=\"nofollow noopener\" target=\"_blank\">Salons, congr\u00e8s : la CCI Paris Ile-de-France tire le bilan de l\u2019activit\u00e9 MICE<\/a><\/p>\n","protected":false},"excerpt":{"rendered":"Alors que le salon IFTM s&rsquo;appr\u00eate \u00e0 ouvrir ses portes, la CCI Paris Ile-de-France d\u00e9voile son bilan d&rsquo;activit\u00e9&hellip;\n","protected":false},"author":2,"featured_media":1163457,"comment_status":"","ping_status":"","sticky":false,"template":"","format":"standard","meta":{"footnotes":"","_share_on_mastodon":"0"},"categories":[1592],"tags":[1111,11,4394,1777,674,1011,27,119757,662,119756,12,626,25,80694],"class_list":["post-1163456","post","type-post","status-publish","format-standard","has-post-thumbnail","category-ile-de-france","tag-actu","tag-actualites","tag-congres","tag-eu","tag-europe","tag-fr","tag-france","tag-france-meetings","tag-ile-de-france","tag-mice","tag-news","tag-paris","tag-republique-francaise","tag-salons-professionnels"],"share_on_mastodon":{"url":"https:\/\/pubeurope.com\/@fr\/117202691813465965","error":""},"_links":{"self":[{"href":"https:\/\/www.europesays.com\/fr\/wp-json\/wp\/v2\/posts\/1163456","targetHints":{"allow":["GET"]}}],"collection":[{"href":"https:\/\/www.europesays.com\/fr\/wp-json\/wp\/v2\/posts"}],"about":[{"href":"https:\/\/www.europesays.com\/fr\/wp-json\/wp\/v2\/types\/post"}],"author":[{"embeddable":true,"href":"https:\/\/www.europesays.com\/fr\/wp-json\/wp\/v2\/users\/2"}],"replies":[{"embeddable":true,"href":"https:\/\/www.europesays.com\/fr\/wp-json\/wp\/v2\/comments?post=1163456"}],"version-history":[{"count":0,"href":"https:\/\/www.europesays.com\/fr\/wp-json\/wp\/v2\/posts\/1163456\/revisions"}],"wp:featuredmedia":[{"embeddable":true,"href":"https:\/\/www.europesays.com\/fr\/wp-json\/wp\/v2\/media\/1163457"}],"wp:attachment":[{"href":"https:\/\/www.europesays.com\/fr\/wp-json\/wp\/v2\/media?parent=1163456"}],"wp:term":[{"taxonomy":"category","embeddable":true,"href":"https:\/\/www.europesays.com\/fr\/wp-json\/wp\/v2\/categories?post=1163456"},{"taxonomy":"post_tag","embeddable":true,"href":"https:\/\/www.europesays.com\/fr\/wp-json\/wp\/v2\/tags?post=1163456"}],"curies":[{"name":"wp","href":"https:\/\/api.w.org\/{rel}","templated":true}]}}