{"id":1163458,"date":"2026-09-02T17:44:16","date_gmt":"2026-09-02T17:44:16","guid":{"rendered":"https:\/\/www.europesays.com\/fr\/1163458\/"},"modified":"2026-09-02T17:44:16","modified_gmt":"2026-09-02T17:44:16","slug":"une-position-ferme-face-au-vanuatu-paris-reaffirme-sa-souverainete-sur-deux-iles-francaises-du-pacifique","status":"publish","type":"post","link":"https:\/\/www.europesays.com\/fr\/1163458\/","title":{"rendered":"\u00ab\u00a0Une position ferme\u00a0\u00bb : face au Vanuatu, Paris r\u00e9affirme sa souverainet\u00e9 sur deux \u00eeles fran\u00e7aises du Pacifique"},"content":{"rendered":"<ul class=\"jsx-25100651 ArticleChapo__List\">\n<li class=\"jsx-25100651 ArticleChapo__List_Item flex\">Le Vanuatu envisage d&rsquo;engager une proc\u00e9dure contre la France devant la Cour internationale de justice au sujet des \u00eeles de Matthew et Hunter dans le Pacifique.<\/li>\n<li class=\"jsx-25100651 ArticleChapo__List_Item flex\">L&rsquo;Hexagone a  rapidement ripost\u00e9 : la ministre charg\u00e9e de la Francophonie a exclu ce mercredi toute renonciation \u00e0 la souverainet\u00e9 fran\u00e7aise.<\/li>\n<li class=\"jsx-25100651 ArticleChapo__List_Item flex\">Ces \u00eeles contest\u00e9es garantissent une zone \u00e9conomique exclusive.<\/li>\n<\/ul>\n<p><a href=\"https:\/\/www.google.com\/preferences\/source?q=tf1info.fr\" class=\"jsx-2150648137 jsx-976369737 ActionButton ActionButton--withBorder\" rel=\"nofollow noopener\" target=\"_blank\"><\/p>\n<p> Ajoutez TF1info \u00e0 vos sources sur Google <\/p>\n<p><\/a><\/p>\n<p id=\"body-_R_17v7tm_-block-5\" data-module=\"article-paragraph\" class=\"jsx-2921227388 Paragraph Paragraph__End\">Les discussions lanc\u00e9es en 2025 pour trouver un consensus n&rsquo;aboutissent \u00e0 rien. Mardi 1er septembre, le Vanuatu a d\u00e9pos\u00e9 une requ\u00eate visant \u00e0 ouvrir une affaire devant la Cour internationale de justice (CIJ), afin d&rsquo;engager une proc\u00e9dure contre la France au sujet <a href=\"https:\/\/www.tf1info.fr\/politique\/tournee-d-emmanuel-macron-dans-l-ocean-indien-ces-iles-francaises-contestees-a-l-autre-bout-du-monde-2366379.html\" rel=\"nofollow noopener\" target=\"_blank\">des deux \u00eeles de Matthew et Hunter<\/a>. Ces \u00eelots inhabit\u00e9s et isol\u00e9s de l&rsquo;oc\u00e9an Pacifique sud procurent une zone \u00e9conomique exclusive (ZEE) de 350.000 kilom\u00e8tres carr\u00e9s \u00e0 la France.<\/p>\n<p id=\"body-_R_17v7tm_-block-7\" data-module=\"article-paragraph\" class=\"jsx-2921227388 Paragraph Paragraph__End\">Au lendemain de cette annonce, Paris a cat\u00e9goriquement<a href=\"https:\/\/www.tf1info.fr\/international\/verif-le-gouvernement-peut-il-decider-seul-de-ceder-deux-iles-francaises-du-pacifique-au-vanuatu-2413179.html\" rel=\"nofollow noopener\" target=\"_blank\"> exclu de renoncer \u00e0 sa souverainet\u00e9 sur les deux \u00eeles<\/a> par l&rsquo;interm\u00e9diaire d&rsquo;El\u00e9onore Caroit, ministre d\u00e9l\u00e9gu\u00e9e charg\u00e9e de la Francophonie et des Partenariats internationaux. \u00ab\u00a0La position de la France est claire et ferme. C&rsquo;est une position de dialogue, une position d&rsquo;ouverture, mais c&rsquo;est surtout un rappel de la souverainet\u00e9 de la France sur ces \u00eeles\u00a0\u00bb, a martel\u00e9 El\u00e9onore Caroit ce mercredi 2 septembre au cours du 55e Forum des \u00eeles du Pacifique (FIP), appelant plut\u00f4t \u00e0 \u00ab\u00a0discuter, n\u00e9gocier, essayer de trouver des solutions sans renoncer \u00e0 la souverainet\u00e9\u00a0\u00bb.<\/p>\n<p>Monologue crois\u00e9 entre les deux parties<\/p>\n<p id=\"body-_R_17v7tm_-block-11\" data-module=\"article-paragraph\" class=\"jsx-2921227388 Paragraph Paragraph__End\">L&rsquo;Hexagone r\u00e9pondra \u00ab\u00a0en temps voulu\u00a0\u00bb \u00e0 la requ\u00eate du Vanuatu devant la CIJ, a indiqu\u00e9 la ministre, pr\u00e9cisant que Paris prenait acte \u00ab\u00a0\u00e0 ce stade\u00a0\u00bb de la requ\u00eate du Vanuatu devant la CIJ et r\u00e9pondra \u00ab\u00a0sur la juridiction et sur le fond\u00a0\u00bb. Ces terres sont revendiqu\u00e9es par le Vanuatu depuis son accession \u00e0 <a href=\"https:\/\/www.tf1info.fr\/culture\/une-tribu-du-vanuatu-le-venerait-comme-un-dieu-l-esprit-du-prince-philip-continue-de-vivre-2183275.html\" rel=\"nofollow noopener\" target=\"_blank\">l&rsquo;ind\u00e9pendance vis-\u00e0-vis de la France et du Royaume-Uni<\/a>, en 1980. Mais pour Paris, il n&rsquo;est pas question de c\u00e9der la souverainet\u00e9 de ces \u00eeles, comme l&rsquo;a rappel\u00e9 El\u00e9onore Caroit.\u00a0<\/p>\n<p><a href=\"https:\/\/www.tf1info.fr\/international\/pacifique-les-iles-kouriles-cet-archipel-au-coeur-d-une-guerre-diplomatique-entre-la-russie-et-le-japon-2458273.html\" rel=\"nofollow noopener\" class=\"jsx-958316424 Link flex\" target=\"_blank\"><img decoding=\"async\" src=\"https:\/\/www.europesays.com\/fr\/wp-content\/uploads\/2026\/09\/vladimir-poutine-kouriles-7bb0f5-0@1x.jpeg\" alt=\"Le pr\u00e9sident russe Vladimir Poutine  sur l\u2019\u00eele de Sakhaline, dans l\u2019Extr\u00eame-Orient, le 12 ao\u00fbt 2026.\" loading=\"lazy\" importance=\"low\" fetchpriority=\"low\" class=\"\" copyright=\"AFP\" aria-hidden=\"true\"\/><\/p>\n<p class=\"jsx-4054529586 ReadMoreArticle__Title\">Lire aussi<\/p>\n<p class=\"jsx-4054529586\">Pacifique : les \u00eeles Kouriles, cet archipel au c\u0153ur d&rsquo;une guerre diplomatique entre la Russie et le Japon<\/p>\n<p><\/a><\/p>\n<p id=\"body-_R_17v7tm_-block-13\" data-module=\"article-paragraph\" class=\"jsx-2921227388 Paragraph Paragraph__End\">En mai dernier, Jotham Napat, Premier ministre du Vanuatu, accusait la France de pratiques coloniales. Les deux pays ont malgr\u00e9 tout entam\u00e9 en 2025 des discussions pour trouver un consensus, en particulier sur les d\u00e9limitations de la ZEE de chacun. Les \u00e9changes devaient se poursuivre au d\u00e9but de l&rsquo;ann\u00e9e 2026, mais ont d\u00fb \u00eatre repouss\u00e9s pour \u00e9viter de se produire en m\u00eame temps que les \u00e9ch\u00e9ances \u00e9lectorales des provinciales du 28 juin en Nouvelle-Cal\u00e9donie.<\/p>\n","protected":false},"excerpt":{"rendered":"Le Vanuatu envisage d&rsquo;engager une proc\u00e9dure contre la France devant la Cour internationale de justice au sujet des&hellip;\n","protected":false},"author":2,"featured_media":1163459,"comment_status":"","ping_status":"","sticky":false,"template":"","format":"standard","meta":{"footnotes":"","_share_on_mastodon":"0"},"categories":[1888],"tags":[1111,1928,11,1927,1921,1777,674,1011,27,1922,12,1926,12687,626,1925,25,133,1920],"class_list":["post-1163458","post","type-post","status-publish","format-standard","has-post-thumbnail","category-paris","tag-actu","tag-actu-paris","tag-actualites","tag-actualites-paris","tag-article-video","tag-eu","tag-europe","tag-fr","tag-france","tag-info","tag-news","tag-news-paris","tag-oceans","tag-paris","tag-paris-news","tag-republique-francaise","tag-video","tag-video-international"],"share_on_mastodon":{"url":"https:\/\/pubeurope.com\/@fr\/117202692868979277","error":""},"_links":{"self":[{"href":"https:\/\/www.europesays.com\/fr\/wp-json\/wp\/v2\/posts\/1163458","targetHints":{"allow":["GET"]}}],"collection":[{"href":"https:\/\/www.europesays.com\/fr\/wp-json\/wp\/v2\/posts"}],"about":[{"href":"https:\/\/www.europesays.com\/fr\/wp-json\/wp\/v2\/types\/post"}],"author":[{"embeddable":true,"href":"https:\/\/www.europesays.com\/fr\/wp-json\/wp\/v2\/users\/2"}],"replies":[{"embeddable":true,"href":"https:\/\/www.europesays.com\/fr\/wp-json\/wp\/v2\/comments?post=1163458"}],"version-history":[{"count":0,"href":"https:\/\/www.europesays.com\/fr\/wp-json\/wp\/v2\/posts\/1163458\/revisions"}],"wp:featuredmedia":[{"embeddable":true,"href":"https:\/\/www.europesays.com\/fr\/wp-json\/wp\/v2\/media\/1163459"}],"wp:attachment":[{"href":"https:\/\/www.europesays.com\/fr\/wp-json\/wp\/v2\/media?parent=1163458"}],"wp:term":[{"taxonomy":"category","embeddable":true,"href":"https:\/\/www.europesays.com\/fr\/wp-json\/wp\/v2\/categories?post=1163458"},{"taxonomy":"post_tag","embeddable":true,"href":"https:\/\/www.europesays.com\/fr\/wp-json\/wp\/v2\/tags?post=1163458"}],"curies":[{"name":"wp","href":"https:\/\/api.w.org\/{rel}","templated":true}]}}