{"id":1163466,"date":"2026-09-02T17:48:22","date_gmt":"2026-09-02T17:48:22","guid":{"rendered":"https:\/\/www.europesays.com\/fr\/1163466\/"},"modified":"2026-09-02T17:48:22","modified_gmt":"2026-09-02T17:48:22","slug":"guerre-en-ukraine-danger-dans-le-ciel-de-russie-terrorisme-detat-et-ia-permeables-a-la-propagande","status":"publish","type":"post","link":"https:\/\/www.europesays.com\/fr\/1163466\/","title":{"rendered":"Guerre en Ukraine\u00a0: Danger dans le ciel de Russie, \u00ab\u00a0terrorisme d\u2019Etat\u00a0\u00bb et IA perm\u00e9ables \u00e0 la propagande"},"content":{"rendered":"<p>Vous avez rat\u00e9 les derniers \u00e9v\u00e9nements sur la <a href=\"https:\/\/www.20minutes.fr\/monde\/ukraine\/\" class=\"c-link c-link--is-underlined\" rel=\"nofollow noopener\" target=\"_blank\">guerre en Ukraine<\/a>\u00a0? 20 Minutes fait le point pour vous tous les soirs. Voici l\u2019essentiel de ce mercredi 2\u00a0septembre 2026, au 1.652e jour du conflit.<\/p>\n<p>Le fait du jour<\/p>\n<p>Le doigt accusateur point\u00e9 mardi sur la <a href=\"https:\/\/www.20minutes.fr\/monde\/russie\/\" class=\"c-link c-link--is-underlined\" rel=\"nofollow noopener\" target=\"_blank\">Russie<\/a> par l\u2019<a href=\"https:\/\/www.20minutes.fr\/dossier\/allemagne\" class=\"c-link c-link--is-underlined\" rel=\"nofollow noopener\" target=\"_blank\">Allemagne<\/a>, apr\u00e8s la d\u00e9couverte d\u2019un drone charg\u00e9 d\u2019explosifs sur le tarmac de l\u2019a\u00e9roport de Leipzig d\u00e9but ao\u00fbt, n\u2019en finit plus de faire des vagues. Alors que la presse allemande a r\u00e9v\u00e9l\u00e9 que l\u2019ADN de deux suspects porteurs de passeports russes a \u00e9t\u00e9 retrouv\u00e9 sur les \u00ab\u00a0lieux du crime\u00a0\u00bb, Berlin a enregistr\u00e9 une grande vague de soutien des chancelleries occidentales, tandis que les diplomates russes dans les capitales europ\u00e9ennes \u00e9taient convoqu\u00e9s un par un.<\/p>\n<p>\u00ab\u00a0Il s\u2019agit d\u2019une attaque men\u00e9e avec du mat\u00e9riel militaire par des agents russes sur le sol de l\u2019<a href=\"https:\/\/www.20minutes.fr\/dossier\/ue\" class=\"c-link c-link--is-underlined\" rel=\"nofollow noopener\" target=\"_blank\">Union europ\u00e9enne<\/a>. Nous ne la tol\u00e9rerons pas\u00a0\u00bb, a pr\u00e9venu Ursula von\u00a0der\u00a0Leyen, la pr\u00e9sidente de la Commission europ\u00e9enne. \u00ab\u00a0Il est tr\u00e8s clair qu\u2019une fois encore, c\u2019est une ing\u00e9rence, c\u2019est cette guerre hybride, au fond, que nous m\u00e8ne la Russie, qui est ainsi document\u00e9e\u00a0\u00bb, a soulign\u00e9 pour sa part le pr\u00e9sident fran\u00e7ais <a href=\"https:\/\/www.20minutes.fr\/politique\/emmanuel-macron\/\" class=\"c-link c-link--is-underlined\" rel=\"nofollow noopener\" target=\"_blank\">Emmanuel Macron<\/a>.<\/p>\n<p>La Russie a convoqu\u00e9 de son c\u00f4t\u00e9 le charg\u00e9 d\u2019affaires allemand \u00e0 Moscou pour lui reprocher \u00ab\u00a0les agissements et d\u00e9clarations antirusses\u00a0\u00bb de Berlin, mais sans en faire des tonnes en mati\u00e8re de d\u00e9n\u00e9gation.<\/p>\n<p>Le chiffre du jour<\/p>\n<p>2. L\u2019Ukraine a d\u00e9cid\u00e9 d\u2019instaurer un nouveau syst\u00e8me d\u2019alerte, \u00e0 deux niveaux \u2013 rouge et jaune \u2013, poss\u00e9dant des signaux sonores diff\u00e9rents. Ce changement vise \u00e0 distinguer les attaques de missiles de celles de drones et \u00e0 limiter ainsi la d\u00e9sorganisation provoqu\u00e9e par les bombardements russes qui se multiplient.<\/p>\n<p>La phrase du jour<\/p>\n<blockquote class=\"mx-m@xs mx-xxl@md color-ultramarine c-citation\">\n<p class=\"font-weight-regular@xs text-italic font-source-serif-pro text-l@xs c-citation__content\">\u00ab\u00a0Sur fond d\u2019escalade drastique de la terreur exerc\u00e9e par la Russie contre l\u2019Ukraine, l\u2019espace a\u00e9rien russe devient de plus en plus dangereux [\u2026] Nous exhortons chacun \u00e0 l\u2019\u00e9viter.\u00a0\u00bb<\/p>\n<\/blockquote>\n<p>Andri\u00ef Sybiga, le chef de la diplomatie ukrainienne a confirm\u00e9 ce mercredi que Kiev a notifi\u00e9 \u00e0 l\u2019Organisation de l\u2019aviation civile internationale (OACI) que \u00ab\u00a0l\u2019espace a\u00e9rien russe n\u2019est pas s\u00fbr\u00a0\u00bb. La veille, Volodymyr Zelensky avait d\u00e9j\u00e0 mis en garde les compagnies a\u00e9riennes\u00a0: \u00ab\u00a0L\u2019Ukraine ne veut pas que des vies innocentes soient perdues. C\u2019est pourquoi nous avertissons nos partenaires\u00a0: les jours s\u00fbrs dans le ciel russe sont r\u00e9volus\u00a0\u00bb, avait-il lanc\u00e9. <a href=\"https:\/\/www.20minutes.fr\/monde\/vladimir_poutine\/\" class=\"c-link c-link--is-underlined\" rel=\"nofollow noopener\" target=\"_blank\">Vladimir Poutine<\/a> a tr\u00e8s peu go\u00fbt\u00e9 cette menace, l\u2019assimilant \u00e0 une \u00ab\u00a0d\u00e9claration de terrorisme d\u2019Etat\u00a0\u00bb. \u00ab\u00a0Si de telles trag\u00e9dies se produisent, nous saurons comment r\u00e9pondre\u00a0\u00bb, a ajout\u00e9 le ma\u00eetre du Kremlin.<\/p>\n<p>La tendance<\/p>\n<p>La plupart des chatbots d\u2019intelligence artificielle g\u00e9n\u00e9rative grand public, comme <a href=\"https:\/\/www.20minutes.fr\/20-mint\/chatgpt\/\" class=\"c-link c-link--is-underlined\" rel=\"nofollow noopener\" target=\"_blank\">ChatGPT<\/a> d\u2019OpenAI, permettent de consulter des contenus de m\u00e9dias officiels russes sous sanctions europ\u00e9ennes selon une enqu\u00eate publi\u00e9e ce mercredi par Reporters sans fronti\u00e8res (RSF).<\/p>\n<p>Accus\u00e9s d\u2019\u00eatre des instruments de \u00ab\u00a0d\u00e9sinformation\u00a0\u00bb du Kremlin, des m\u00e9dias comme Sputnik et RT ont \u00e9t\u00e9 interdits de diffusion, y compris en ligne, dans l\u2019Union europ\u00e9enne apr\u00e8s l\u2019invasion de l\u2019Ukraine. Mais lorsqu\u2019on le leur demande, ChatGPT d\u2019OpenAI, Claude d\u2019Anthropic et Grok, l\u2019agent conversationnel de la plateforme X, acceptent toutefois de contourner ces sanctions pour reproduire les contenus de ces m\u00e9dias, a constat\u00e9 RSF.<\/p>\n<p><a href=\"http:\/\/20minutes.fr\/monde\/ukraine\" class=\"c-link c-btn c-btn--primary\" rel=\"nofollow noopener\" target=\"_blank\">Notre dossier sur la guerre en Ukraine<\/a><\/p>\n<p>Ces chatbots \u00ab\u00a0ont restitu\u00e9 une revue de presse compl\u00e8te sur l\u2019actualit\u00e9 internationale, faisant remonter des titres, partageant des liens et verbatims, sans mentionner syst\u00e9matiquement que les m\u00e9dias \u00e9taient sous sanctions europ\u00e9ennes\u00a0\u00bb, a soulign\u00e9 l\u2019organisation qui a men\u00e9 ses tests en juin et en ao\u00fbt.<\/p>\n","protected":false},"excerpt":{"rendered":"Vous avez rat\u00e9 les derniers \u00e9v\u00e9nements sur la guerre en Ukraine\u00a0? 20 Minutes fait le point pour vous&hellip;\n","protected":false},"author":2,"featured_media":1163467,"comment_status":"","ping_status":"","sticky":false,"template":"","format":"standard","meta":{"footnotes":"","_share_on_mastodon":"0"},"categories":[1591],"tags":[47,11,672,141,1887,131,3995,74,12,1885,1886,132,555,135,134],"class_list":["post-1163466","post","type-post","status-publish","format-standard","has-post-thumbnail","category-russie","tag-actualite","tag-actualites","tag-allemagne","tag-chatgpt","tag-federation-de-russie","tag-guerre-en-ukraine","tag-intelligence-artificielle-ia","tag-monde","tag-news","tag-russia","tag-russian-federation","tag-russie","tag-union-europeenne-ue","tag-vladimir-poutine","tag-volodymyr-zelensky"],"share_on_mastodon":{"url":"https:\/\/pubeurope.com\/@fr\/117202708816440500","error":""},"_links":{"self":[{"href":"https:\/\/www.europesays.com\/fr\/wp-json\/wp\/v2\/posts\/1163466","targetHints":{"allow":["GET"]}}],"collection":[{"href":"https:\/\/www.europesays.com\/fr\/wp-json\/wp\/v2\/posts"}],"about":[{"href":"https:\/\/www.europesays.com\/fr\/wp-json\/wp\/v2\/types\/post"}],"author":[{"embeddable":true,"href":"https:\/\/www.europesays.com\/fr\/wp-json\/wp\/v2\/users\/2"}],"replies":[{"embeddable":true,"href":"https:\/\/www.europesays.com\/fr\/wp-json\/wp\/v2\/comments?post=1163466"}],"version-history":[{"count":0,"href":"https:\/\/www.europesays.com\/fr\/wp-json\/wp\/v2\/posts\/1163466\/revisions"}],"wp:featuredmedia":[{"embeddable":true,"href":"https:\/\/www.europesays.com\/fr\/wp-json\/wp\/v2\/media\/1163467"}],"wp:attachment":[{"href":"https:\/\/www.europesays.com\/fr\/wp-json\/wp\/v2\/media?parent=1163466"}],"wp:term":[{"taxonomy":"category","embeddable":true,"href":"https:\/\/www.europesays.com\/fr\/wp-json\/wp\/v2\/categories?post=1163466"},{"taxonomy":"post_tag","embeddable":true,"href":"https:\/\/www.europesays.com\/fr\/wp-json\/wp\/v2\/tags?post=1163466"}],"curies":[{"name":"wp","href":"https:\/\/api.w.org\/{rel}","templated":true}]}}