{"id":1163496,"date":"2026-09-02T18:13:32","date_gmt":"2026-09-02T18:13:32","guid":{"rendered":"https:\/\/www.europesays.com\/fr\/1163496\/"},"modified":"2026-09-02T18:13:32","modified_gmt":"2026-09-02T18:13:32","slug":"le-metropolitan-museum-of-art-annule-son-exposition-dediee-a-john-galliano-pour-le-met-gala","status":"publish","type":"post","link":"https:\/\/www.europesays.com\/fr\/1163496\/","title":{"rendered":"Le Metropolitan Museum of Art annule son exposition d\u00e9di\u00e9e \u00e0 John Galliano pour le Met Gala"},"content":{"rendered":"<p>Le Metropolitan Museum of Art indique renoncer \u00e0 sa r\u00e9trospective consacr\u00e9e \u00e0 John Galliano, pr\u00e9vue pour le printemps 2027. Une d\u00e9cision qui intervient apr\u00e8s plusieurs semaines de pol\u00e9mique.<\/p>\n<p>Une r\u00e9trospective sous controverse<\/p>\n<p>Intitul\u00e9e <strong>\u00ab\u00a0John Galliano: Horizons\u00a0\u00bb<\/strong> et con\u00e7ue par Andrew Bolton, conservateur en chef du Costume Institute, l&rsquo;exposition devait retracer l&rsquo;int\u00e9gralit\u00e9 de la carri\u00e8re du couturier, de son d\u00e9fil\u00e9 de fin d&rsquo;\u00e9tudes \u00e0 Central Saint Martins au milieu des ann\u00e9es 80\u00a0 jusqu&rsquo;\u00e0 ses derni\u00e8res collections pour Maison Margiela, en passant par ses ann\u00e9es chez Givenchy et Christian Dior.\u00a0<\/p>\n<p>Annonc\u00e9e du 9 mai 2027 au 9 janvier 2028, l\u2019initiative devrait \u00e9galement servir de th\u00e8me au <strong>Met Gala<\/strong> du printemps prochain, une cons\u00e9cration qui aurait fait de <strong>John Galliano<\/strong> le troisi\u00e8me couturier honor\u00e9 de son vivant par le mus\u00e9e apr\u00e8s Yves Saint Laurent en 1983 et Rei Kawakubo en 2017.<\/p>\n<p>Le parcours entendait aussi aborder frontalement la question de la responsabilit\u00e9 \u00e9thique du cr\u00e9ateur, en revenant sur sa condamnation de 2011 pour injures publiques apr\u00e8s des propos antis\u00e9mites et racistes tenus dans un bar parisien, des faits qui lui avaient valu son \u00e9viction de Christian Dior. Une mise en perspective qui n&rsquo;aura pas suffi \u00e0 apaiser les critiques qui se sont multipli\u00e9es d\u00e8s l&rsquo;annonce du projet d\u00e9but ao\u00fbt.<\/p>\n<p>\u00ab\u00a0\u00c0 la suite d&rsquo;\u00e9changes approfondis avec John Galliano, nous avons d\u00e9cid\u00e9 ensemble de ne pas donner suite \u00e0 cette exposition\u00a0\u00bb, a finalement d\u00e9clar\u00e9 Max Hollein, directeur et pr\u00e9sident du Metropolitan Museum of Art, dans un <a href=\"https:\/\/www.metmuseum.org\/fr\/press-releases\/spring-ci-2027-announcement\" target=\"_blank\" rel=\"noopener nofollow\">communiqu\u00e9<\/a> publi\u00e9 ce lundi 31 ao\u00fbt.<\/p>\n<p>La lettre de John Galliano<\/p>\n<p>\u00ab\u00a0Voir mon parcours cr\u00e9atif consid\u00e9r\u00e9 par une institution que j&rsquo;admire depuis toujours m&rsquo;a touch\u00e9 plus profond\u00e9ment que je ne saurais l&rsquo;exprimer\u00a0\u00bb, a indiqu\u00e9 de son c\u00f4t\u00e9 John Galliano dans une lettre partag\u00e9e sur ses comptes sociaux. \u00ab\u00a0Apr\u00e8s m\u00fbre r\u00e9flexion et de nombreux \u00e9changes avec toutes les personnes concern\u00e9es, j&rsquo;ai d\u00e9cid\u00e9, avec une grande tristesse, qu&rsquo;il valait mieux que cette exposition n&rsquo;ait pas lieu pour le moment. J&rsquo;assume pleinement la responsabilit\u00e9 de la souffrance caus\u00e9e par mes propos pass\u00e9s, en particulier la douleur inflig\u00e9e aux communaut\u00e9s juive et asiatique, et j&rsquo;en reste profond\u00e9ment d\u00e9sol\u00e9.\u00a0\u00bb<\/p>\n<p>Dans son message, Galliano insiste \u00e9galement sur le caract\u00e8re durable, et non symbolique, de la d\u00e9marche de r\u00e9paration : \u00ab\u00a0Je sais qu&rsquo;une v\u00e9ritable r\u00e9paration ne se construit pas \u00e0 travers une exposition, une reconnaissance institutionnelle ou un geste public isol\u00e9. C&rsquo;est une responsabilit\u00e9 continue, qui se prouve dans le temps, par l&rsquo;\u00e9coute, l&rsquo;apprentissage et la conduite de chacun. Je ne veux pas que le d\u00e9bat qui m&rsquo;entoure place le Met dans une position difficile, ni qu&rsquo;il d\u00e9tourne l&rsquo;attention du travail remarquable du Costume Institute. Je reconnais et je respecte le fait qu&rsquo;une exposition c\u00e9l\u00e9brant mon travail puisse \u00eatre douloureuse pour certains.\u00a0\u00bb<\/p>\n<p>\u00ab\u00a0Je veux aussi exprimer ma plus profonde gratitude \u00e0 tous ceux qui m&rsquo;ont guid\u00e9, soutenu et accompagn\u00e9 durant ces quinze ann\u00e9es de sobri\u00e9t\u00e9 et de r\u00e9tablissement de l&rsquo;alcoolisme et de la d\u00e9pendance. Votre sagesse, votre patience et votre humanit\u00e9 m&rsquo;ont aid\u00e9 plus que je ne pourrai jamais le dire\u00a0\u00bb, ajoute t-il.<\/p>\n<p>Une <strong>nouvelle th\u00e9matique<\/strong> pour l&rsquo;exposition de printemps du Costume Institute, ainsi que pour le Met Gala 2027, devrait \u00eatre d\u00e9voil\u00e9e ult\u00e9rieurement.<\/p>\n","protected":false},"excerpt":{"rendered":"Le Metropolitan Museum of Art indique renoncer \u00e0 sa r\u00e9trospective consacr\u00e9e \u00e0 John Galliano, pr\u00e9vue pour le printemps&hellip;\n","protected":false},"author":2,"featured_media":1163497,"comment_status":"","ping_status":"","sticky":false,"template":"","format":"standard","meta":{"footnotes":"","_share_on_mastodon":"0"},"categories":[1358],"tags":[1348,1384,1385,1386,58,59,3293,1011,27,985],"class_list":["post-1163496","post","type-post","status-publish","format-standard","has-post-thumbnail","category-arts-et-design","tag-arts","tag-arts-and-design","tag-arts-et-design","tag-design","tag-divertissement","tag-entertainment","tag-exposition","tag-fr","tag-france","tag-mode"],"share_on_mastodon":{"url":"https:\/\/pubeurope.com\/@fr\/117202806723435997","error":""},"_links":{"self":[{"href":"https:\/\/www.europesays.com\/fr\/wp-json\/wp\/v2\/posts\/1163496","targetHints":{"allow":["GET"]}}],"collection":[{"href":"https:\/\/www.europesays.com\/fr\/wp-json\/wp\/v2\/posts"}],"about":[{"href":"https:\/\/www.europesays.com\/fr\/wp-json\/wp\/v2\/types\/post"}],"author":[{"embeddable":true,"href":"https:\/\/www.europesays.com\/fr\/wp-json\/wp\/v2\/users\/2"}],"replies":[{"embeddable":true,"href":"https:\/\/www.europesays.com\/fr\/wp-json\/wp\/v2\/comments?post=1163496"}],"version-history":[{"count":0,"href":"https:\/\/www.europesays.com\/fr\/wp-json\/wp\/v2\/posts\/1163496\/revisions"}],"wp:featuredmedia":[{"embeddable":true,"href":"https:\/\/www.europesays.com\/fr\/wp-json\/wp\/v2\/media\/1163497"}],"wp:attachment":[{"href":"https:\/\/www.europesays.com\/fr\/wp-json\/wp\/v2\/media?parent=1163496"}],"wp:term":[{"taxonomy":"category","embeddable":true,"href":"https:\/\/www.europesays.com\/fr\/wp-json\/wp\/v2\/categories?post=1163496"},{"taxonomy":"post_tag","embeddable":true,"href":"https:\/\/www.europesays.com\/fr\/wp-json\/wp\/v2\/tags?post=1163496"}],"curies":[{"name":"wp","href":"https:\/\/api.w.org\/{rel}","templated":true}]}}