{"id":1163498,"date":"2026-09-02T18:16:21","date_gmt":"2026-09-02T18:16:21","guid":{"rendered":"https:\/\/www.europesays.com\/fr\/1163498\/"},"modified":"2026-09-02T18:16:21","modified_gmt":"2026-09-02T18:16:21","slug":"en-attendant-zemmour-sarah-knafo-continue-decrire-son-histoire-02-09-2026-a-1113","status":"publish","type":"post","link":"https:\/\/www.europesays.com\/fr\/1163498\/","title":{"rendered":"En attendant Zemmour, Sarah Knafo continue d&rsquo;\u00e9crire son histoire &#8211; 02\/09\/2026 \u00e0 11:13"},"content":{"rendered":"<p>        <img decoding=\"async\" src=\"https:\/\/www.europesays.com\/fr\/wp-content\/uploads\/2026\/09\/c2fd2e64d17e72870efebbedde5d6a25-760x506.jpg\" alt=\"Sarah Knafo, le 15 mars 2026 \u00e0 Paris ( AFP \/ GEOFFROY VAN DER HASSELT )\" loading=\"eager\" fetchpriority=\"high\" width=\"760\" height=\"506\" style=\"max-width: 100%!important; height: auto;\"\/><\/p>\n<p class=\"c-image-news__legend\">Sarah Knafo, le 15 mars 2026 \u00e0 Paris ( AFP \/ GEOFFROY VAN DER HASSELT )<\/p>\n<p>\n Son parti n&rsquo;a pas encore de candidat \u00e0 l&rsquo;Elys\u00e9e, mais Sarah Knafo a d\u00e9j\u00e0 un programme \u00e9conomique cl\u00e9 en main, toujours aussi radicalement de droite et lib\u00e9ral. Elle le d\u00e9voile dans un premier livre, promis au succ\u00e8s avec le soutien du groupe Bollor\u00e9. Pour propulser la campagne d&rsquo;Eric Zemmour ou la sienne ?\n<\/p>\n<p>\n En ann\u00e9e pr\u00e9sidentielle, la rentr\u00e9e litt\u00e9raire est celle des ambitions. Olivier Faure se lance dans une primaire, Fran\u00e7ois Hollande s&rsquo;imagine en recours, Jordan Bardella se pr\u00e9pare pour Matignon.\n<\/p>\n<p>\n Sarah Knafo, elle, jure que \u00ab\u00a0ce n&rsquo;\u00e9tait pas l&rsquo;intention\u00a0\u00bb, que le manuscrit aurait d\u00fb para\u00eetre plus t\u00f4t. Il n&#8217;emp\u00eache, \u00ab\u00a0\u00e7a ne pouvait pas mieux tomber\u00a0\u00bb, avec une campagne qui \u00ab\u00a0d\u00e9marre sur des sujets \u00e9conomiques\u00a0\u00bb et une premi\u00e8re joute entre favoris organis\u00e9e devant le Medef.\n<\/p>\n<p>\n L&rsquo;air du temps est porteur. Son \u00e9diteur Fayard l&rsquo;a bien senti, avec un premier tirage \u00e0 100.000 exemplaires et d\u00e9j\u00e0 plus de 30.000 pr\u00e9ventes en un mois, selon l&rsquo;entourage de Sarah Knafo, avant la sortie officielle ce mercredi.\n<\/p>\n<p>\n D\u00e9marrage en trombe, doubl\u00e9 d&rsquo;une promo intensive depuis la semaine derni\u00e8re : \u00ab\u00a0bonnes feuilles\u00a0\u00bb au Figaro, interviews au Point et au JDD, matinale de RTL, sans oublier un passage sur CNews&#8230; La vice-pr\u00e9sidente de Reconqu\u00eate est partout et sa tourn\u00e9e m\u00e9diatique n&rsquo;est pas termin\u00e9e.\n<\/p>\n<p>\n A qui veut l&rsquo;entendre, elle r\u00e9p\u00e8te que \u00ab\u00a0Le Casse du si\u00e8cle\u00a0\u00bb n&rsquo;est \u00ab\u00a0pas un ouvrage partisan\u00a0\u00bb mais \u00ab\u00a0une enqu\u00eate\u00a0\u00bb sur un gigantesque \u00ab\u00a0crime en cours\u00a0\u00bb. Aucune r\u00e9v\u00e9lation pourtant, au fil des 286 pages o\u00f9 l&rsquo;autrice s&rsquo;\u00e9vertue \u00e0 d\u00e9montrer, chiffres publics \u00e0 l&rsquo;appui, sa th\u00e8se politique : l&rsquo;imp\u00f4t serait un vol en bande organis\u00e9e, au service d&rsquo;un Etat dilapidateur.\n<\/p>\n<p>        <img decoding=\"async\" src=\"https:\/\/www.europesays.com\/fr\/wp-content\/uploads\/2026\/09\/0786e4e0d7115f67268918f969691dcc-760x506.jpg\" alt=\"Eric Zemmour, le 9 mars 2026 \u00e0 Paris ( AFP \/ Dimitar DILKOFF )\" loading=\"eager\" fetchpriority=\"high\" width=\"760\" height=\"506\" style=\"max-width: 100%!important; height: auto;\"\/><\/p>\n<p class=\"c-image-news__legend\">Eric Zemmour, le 9 mars 2026 \u00e0 Paris ( AFP \/ Dimitar DILKOFF )<\/p>\n<p>\n Renouant avec sa vocation initiale, l&rsquo;ex-auditrice \u00e0 la Cour des comptes, form\u00e9e \u00e0 Sciences Po et \u00e0 l&rsquo;ENA, joue tour \u00e0 tour le r\u00f4le de magistrate instructrice, de procureure et de juge &#8211; sans craindre la nullit\u00e9 pour vice de proc\u00e9dure.\n<\/p>\n<p>\n Quand tombe son verdict, les coupables d\u00e9sign\u00e9s sont ses suspects habituels (\u00e9lus, m\u00e9dias, bureaucratie&#8230;), tandis que milliardaires et march\u00e9s ont \u00e9t\u00e9 d&#8217;embl\u00e9e mis hors de cause.\n<\/p>\n<p> \u00ab\u00a0Ce n&rsquo;est que le d\u00e9but\u00a0\u00bb<\/p>\n<p>\n Mais l\u00e0 n&rsquo;est pas l&rsquo;essentiel. Au d\u00e9tour d&rsquo;un chapitre, dans un tableau, Sarah Knafo expose son plan de coupes massives des d\u00e9penses publiques. Version augment\u00e9e de son contre-budget pr\u00e9sent\u00e9 l&rsquo;an dernier, qui incluait d\u00e9j\u00e0 la suppression de l&rsquo;aide au d\u00e9veloppement et la privatisation de l&rsquo;audiovisuel public, entre autres.\n<\/p>\n<p>\n Elle y ajoute la limitation du RSA \u00e0 trois ans pour les personnes \u00ab\u00a0en capacit\u00e9 de travailler\u00a0\u00bb et surtout la suppression de 800.000 postes en cinq ans dans la fonction publique &#8211; uniquement par des d\u00e9parts non remplac\u00e9s et en \u00e9pargnant enseignants, soignants, policiers et militaires.\n<\/p>\n<p>\n Au total, il y en aurait pour 130 milliards d&rsquo;euros d&rsquo;\u00e9conomies. Largement assez pour r\u00e9duire \u00e0 peau de chagrin la CSG pour les actifs et \u00ab\u00a0abolir\u00a0\u00bb les droits de succession. Et encore, \u00ab\u00a0ce n&rsquo;est que le d\u00e9but de ce qu&rsquo;il faut faire\u00a0\u00bb, dit-elle, assurant que son parti proposera bient\u00f4t \u00ab\u00a0un plan beaucoup plus important\u00a0\u00bb.\n<\/p>\n<p>        <img decoding=\"async\" src=\"https:\/\/www.europesays.com\/fr\/wp-content\/uploads\/2026\/09\/2d6c9808d29986a3f96d8a0ba3c05a2c-760x507.jpg\" alt=\"Eric Zemmour Sarah Knafo, le 13 janvier 2026 \u00e0 Paris ( AFP \/ JULIEN DE ROSA )\" loading=\"eager\" fetchpriority=\"high\" width=\"760\" height=\"507\" style=\"max-width: 100%!important; height: auto;\"\/><\/p>\n<p class=\"c-image-news__legend\">Eric Zemmour Sarah Knafo, le 13 janvier 2026 \u00e0 Paris ( AFP \/ JULIEN DE ROSA )<\/p>\n<p>\n Un projet qui pourrait devenir celui de \u00ab\u00a0l&rsquo;union des droites\u00a0\u00bb qu&rsquo;elle pr\u00f4nait d\u00e9j\u00e0 aux derni\u00e8res municipales \u00e0 Paris. A condition que d&rsquo;autres candidats s&rsquo;y rallient: \u00ab\u00a0je ne d\u00e9sesp\u00e8re pas de les convaincre\u00a0\u00bb, assure-t-elle, m\u00eame si avec Bruno Retailleau ou Marine Le Pen, \u00ab\u00a0nous n&rsquo;avons pas des diff\u00e9rences de degr\u00e9s, mais de philosophie\u00a0\u00bb.\n<\/p>\n<p>\n L&rsquo;oeuvre sera bien utile, en revanche, \u00e0 son compagnon Eric Zemmour, dont la strat\u00e9gie identitaire avait pr\u00e9cipit\u00e9 l&rsquo;\u00e9chec en 2022. \u00ab\u00a0Dans l&rsquo;image qui en est rest\u00e9e, beaucoup ont dit +il ne s&rsquo;int\u00e9resse qu&rsquo;\u00e0 l&rsquo;immigration+\u00a0\u00bb, alors qu&rsquo;il \u00ab\u00a0a parl\u00e9 d&rsquo;\u00e9conomie mais a \u00e9t\u00e9 beaucoup plus entendu sur d&rsquo;autres th\u00e8mes\u00a0\u00bb, reconna\u00eet-elle.\n<\/p>\n<p>\n Avec ce livre, \u00ab\u00a0je pense qu&rsquo;on ne pourra plus jamais nous faire ce reproche\u00a0\u00bb, ajoute celle qui a quoi qu&rsquo;il arrive une place r\u00e9serv\u00e9e \u00ab\u00a0dans le dispositif\u00a0\u00bb de son \u00ab\u00a0candidat naturel\u00a0\u00bb mais pas encore d\u00e9clar\u00e9.\n<\/p>\n<p>\n Pour l&rsquo;annonce, il faudra patienter encore un peu. Ce ne sera a priori pas \u00e0 la foire de Ch\u00e2lons-en-Champagne, o\u00f9 le patron de Reconqu\u00eate fera sa rentr\u00e9e jeudi. Ni aux universit\u00e9s d&rsquo;\u00e9t\u00e9 du parti, les 12 et 13 septembre au Port-Marly (Yvelines).\n<\/p>\n<p>\n D&rsquo;ici l\u00e0, Sarah Knafo aura entam\u00e9 sa tourn\u00e9e de d\u00e9dicaces. Au moins une vingtaine de dates sont programm\u00e9es jusqu&rsquo;en novembre. L&rsquo;occasion de jauger sa popularit\u00e9 au plus pr\u00e8s des (\u00e9)lecteurs.<\/p>\n","protected":false},"excerpt":{"rendered":"Sarah Knafo, le 15 mars 2026 \u00e0 Paris ( AFP \/ GEOFFROY VAN DER HASSELT ) Son parti&hellip;\n","protected":false},"author":2,"featured_media":1163499,"comment_status":"","ping_status":"","sticky":false,"template":"","format":"standard","meta":{"footnotes":"","_share_on_mastodon":"0"},"categories":[1356],"tags":[400,398,408,405,58,59,1011,27,403,402,399,404,401,252,406,1364,407],"class_list":["post-1163498","post","type-post","status-publish","format-standard","has-post-thumbnail","category-television","tag-action-cac-40","tag-bourse-de-paris","tag-boursorama","tag-cotations","tag-divertissement","tag-entertainment","tag-fr","tag-france","tag-indices-devises","tag-investir","tag-investissement","tag-marche-boursier","tag-sicav","tag-television","tag-trackers","tag-tv","tag-warrants"],"share_on_mastodon":{"url":"https:\/\/pubeurope.com\/@fr\/117202821659189407","error":""},"_links":{"self":[{"href":"https:\/\/www.europesays.com\/fr\/wp-json\/wp\/v2\/posts\/1163498","targetHints":{"allow":["GET"]}}],"collection":[{"href":"https:\/\/www.europesays.com\/fr\/wp-json\/wp\/v2\/posts"}],"about":[{"href":"https:\/\/www.europesays.com\/fr\/wp-json\/wp\/v2\/types\/post"}],"author":[{"embeddable":true,"href":"https:\/\/www.europesays.com\/fr\/wp-json\/wp\/v2\/users\/2"}],"replies":[{"embeddable":true,"href":"https:\/\/www.europesays.com\/fr\/wp-json\/wp\/v2\/comments?post=1163498"}],"version-history":[{"count":0,"href":"https:\/\/www.europesays.com\/fr\/wp-json\/wp\/v2\/posts\/1163498\/revisions"}],"wp:featuredmedia":[{"embeddable":true,"href":"https:\/\/www.europesays.com\/fr\/wp-json\/wp\/v2\/media\/1163499"}],"wp:attachment":[{"href":"https:\/\/www.europesays.com\/fr\/wp-json\/wp\/v2\/media?parent=1163498"}],"wp:term":[{"taxonomy":"category","embeddable":true,"href":"https:\/\/www.europesays.com\/fr\/wp-json\/wp\/v2\/categories?post=1163498"},{"taxonomy":"post_tag","embeddable":true,"href":"https:\/\/www.europesays.com\/fr\/wp-json\/wp\/v2\/tags?post=1163498"}],"curies":[{"name":"wp","href":"https:\/\/api.w.org\/{rel}","templated":true}]}}