{"id":1163502,"date":"2026-09-02T18:18:13","date_gmt":"2026-09-02T18:18:13","guid":{"rendered":"https:\/\/www.europesays.com\/fr\/1163502\/"},"modified":"2026-09-02T18:18:13","modified_gmt":"2026-09-02T18:18:13","slug":"cest-quoi-un-cineaste-francais-sur-linconnue-darthur-harari","status":"publish","type":"post","link":"https:\/\/www.europesays.com\/fr\/1163502\/","title":{"rendered":"C\u2019est quoi, un cin\u00e9aste fran\u00e7ais ? \u2013 sur L\u2019Inconnue d\u2019Arthur Harari"},"content":{"rendered":"<p>                        C\u2019est quoi, un cin\u00e9aste fran\u00e7ais ? \u2013 sur L\u2019Inconnue d\u2019Arthur Harari<\/p>\n<p class=\"byline author vcard\">Par    <a href=\"https:\/\/aoc.media\/auteur\/raphaelle-pireyreaoc-media\/\" title=\"Articles par Rapha\u00eblle Pireyre\" class=\"author url fn\" rel=\"author nofollow noopener\" target=\"_blank\">Rapha\u00eblle Pireyre<\/a><\/p>\n<p>Dans L\u2019Inconnue, adaptation du roman graphique cosc\u00e9naris\u00e9 avec son fr\u00e8re, Arthur Harari met en sc\u00e8ne un photographe solitaire qui change de corps apr\u00e8s avoir fait l\u2019amour avec une inconnue, incarn\u00e9e par L\u00e9a Seydoux. C\u2019est ainsi que le cin\u00e9aste se confronte de mani\u00e8re radicale \u00e0 la f\u00e9minit\u00e9, \u00e0 l\u2019\u00e9tranget\u00e9 \u00e0 soi, au doute m\u00e9taphysique de ses personnages.<\/p>\n<p class=\"first-paragraph\">L\u2019une des plus belles planches de la BD Le Cas David Zimmerman, parue l\u2019an dernier aux \u00c9ditions Sarbacane, d\u00e9voile la fa\u00e7ade en pierre meuli\u00e8re d\u2019un pavillon de banlieue repr\u00e9sent\u00e9e dans son ensemble et dans un d\u00e9tail si rapproch\u00e9 qu\u2019il confine \u00e0 l\u2019abstraction.<\/p>\n<p><a href=\"https:\/\/gallica.bnf.fr\/accueil\/fr\/html\/accueil-fr\" target=\"_blank\" rel=\"noopener nofollow\"><img fetchpriority=\"high\" decoding=\"async\" class=\"wp-image-296076 size-full\" src=\"https:\/\/www.europesays.com\/fr\/wp-content\/uploads\/2026\/09\/AOC_Gallica_cartes_PAVE_OK6.jpg\" alt=\"\" width=\"300\" height=\"250\"\/><\/a>publicit\u00e9<\/p>\n<p>C\u2019est aussi ce que fait L\u2019Inconnue qui n\u2019est autre que l\u2019adaptation du roman graphique, les deux \u00e9tant <a href=\"https:\/\/aoc.media\/entretien\/2024\/12\/13\/lucas-et-arthur-harari-la-bande-dessinee-a-ete-notre-premiere-passion\/\" target=\"_blank\" rel=\"noopener nofollow\">cosc\u00e9naris\u00e9s par les fr\u00e8res Arthur et Lucas Harari<\/a>. Le personnage du film, un photographe (Niels Schneider) plonge dans le grain de ses clich\u00e9s jusqu\u2019\u00e0 se perdre dans le d\u00e9tail de l\u2019image et ne plus faire la diff\u00e9rence entre la r\u00e9alit\u00e9 et sa repr\u00e9sentation.<\/p>\n<p>Deux ou trois choses que je sais d\u2019elle<\/p>\n<p>Dans le roman graphique comme dans le film, David, ce trentenaire solitaire, change de corps apr\u00e8s avoir fait l\u2019amour avec une inconnue. Plut\u00f4t que de s\u2019int\u00e9resser au pourquoi et \u00e0 la r\u00e9solution de ce myst\u00e8re, le r\u00e9cit se consacre au comment de cette catastrophe intime. De mani\u00e8re tr\u00e8s concr\u00e8te d\u2019abord : comment survivre, se loger, se nourrir, quand on n\u2019est plus soi ? Sous un jour plus m\u00e9taphysique ensuite : comment conserver son identit\u00e9 quand on en est le seul garant et que m\u00eame le reflet dans le miroir nous contredit ? Cette question qui traverse le personnage, le cin\u00e9aste se la pose lui aussi en filigrane, contredisant la politique des auteurs, et interrogeant les motifs du cin\u00e9ma fran\u00e7ais : le d\u00e9cor parisien, le portrait d\u2019actrice, le r\u00e9alisme.<\/p>\n<p>Le d\u00e9cor et l\u2019architecture sont loin d\u2019\u00eatre des toiles de fond dans ce r\u00e9cit int\u00e9rieur. Dans l\u2019appartement de David Zimmerman, tout un pan de mur est recouvert d\u2019une carte g\u00e9ante du Grand Paris, marqu\u00e9e de multiples points, tous situ\u00e9s hors des fronti\u00e8res de l\u2019intra-muros. Ce d\u00e9tail du d\u00e9cor n\u2019en est pas un puisque l\u2019\u0153uvre titanesque \u00e0 laquelle le protagoniste s\u2019astreint est de documenter cette g\u00e9ographie de la banlieue en photographiant \u00e0 l\u2019identique les lieux d\u00e9j\u00e0 arpent\u00e9s par son p\u00e8re, qui s\u2019est donn\u00e9 la mort alors que David n\u2019\u00e9tait qu\u2019un jeune enfant. Il s<\/p>\n<p class=\"author_name\">\n                <a href=\"https:\/\/aoc.media\/auteur\/raphaelle-pireyreaoc-media\/\" rel=\"nofollow noopener\" target=\"_blank\">Rapha\u00eblle Pireyre<\/a>\n            <\/p>\n<p class=\"author_func\">\n                Critique            <\/p>\n<p>        Rayonnages<br \/>\n        <a href=\"https:\/\/aoc.media\/tag\/culture\/\" rel=\"nofollow noopener\" target=\"_blank\">Culture<\/a><a href=\"https:\/\/aoc.media\/tag\/cinema\/\" rel=\"nofollow noopener\" target=\"_blank\">Cin\u00e9ma<\/a>    <\/p>\n","protected":false},"excerpt":{"rendered":"C\u2019est quoi, un cin\u00e9aste fran\u00e7ais ? \u2013 sur L\u2019Inconnue d\u2019Arthur Harari Par Rapha\u00eblle Pireyre Dans L\u2019Inconnue, adaptation du&hellip;\n","protected":false},"author":2,"featured_media":1163503,"comment_status":"","ping_status":"","sticky":false,"template":"","format":"standard","meta":{"footnotes":"","_share_on_mastodon":"0"},"categories":[1354],"tags":[650,251,58,59,1346,1011,27,1360],"class_list":["post-1163502","post","type-post","status-publish","format-standard","has-post-thumbnail","category-films","tag-cinema","tag-culture","tag-divertissement","tag-entertainment","tag-films","tag-fr","tag-france","tag-movies"],"share_on_mastodon":{"url":"https:\/\/pubeurope.com\/@fr\/117202828189923305","error":""},"_links":{"self":[{"href":"https:\/\/www.europesays.com\/fr\/wp-json\/wp\/v2\/posts\/1163502","targetHints":{"allow":["GET"]}}],"collection":[{"href":"https:\/\/www.europesays.com\/fr\/wp-json\/wp\/v2\/posts"}],"about":[{"href":"https:\/\/www.europesays.com\/fr\/wp-json\/wp\/v2\/types\/post"}],"author":[{"embeddable":true,"href":"https:\/\/www.europesays.com\/fr\/wp-json\/wp\/v2\/users\/2"}],"replies":[{"embeddable":true,"href":"https:\/\/www.europesays.com\/fr\/wp-json\/wp\/v2\/comments?post=1163502"}],"version-history":[{"count":0,"href":"https:\/\/www.europesays.com\/fr\/wp-json\/wp\/v2\/posts\/1163502\/revisions"}],"wp:featuredmedia":[{"embeddable":true,"href":"https:\/\/www.europesays.com\/fr\/wp-json\/wp\/v2\/media\/1163503"}],"wp:attachment":[{"href":"https:\/\/www.europesays.com\/fr\/wp-json\/wp\/v2\/media?parent=1163502"}],"wp:term":[{"taxonomy":"category","embeddable":true,"href":"https:\/\/www.europesays.com\/fr\/wp-json\/wp\/v2\/categories?post=1163502"},{"taxonomy":"post_tag","embeddable":true,"href":"https:\/\/www.europesays.com\/fr\/wp-json\/wp\/v2\/tags?post=1163502"}],"curies":[{"name":"wp","href":"https:\/\/api.w.org\/{rel}","templated":true}]}}