{"id":1163510,"date":"2026-09-02T18:22:33","date_gmt":"2026-09-02T18:22:33","guid":{"rendered":"https:\/\/www.europesays.com\/fr\/1163510\/"},"modified":"2026-09-02T18:22:33","modified_gmt":"2026-09-02T18:22:33","slug":"replay-cest-ca-que-je-prefere-sophie-adenot-revient-sur-ses-sorties-spatiales-lors-dune-conference-de-presse-depuis-liss-franceinfo","status":"publish","type":"post","link":"https:\/\/www.europesays.com\/fr\/1163510\/","title":{"rendered":"REPLAY. \u00ab\u00a0C&rsquo;est \u00e7a que je pr\u00e9f\u00e8re\u00a0\u00bb\u00a0: Sophie Adenot revient sur ses sorties spatiales lors d&rsquo;une conf\u00e9rence de presse depuis l&rsquo;ISS \u2013 franceinfo"},"content":{"rendered":"<p>    Publi\u00e9 le 02\/09\/2026 14:40<\/p>\n<p>      Mis \u00e0 jour le 02\/09\/2026 20:20<\/p>\n<p>    <img decoding=\"async\" class=\"francetv-player-wrapper__image\" alt=\"\"  width=\"432\" height=\"243\" src=\"https:\/\/www.europesays.com\/fr\/wp-content\/uploads\/2026\/09\/https:\/\/assets.webservices.francetelevisions.fr\/v1\/assets\/images\/f1\/c4\/fa\/65325eef-da6a-4d94-a15b-7b.jpeg\" fetchpriority=\"high\"\/><\/p>\n<p>      regarder le direct<\/p>\n<p>        <video class=\"francetv-player-wrapper__blank-video\" src=\"data:video\/mp4;base64,AAAAIGZ0eXBpc29tAAACAGlzb21pc28yYXZjMW1wNDEAAAPrbW9vdgAAAGxtdmhkAAAAAAAAAAAAAAAAAAAD6AAAB9AAAQAAAQAAAAAAAAAAAAAAAAEAAAAAAAAAAAAAAAAAAAABAAAAAAAAAAAAAAAAAABAAAAAAAAAAAAAAAAAAAAAAAAAAAAAAAAAAAAAAAAAAgAAAxV0cmFrAAAAXHRraGQAAAADAAAAAAAAAAAAAAABAAAAAAAAB9AAAAAAAAAAAAAAAAAAAAAAAAEAAAAAAAAAAAAAAAAAAAABAAAAAAAAAAAAAAAAAABAAAAAAIAAAACAAAAAAAAkZWR0cwAAABxlbHN0AAAAAAAAAAEAAAfQAAAAAAABAAAAAAKNbWRpYQAAACBtZGhkAAAAAAAAAAAAAAAAAAAyAAAAZABVxAAAAAAALWhkbHIAAAAAAAAAAHZpZGUAAAAAAAAAAAAAAABWaWRlb0hhbmRsZXIAAAACOG1pbmYAAAAUdm1oZAAAAAEAAAAAAAAAAAAAACRkaW5mAAAAHGRyZWYAAAAAAAAAAQAAAAx1cmwgAAAAAQAAAfhzdGJsAAAAuHN0c2QAAAAAAAAAAQAAAKhhdmMxAAAAAAAAAAEAAAAAAAAAAAAAAAAAAAAAAIAAgABIAAAASAAAAAAAAAABFUxhdmM2MC4zMS4xMDIgbGlieDI2NAAAAAAAAAAAAAAAGP\/\/AAAALmF2Y0MBQsAe\/+EAFmdCwB7ZAgRsBEAAAAMAQAAADIPFi5IBAAVoy4JLIAAAABBwYXNwAAAAAQAAAAEAAAAUYnRydAAAAAAAABKAAAASgAAAABhzdHRzAAAAAAAAAAEAAAAyAAACAAAAABRzdHNzAAAAAAAAAAEAAAABAAAAHHN0c2MAAAAAAAAAAQAAAAEAAAAyAAAAAQAAANxzdHN6AAAAAAAAAAAAAAAyAAACtAAAAAsAAAALAAAACgAAAAoAAAAKAAAACgAAAAoAAAAKAAAACgAAAAoAAAAKAAAACgAAAAoAAAAKAAAACgAAAAoAAAAKAAAACgAAAAoAAAAKAAAACgAAAAoAAAAKAAAACgAAAAoAAAAKAAAACgAAAAoAAAAKAAAACgAAAAoAAAAKAAAACgAAAAoAAAAKAAAACgAAAAoAAAAKAAAACgAAAAoAAAAKAAAACgAAAAoAAAAKAAAACgAAAAoAAAAKAAAACgAAAAoAAAAUc3RjbwAAAAAAAAABAAAEGwAAAGJ1ZHRhAAAAWm1ldGEAAAAAAAAAIWhkbHIAAAAAAAAAAG1kaXJhcHBsAAAAAAAAAAAAAAAALWlsc3QAAAAlqXRvbwAAAB1kYXRhAAAAAQAAAABMYXZmNjAuMTYuMTAwAAAACGZyZWUAAASobWRhdAAAAnEGBf\/\/bdxF6b3m2Ui3lizYINkj7u94MjY0IC0gY29yZSAxNjQgcjMxMDggMzFlMTlmOSAtIEguMjY0L01QRUctNCBBVkMgY29kZWMgLSBDb3B5bGVmdCAyMDAzLTIwMjMgLSBodHRwOi8vd3d3LnZpZGVvbGFuLm9yZy94MjY0Lmh0bWwgLSBvcHRpb25zOiBjYWJhYz0wIHJlZj0zIGRlYmxvY2s9MTowOjAgYW5hbHlzZT0weDE6MHgxMTEgbWU9aGV4IHN1Ym1lPTcgcHN5PTEgcHN5X3JkPTEuMDA6MC4wMCBtaXhlZF9yZWY9MSBtZV9yYW5nZT0xNiBjaHJvbWFfbWU9MSB0cmVsbGlzPTEgOHg4ZGN0PTAgY3FtPTAgZGVhZHpvbmU9MjEsMTEgZmFzdF9wc2tpcD0xIGNocm9tYV9xcF9vZmZzZXQ9LTIgdGhyZWFkcz00IGxvb2thaGVhZF90aHJlYWRzPTEgc2xpY2VkX3RocmVhZHM9MCBucj0wIGRlY2ltYXRlPTEgaW50ZXJsYWNlZD0wIGJsdXJheV9jb21wYXQ9MCBjb25zdHJhaW5lZF9pbnRyYT0wIGJmcmFtZXM9MCB3ZWlnaHRwPTAga2V5aW50PTI1MCBrZXlpbnRfbWluPTI1IHNjZW5lY3V0PTQwIGludHJhX3JlZnJlc2g9MCByY19sb29rYWhlYWQ9NDAgcmM9Y3JmIG1idHJlZT0xIGNyZj0yOC4wIHFjb21wPTAuNjAgcXBtaW49MCBxcG1heD02OSBxcHN0ZXA9NCBpcF9yYXRpbz0xLjQwIGFxPTE6MS4wMACAAAAAO2WIhAzyYoAAmvycnJycnJyddddddddddddddddddddddddddddddddddddddddddddddddddddddddeAAAAB0GaOBngQYAAAAAHQZpUBngQYAAAAAZBmmAzwIMAAAAGQZqAM8CDAAAABkGaoDPAgwAAAAZBmsAzwIMAAAAGQZrgM8CDAAAABkGbADPAgwAAAAZBmyAzwIMAAAAGQZtAM8CDAAAABkGbYDPAgwAAAAZBm4AzwIMAAAAGQZugM8CDAAAABkGbwDPAgwAAAAZBm+AzwIMAAAAGQZoAM8CDAAAABkGaIDPAgwAAAAZBmkAzwIMAAAAGQZpgM8CDAAAABkGagDPAgwAAAAZBmqAzwIMAAAAGQZrAM8CDAAAABkGa4DPAgwAAAAZBmwAzwIMAAAAGQZsgM8CDAAAABkGbQDPAgwAAAAZBm2AzwIMAAAAGQZuAM8CDAAAABkGboDPAgwAAAAZBm8AzwIMAAAAGQZvgM8CDAAAABkGaADPAgwAAAAZBmiAzwIMAAAAGQZpAM8CDAAAABkGaYDPAgwAAAAZBmoAzwIMAAAAGQZqgM8CDAAAABkGawDPAgwAAAAZBmuAzwIMAAAAGQZsAM8CDAAAABkGbIDPAgwAAAAZBm0AzwIMAAAAGQZtgM8CDAAAABkGbgDPAgwAAAAZBm6AzwIMAAAAGQZvAM8CDAAAABkGb4C\/AgwAAAAZBmgAvwIMAAAAGQZogK8CD\" type=\"video\/mp4\"\/><\/p>\n<p class=\"c-chapo \">\n  L&rsquo;astronaute fran\u00e7aise a r\u00e9pondu aux questions des journalistes pendant une vingtaine de minutes, mercredi apr\u00e8s-midi.\n<\/p>\n<p class=\"c-body__title\">Ce qu&rsquo;il faut savoir<\/p>\n<p>Ce direct est d\u00e9sormais termin\u00e9.<\/p>\n<p>Elle s&rsquo;est pli\u00e9e au jeu des questions-r\u00e9ponses malgr\u00e9 la fatigue. Sophie Adenot a tenu une conf\u00e9rence de presse, mercredi 2\u00a0septembre, au lendemain de sa <a href=\"https:\/\/www.franceinfo.fr\/sciences\/espace\/sophie-adenot\/sophie-adenot-dans-l-espace\/direct-troisieme-sortie-dans-l-espace-de-sophie-adenot-suivez-la-nouvelle-mission-menee-par-l-astronaute-hors-de-l-iss-a-partir-de-14h30_8171849.html\" target=\"_self\" rel=\"noopener noreferrer nofollow\" data-tooltip-url=\"https:\/\/www.franceinfo.fr\/sciences\/espace\/sophie-adenot\/sophie-adenot-dans-l-espace\/direct-troisieme-sortie-dans-l-espace-de-sophie-adenot-suivez-la-nouvelle-mission-menee-par-l-astronaute-hors-de-l-iss-a-partir-de-14h30_8171849.html\">troisi\u00e8me sortie spatiale<\/a> en deux semaines (<a href=\"https:\/\/www.franceinfo.fr\/sciences\/espace\/sophie-adenot\/video-je-suis-dehors-l-astronaute-francaise-sophie-adenot-entre-dans-l-histoire-en-devenant-la-premiere-francaise-a-sortir-dans-l-espace_8152217.html\" target=\"_self\" rel=\"noopener noreferrer nofollow\" data-tooltip-url=\"https:\/\/www.franceinfo.fr\/sciences\/espace\/sophie-adenot\/video-je-suis-dehors-l-astronaute-francaise-sophie-adenot-entre-dans-l-histoire-en-devenant-la-premiere-francaise-a-sortir-dans-l-espace_8152217.html\">18\u00a0ao\u00fbt<\/a>, <a href=\"https:\/\/www.franceinfo.fr\/sciences\/espace\/sophie-adenot\/felicitations-tu-as-assure-sophie-adenot-a-mene-une-nouvelle-sortie-spatiale-l-antenne-installee-par-la-francaise-et-l-americain-anil-menon-fonctionne_8161415.html\" target=\"_self\" rel=\"noopener noreferrer nofollow\" data-tooltip-url=\"https:\/\/www.franceinfo.fr\/sciences\/espace\/sophie-adenot\/felicitations-tu-as-assure-sophie-adenot-a-mene-une-nouvelle-sortie-spatiale-l-antenne-installee-par-la-francaise-et-l-americain-anil-menon-fonctionne_8161415.html\">25\u00a0ao\u00fbt<\/a> et 1er\u00a0septembre). En direct depuis la Station spatiale internationale (ISS), l&rsquo;astronaute fran\u00e7aise a r\u00e9pondu aux journalistes pendant une vingtaine de minutes, de 15h40 \u00e0 16\u00a0heures. Le 26\u00a0ao\u00fbt, apr\u00e8s sa deuxi\u00e8me sortie extrav\u00e9hiculaire, la pilote d&rsquo;essai d&rsquo;h\u00e9licopt\u00e8re avait \u00e9galement donn\u00e9 une interview \u00e0 <a href=\"https:\/\/www.rfi.fr\/fr\/podcasts\/le-grand-invit%C3%A9-international\/20260826-sophie-adenot-on-voit-les-cons%C3%A9quences-du-changement-climatique-depuis-l%C3%A0-haut\" target=\"_blank\" rel=\"noopener nofollow\" data-tooltip-url=\"https:\/\/www.rfi.fr\/fr\/podcasts\/le-grand-invit%C3%A9-international\/20260826-sophie-adenot-on-voit-les-cons%C3%A9quences-du-changement-climatique-depuis-l%C3%A0-haut\">France\u00a024 et RFI<\/a>, sans cacher qu&rsquo;elle \u00e9tait \u00ab\u00a0courbatur\u00e9e\u00a0\u00bb.<\/p>\n<ul>\n<li><strong>Six heures de travail lors de la derni\u00e8re sortie. <\/strong>Sophie Adenot et l&rsquo;astronaute am\u00e9ricaine Jessica Meir ont rempli, mardi, les objectifs de leur sortie spatiale. La premi\u00e8re a notamment remplac\u00e9 un r\u00e9tror\u00e9flecteur d\u00e9fectueux qui sert au guidage des engins \u00e0 l&rsquo;approche de l&rsquo;ISS. La seconde a, entre autres, install\u00e9 une nouvelle cam\u00e9ra haute d\u00e9finition sur la poutre de la station. Elles ont termin\u00e9 leur sortie spatiale apr\u00e8s six heures de travail dans le vide spatial, \u00e0 400\u00a0km d&rsquo;altitude.<\/li>\n<li><strong>Un \u00ab\u00a0excellent travail\u00a0\u00bb. <\/strong>Depuis le centre de commandement de la Nasa, \u00e0 Houston, Sophie Adenot et Jessica Meir ont \u00e9t\u00e9 f\u00e9licit\u00e9es par la directrice de vol Chloe Mehring\u00a0: \u00ab\u00a0Vous avez fait un excellent travail aujourd&rsquo;hui. Vous pouvez \u00eatre tr\u00e8s fi\u00e8res de tout ce que vous avez accompli.\u00a0\u00bb<\/li>\n<li><strong>S\u00fbrement son dernier appel depuis l&rsquo;ISS.<\/strong> A bord de la station depuis le mois de f\u00e9vrier, Sophie Adenot doit revenir au sol dans les prochaines semaines. Mais son retour pourrait \u00eatre l\u00e9g\u00e8rement d\u00e9cal\u00e9. Le Crew-13, qui prend le relais du Crew-12 dont fait partie la Fran\u00e7aise, a vu son d\u00e9part retard\u00e9. \u00ab\u00a0La Nasa et SpaceX ajustent la date de lancement de la mission Crew-13 de l&rsquo;agence vers la Station spatiale internationale afin de rem\u00e9dier \u00e0 une fuite de comburant sur le syst\u00e8me de propulsion du vaisseau Dragon, d\u00e9tect\u00e9e lors des op\u00e9rations standards de pr\u00e9paration au lancement\u00a0\u00bb, explique la <a href=\"https:\/\/www.nasa.gov\/blogs\/spacestation\/2026\/08\/29\/nasa-spacex-adjust-crew-13-launch-date\/\" target=\"_blank\" rel=\"noopener nofollow\" data-tooltip-url=\"https:\/\/www.nasa.gov\/blogs\/spacestation\/2026\/08\/29\/nasa-spacex-adjust-crew-13-launch-date\/\">Nasa<\/a>. \u00ab\u00a0Une nouvelle date cible sera annonc\u00e9e d\u00e8s qu&rsquo;elle sera connue.\u00a0\u00bb<\/li>\n<\/ul>\n<p>      tout lire<\/p>\n<p>      Passer le Live<\/p>\n<ul class=\"sc-8742d346-0 haYosR\">\n<li class=\"sc-72046b81-0 kcJaBg\"><img decoding=\"async\" class=\"sc-90bd236b-2 jNYCQI sc-5671562b-0 gZnujG\" src=\"https:\/\/www.europesays.com\/fr\/wp-content\/uploads\/2026\/02\/franceinfo-1701839838335.png\" alt=\"\" width=\"36\" height=\"36\" loading=\"lazy\"\/>Sophie Adenot\n<p>astronaute \u00e0 bord de l&rsquo;ISS  Il y a 0 sec<\/p>\n<p>\u00ab\u00a0Etre en sortie extrav\u00e9hiculaire, c&rsquo;est ouvrir la porte et aller au bord de la falaise. Donc le sentiment n&rsquo;est plus du tout le m\u00eame. Et ce paysage devient quelque chose qui vous prend aux tripes tellement c&rsquo;est beau mais impressionnant.\u00a0\u00bb<\/p>\n<p>#ADENOT L&rsquo;astronaute fran\u00e7aise a tenu une conf\u00e9rence de presse, au lendemain de sa troisi\u00e8me sortie extrav\u00e9hiculaire. Notre journaliste Louis San vous raconte ce temps fort pour la Station spatiale internationle. <\/p>\n<\/li>\n<li class=\"sc-72046b81-0 kcJaBg\"><img decoding=\"async\" class=\"sc-90bd236b-2 jNYCQI sc-5671562b-0 gZnujG\" src=\"https:\/\/www.europesays.com\/fr\/wp-content\/uploads\/2026\/04\/commentaire-1775138710182.png\" alt=\"\" width=\"36\" height=\"36\" loading=\"lazy\"\/>\n<p>#ADENOT J&rsquo;ai cherch\u00e9 sans succ\u00e8s \u00e0 suivre cette conf\u00e9rence qui n&rsquo;\u00e9tait pas diffus\u00e9e en direct sur le site franceinfo, contrairement \u00e0 ce qui \u00e9tait indiqu\u00e9. Seules quelques infos parcellaires \u00e9taient r\u00e9sum\u00e9es par l&rsquo;animateur. Dommage.<\/p>\n<ul class=\"sc-8cd96a8a-0 cMjwnk\">\n<li class=\"sc-8cd96a8a-1 emocNz\"><img decoding=\"async\" class=\"sc-90bd236b-2 jNYCQI sc-5671562b-0 gZnujG\" src=\"https:\/\/www.europesays.com\/fr\/wp-content\/uploads\/2026\/09\/violaine-jaussent-1784043282405.png\" alt=\"\" width=\"36\" height=\"36\" loading=\"lazy\"\/>R\u00e9ponse de Violaine Jaussent\n<p>journaliste franceinfo  Il y a 0 sec<\/p>\n<p>Bonjour @DDrean72. J&rsquo;imagine que vous parlez de la conf\u00e9rence de presse de Sophie Adenot\u2026 Elle a bien \u00e9t\u00e9 diffus\u00e9e en direct sur notre antenne. Si vous l&rsquo;avez manqu\u00e9e, vous pouvez la revoir en int\u00e9gralit\u00e9 <a target=\"_blank\" href=\"https:\/\/www.franceinfo.fr\/sciences\/espace\/sophie-adenot\/sophie-adenot-dans-l-espace\/direct-suivez-la-conference-de-presse-de-sophie-adenot-depuis-l-iss-au-lendemain-de-sa-troisieme-sortie-spatiale-des-15h40_8173448.html\" class=\"sc-dcd969ab-1 dhMqhI live-timeline-link\" rel=\"nofollow noopener\">dans notre replay<\/a>.<\/li>\n<\/ul>\n<\/li>\n<li class=\"sc-72046b81-0 kcJaBg\"><img decoding=\"async\" class=\"sc-90bd236b-2 jNYCQI sc-5671562b-0 gZnujG\" src=\"https:\/\/www.europesays.com\/fr\/wp-content\/uploads\/2026\/09\/louis-san-1788251985359.png\" alt=\"\" width=\"36\" height=\"36\" loading=\"lazy\"\/>Louis San\n<p>franceinfo  Il y a 0 sec<\/p>\n<p>#ADENOT Sophie Adenot doit revenir sur Terre dans les prochaines semaines. Fin septembre ? D\u00e9but octobre ? Cela reste \u00e0 d\u00e9finir. Le Crew-13, qui doit succ\u00e9der au Crew-12 dont fait partie la Fran\u00e7aise, a vu son d\u00e9part retard\u00e9 en raison d&rsquo;un probl\u00e8me technique. Une chose est certaine, nous nous retrouverons pour parler de son retour, et nous le suivrons en direct sur ce fil. A tr\u00e8s vite !<\/p>\n<\/li>\n<li class=\"sc-72046b81-0 kcJaBg\"><img decoding=\"async\" class=\"sc-90bd236b-2 jNYCQI sc-5671562b-0 gZnujG\" src=\"https:\/\/www.europesays.com\/fr\/wp-content\/uploads\/2026\/09\/louis-san-1788251985359.png\" alt=\"\" width=\"36\" height=\"36\" loading=\"lazy\"\/>Louis San\n<p>franceinfo  Il y a 0 sec<\/p>\n<p>#ADENOT La conf\u00e9rence de presse de Sophie Adenot touche \u00e0 sa fin. \u00ab\u00a0Profitez bien de ce que la Terre offre de plus beau !\u00a0\u00bb, lance-t-elle en conclusion avec un large sourire.<\/p>\n<\/li>\n<li class=\"sc-72046b81-0 kcJaBg\"><img decoding=\"async\" class=\"sc-90bd236b-2 jNYCQI sc-5671562b-0 gZnujG\" src=\"https:\/\/www.europesays.com\/fr\/wp-content\/uploads\/2026\/02\/quotation-1697053386677.png\" alt=\"\" width=\"36\" height=\"36\" loading=\"lazy\"\/>Sophie Adenot\n<p>astronaute fran\u00e7aise de l&rsquo;agence spatiale europ\u00e9enne  Il y a 0 sec<\/p>\n<p>\u00ab\u00a0Jamais on ne sera blas\u00e9 lors d&rsquo;une sortie extrav\u00e9hiculaire !\u00a0\u00bb<\/p>\n<p>#ADENOT Sophie Adenot se montre enthousiaste en repensant \u00e0 ses trois sorties extrav\u00e9hiculaires, soulignant qu&rsquo;elles \u00e9taient toutes \u00ab\u00a0tr\u00e8s diff\u00e9rentes\u00a0\u00bb.<\/p>\n<\/li>\n<li class=\"sc-72046b81-0 kcJaBg\"><img decoding=\"async\" class=\"sc-90bd236b-2 jNYCQI sc-5671562b-0 gZnujG\" src=\"https:\/\/www.europesays.com\/fr\/wp-content\/uploads\/2026\/09\/louis-san-1788251985359.png\" alt=\"\" width=\"36\" height=\"36\" loading=\"lazy\"\/>Louis San\n<p>franceinfo  Il y a 0 sec<\/p>\n<p>#ADENOT Les questions s&rsquo;encha\u00eenent \u00e0 grande vitesse. Interrog\u00e9e par un m\u00e9dia Belge sur les conseils qu&rsquo;elle donne \u00e0 l&rsquo;astronaute belge Rapha\u00ebl Li\u00e9geois, qui sera le prochain Europ\u00e9en \u00e0 effectuer une mission longue dur\u00e9e \u00e0 bord de l&rsquo;ISS, elle lui recommande de se pr\u00e9parer \u00e0 \u00ab\u00a0l&rsquo;impr\u00e9vu\u00a0\u00bb.<\/p>\n<\/li>\n<li class=\"sc-72046b81-0 kcJaBg\"><img decoding=\"async\" class=\"sc-90bd236b-2 jNYCQI sc-5671562b-0 gZnujG\" src=\"https:\/\/www.europesays.com\/fr\/wp-content\/uploads\/2026\/09\/louis-san-1788251985359.png\" alt=\"\" width=\"36\" height=\"36\" loading=\"lazy\"\/>Louis San\n<p>franceinfo  Il y a 0 sec<\/p>\n<p>#ADENOT \u00ab\u00a0Hier, quand j&rsquo;\u00e9tais sur le point le plus en avant de la Station [pour remplacer un r\u00e9tror\u00e9flecteur], il n&rsquo;y avait que la Terre. Et on se sent tout petit\u00a0\u00bb, relate Sophie Adenot.<\/p>\n<\/li>\n<li class=\"sc-72046b81-0 kcJaBg\"><img decoding=\"async\" class=\"sc-90bd236b-2 jNYCQI sc-5671562b-0 gZnujG\" src=\"https:\/\/www.europesays.com\/fr\/wp-content\/uploads\/2025\/08\/franceinfo-1698326368836.png\" alt=\"\" width=\"36\" height=\"36\" loading=\"lazy\"\/>\n<p>#ADENOT \u00ab\u00a0Rien que tenir le stylo est douloureux pour ma main, aujourd&rsquo;hui.\u00a0\u00bb Sophie Adenot revient sur son \u00e9tat de fatigue au lendemain de sa troisi\u00e8me sortie spatiale et s&rsquo;est mise \u00e0 l&rsquo;endroit (pour nous) afin de r\u00e9pondre aux questions des journalistes.<\/p>\n<p><img decoding=\"async\" src=\"https:\/\/www.europesays.com\/fr\/wp-content\/uploads\/2026\/09\/adenot-2-1788357034772.png\" alt=\"\" width=\"1000\" height=\"519.6172248803828\" loading=\"lazy\" class=\"sc-90bd236b-2 jNYCQI\"\/><\/p>\n<p>(FRANCEINFO)<\/p>\n<\/li>\n<li class=\"sc-72046b81-0 kcJaBg\"><img decoding=\"async\" class=\"sc-90bd236b-2 jNYCQI sc-5671562b-0 gZnujG\" src=\"https:\/\/www.europesays.com\/fr\/wp-content\/uploads\/2026\/02\/quotation-1697053386677.png\" alt=\"\" width=\"36\" height=\"36\" loading=\"lazy\"\/>Sophie Adenot\n<p>astronaute fran\u00e7aise de l&rsquo;Agence spatiale europ\u00e9enne  Il y a 0 sec<\/p>\n<p>\u00ab\u00a0C&rsquo;est un paysage qui vous prend aux tripes.\u00a0\u00bb<\/p>\n<p>#ADENOT L&rsquo;astronaute fran\u00e7aise Sophie Adenot revient sur la vue qui s&rsquo;est offerte \u00e0 elle lors des sorties extrav\u00e9hiculaires, \u00e0 l&rsquo;ext\u00e9rieur de l&rsquo;ISS, \u00e0 400\u00a0km d&rsquo;altitude.<\/p>\n<\/li>\n<li class=\"sc-72046b81-0 kcJaBg\"><img decoding=\"async\" class=\"sc-90bd236b-2 jNYCQI sc-5671562b-0 gZnujG\" src=\"https:\/\/www.europesays.com\/fr\/wp-content\/uploads\/2026\/09\/louis-san-1788251985359.png\" alt=\"\" width=\"36\" height=\"36\" loading=\"lazy\"\/>Louis San\n<p>franceinfo  Il y a 0 sec<\/p>\n<p>#ADENOT \u00ab\u00a0Je dois avouer sinc\u00e8rement que depuis que j&rsquo;ai fait les sorties extrav\u00e9chiculaires, c&rsquo;est \u00e7a que je pr\u00e9f\u00e8re\u00a0\u00bb, lance sans h\u00e9sitation Sophie Adenot, qui \u00e9voque un \u00ab\u00a0point culminant\u00a0\u00bb de sa mission Epsilon. \u00ab\u00a0C&rsquo;est tr\u00e8s impressionnant de voir la Terre sous nos pieds. Cela demande un travail de coordination impressionnant entre nous et les \u00e9quipes au sol.\u00a0\u00bb<\/p>\n<\/li>\n<\/ul>\n<p>Fermer la fen\u00eatre ConnexionSans paiement. Sans abonnement.<\/p>\n<p>se connecter<\/p>\n<p>Fermer la fen\u00eatre BannissementVous ne pouvez plus participer au liveVous avez post\u00e9 un message contraire aux r\u00e8gles du Live avec votre compte xxxx@xxx.xxNous vous rappellons que votre participation doit se faire dans le respect de la loi, des personnes et des r\u00e8gles du Live que vous pouvez consulter ici :<a target=\"_blank\" href=\"https:\/\/www.franceinfo.fr\/charte-deontologique.html#charte-section-06\" class=\"sc-e171bfa8-5 jEpOwK\" rel=\"nofollow noopener\">Consultez les r\u00e8gles du Live<\/a><\/p>\n<p>fermer l&rsquo;espace participatif<\/p>\n<p>Fermer la fen\u00eatre Bienvenue<\/p>\n<p>,<\/p>\n<p>Bienvenue sur l&rsquo;espace participatif du Live.<\/p>\n<p>Avant de commencer :<\/p>\n<ul class=\"sc-a7912005-4 geCNhK\">\n<li class=\"sc-a7912005-5 gWxjju\"\/>\n<li class=\"sc-a7912005-5 gWxjju\">Nous ne publions pas tous les messages afin que le Live reste lisible pour tous. Nous faisons aussi de notre mieux pour vous r\u00e9pondre.<\/li>\n<\/ul>\n<p>fermer l&rsquo;espace participatif<\/p>\n<p>Fermer la fen\u00eatre Participer au liveParticiper au liveParticipez toujours dans le respect de la loi et des personnes.<img decoding=\"async\" class=\"sc-90bd236b-2 jNYCQI sc-5671562b-0 gZnujG\" src=\"https:\/\/www.europesays.com\/fr\/wp-content\/uploads\/2025\/06\/random-user.jpg\" alt=\"\" width=\"36\" height=\"36\" loading=\"lazy\"\/><\/p>\n<p>\u00c9crivez votre question ou r\u00e9action<\/p>\n<ul aria-hidden=\"true\" class=\"sc-fd518a3-9 NTgqm\">\n<li class=\"sc-fd518a3-10 eeZGjS\">350 caract\u00e8res max conseill\u00e9s.<\/li>\n<li class=\"sc-fd518a3-10 eeZGjS\">Photo (en option) 1.5 Mo max. Format .gif, .jpg, .jpeg, ou .png<\/li>\n<\/ul>\n<p>0 \/ 9990 sur 999 caract\u00e8res<\/p>\n<p>Fermer la fen\u00eatre Fichier trop lourd<\/p>\n<p>Votre fichier est trop lourd<\/p>\n<p>La photo n&rsquo;a pu \u00eatre ajout\u00e9e \u00e0 votre message car le fichier est trop lourd.<\/p>\n<p class=\"sc-d4e576d6-1 dUqrZz\">Veuillez r\u00e9essayer avec un fichier image de moins de 1.5 Mo.<\/p>\n<p>Fermer la fen\u00eatre Echec d&rsquo;envoi de commentaire<\/p>\n<p>Votre message n\u2019a pas pu \u00eatre envoy\u00e9<\/p>\n<p>Une erreur s\u2019est produite. Nous vous invitons \u00e0 r\u00e9essayer dans un instant.<\/p>\n<p class=\"related-tags__title\" role=\"heading\" aria-level=\"2\">les mots-cl\u00e9s associ\u00e9s \u00e0 cet article\n    <\/p>\n<p class=\"banner__title\">Le live : l\u2019actu en continu sur franceinfo<\/p>\n<p class=\"banner__subtitle\">Nos journalistes vous font vivre l\u2019actualit\u00e9 en temps r\u00e9el. Suivez, r\u00e9agissez et  posez vos questions.<\/p>\n<p><a class=\"fi-button banner__action ftvi-click fi-button--secondary fi-button--label fi-button--lg\" href=\"https:\/\/www.franceinfo.fr\/en-direct\/\" data-click-object=\"{&quot;feature&quot;:&quot;bandeau_promo&quot;,&quot;click&quot;:&quot;acceder_au_live&quot;,&quot;zone&quot;:&quot;bandeau_acceder_au_live&quot;}\" rel=\"nofollow noopener\" target=\"_blank\"><\/p>\n<p>      acc\u00e9der au live<\/p>\n<p>  <\/a><\/p>\n<p>    <img loading=\"lazy\" decoding=\"async\" class=\"banner__image lazyload\" width=\"104\" height=\"139\" alt=\"\" src=\"data:image\/gif;base64,R0lGODlhAQABAAAAACH5BAEKAAEALAAAAAABAAEAAAICTAEAOw==\"\/><\/p>\n","protected":false},"excerpt":{"rendered":"Publi\u00e9 le 02\/09\/2026 14:40 Mis \u00e0 jour le 02\/09\/2026 20:20 regarder le direct L&rsquo;astronaute fran\u00e7aise a r\u00e9pondu aux&hellip;\n","protected":false},"author":2,"featured_media":1163511,"comment_status":"","ping_status":"","sticky":false,"template":"","format":"standard","meta":{"footnotes":"","_share_on_mastodon":"0"},"categories":[7],"tags":[1011,27,43,40,41,39,42,44],"class_list":["post-1163510","post","type-post","status-publish","format-standard","has-post-thumbnail","category-sciences-et-technologies","tag-fr","tag-france","tag-science","tag-science-and-technology","tag-sciences","tag-sciences-et-technologies","tag-technologies","tag-technology"],"share_on_mastodon":{"url":"https:\/\/pubeurope.com\/@fr\/117202846438989597","error":""},"_links":{"self":[{"href":"https:\/\/www.europesays.com\/fr\/wp-json\/wp\/v2\/posts\/1163510","targetHints":{"allow":["GET"]}}],"collection":[{"href":"https:\/\/www.europesays.com\/fr\/wp-json\/wp\/v2\/posts"}],"about":[{"href":"https:\/\/www.europesays.com\/fr\/wp-json\/wp\/v2\/types\/post"}],"author":[{"embeddable":true,"href":"https:\/\/www.europesays.com\/fr\/wp-json\/wp\/v2\/users\/2"}],"replies":[{"embeddable":true,"href":"https:\/\/www.europesays.com\/fr\/wp-json\/wp\/v2\/comments?post=1163510"}],"version-history":[{"count":0,"href":"https:\/\/www.europesays.com\/fr\/wp-json\/wp\/v2\/posts\/1163510\/revisions"}],"wp:featuredmedia":[{"embeddable":true,"href":"https:\/\/www.europesays.com\/fr\/wp-json\/wp\/v2\/media\/1163511"}],"wp:attachment":[{"href":"https:\/\/www.europesays.com\/fr\/wp-json\/wp\/v2\/media?parent=1163510"}],"wp:term":[{"taxonomy":"category","embeddable":true,"href":"https:\/\/www.europesays.com\/fr\/wp-json\/wp\/v2\/categories?post=1163510"},{"taxonomy":"post_tag","embeddable":true,"href":"https:\/\/www.europesays.com\/fr\/wp-json\/wp\/v2\/tags?post=1163510"}],"curies":[{"name":"wp","href":"https:\/\/api.w.org\/{rel}","templated":true}]}}