{"id":1163516,"date":"2026-09-02T18:26:18","date_gmt":"2026-09-02T18:26:18","guid":{"rendered":"https:\/\/www.europesays.com\/fr\/1163516\/"},"modified":"2026-09-02T18:26:18","modified_gmt":"2026-09-02T18:26:18","slug":"iles-matthew-et-hunter-face-au-vanuatu-la-france-reaffirme-sa-souverainete","status":"publish","type":"post","link":"https:\/\/www.europesays.com\/fr\/1163516\/","title":{"rendered":"\u00celes Matthew et Hunter : face au Vanuatu, la France r\u00e9affirme sa souverainet\u00e9"},"content":{"rendered":"<p>\n    \u00abLa position de la France est claire et ferme. C\u2019est une position de dialogue, une position d\u2019ouverture, mais c\u2019est surtout un rappel de la souverainet\u00e9 de la France sur ces \u00eeles\u00bb, a affirm\u00e9 la ministre d\u00e9l\u00e9gu\u00e9e charg\u00e9e de la Francophonie et des Partenariats internationaux.<\/p>\n<p class=\"fig-paragraph\">La\u00a0<a href=\"http:\/\/www.lefigaro.fr\/medias\/radio-france-les-salaries-demandent-le-retrait-d-une-chronique-de-charles-sapin-et-votent-la-greve-20260902\" data-fig-type=\"NewsFlash\" data-gtm-custom-categorie=\"navigation\" data-gtm-custom-action=\"crossclick\" data-gtm-custom-label=\"Contextuel\" data-gtm-event=\"customEventSPE\" data-fig-domain=\"LEFIGARO\" rel=\"nofollow noopener\" target=\"_blank\">France\u00a0<\/a>exclut de renoncer \u00e0 sa souverainet\u00e9 sur les<a href=\"http:\/\/www.lefigaro.fr\/international\/le-vanuatu-souhaite-engager-une-procedure-contre-la-france-a-la-cij-concernant-les-deux-iles-contestees-de-matthew-et-hunter-20260901\" data-fig-type=\"NewsFlash\" data-gtm-custom-categorie=\"navigation\" data-gtm-custom-action=\"crossclick\" data-gtm-custom-label=\"Contextuel\" data-gtm-event=\"customEventSPE\" data-fig-domain=\"LEFIGARO\" rel=\"nofollow noopener\" target=\"_blank\">\u00a0\u00eeles Matthew et Hunter<\/a>, revendiqu\u00e9es par le\u00a0<a href=\"http:\/\/www.lefigaro.fr\/international\/le-vanuatu-souhaite-engager-une-procedure-contre-la-france-a-la-cij-concernant-les-deux-iles-contestees-de-matthew-et-hunter-20260901\" data-fig-type=\"NewsFlash\" data-gtm-custom-categorie=\"navigation\" data-gtm-custom-action=\"crossclick\" data-gtm-custom-label=\"Contextuel\" data-gtm-event=\"customEventSPE\" data-fig-domain=\"LEFIGARO\" rel=\"nofollow noopener\" target=\"_blank\">Vanuatu<\/a>, et r\u00e9pondra \u00aben temps voulu\u00bb \u00e0 sa requ\u00eate devant la CIJ, a d\u00e9clar\u00e9 mercredi la ministre qui dirige la d\u00e9l\u00e9gation fran\u00e7aise au 55e Forum des \u00eeles du\u00a0<a href=\"http:\/\/www.lefigaro.fr\/animaux\/une-baleine-de-12-metres-s-echoue-en-pleine-periode-de-reproduction-sur-une-plage-touristique-de-l-ocean-pacifique-20260826\" data-fig-type=\"NewsFlash\" data-gtm-custom-categorie=\"navigation\" data-gtm-custom-action=\"crossclick\" data-gtm-custom-label=\"Contextuel\" data-gtm-event=\"customEventSPE\" data-fig-domain=\"LEFIGARO\" rel=\"nofollow noopener\" target=\"_blank\">Pacifique\u00a0<\/a>aux\u00a0<a href=\"http:\/\/www.lefigaro.fr\/international\/le-minuscule-archipel-des-palaos-accepte-de-recevoir-des-migrants-expulses-des-etats-unis-dans-le-cadre-d-un-accord-a-7-5-millions-de-dollars-20251225\" data-fig-type=\"NewsFlash\" data-gtm-custom-categorie=\"navigation\" data-gtm-custom-action=\"crossclick\" data-gtm-custom-label=\"Contextuel\" data-gtm-event=\"customEventSPE\" data-fig-domain=\"LEFIGARO\" rel=\"nofollow noopener\" target=\"_blank\">Palaos<\/a>.<\/p>\n<p class=\"fig-paragraph\">\u00abLa position de la France est claire et ferme. C&rsquo;est une position de dialogue, une position d&rsquo;ouverture, mais c&rsquo;est surtout un rappel de la souverainet\u00e9 de la France sur ces \u00eeles\u00bb, a affirm\u00e9 El\u00e9onore Caroit, ministre d\u00e9l\u00e9gu\u00e9e charg\u00e9e de la Francophonie et des Partenariats internationaux. Il faut \u00abdiscuter, n\u00e9gocier, essayer de trouver des solutions sans renoncer \u00e0 la souverainet\u00e9. Il n&rsquo;en a jamais \u00e9t\u00e9 question\u00bb, a-t-elle insist\u00e9. Paris prend acte \u00ab\u00e0 ce stade\u00bb de la requ\u00eate du Vanuatu devant la\u00a0<a href=\"http:\/\/www.lefigaro.fr\/flash-actu\/rohingyas-la-gambie-saisit-la-cij-pour-accuser-la-birmanie-de-genocide-20260112\" data-fig-type=\"NewsFlash\" data-gtm-custom-categorie=\"navigation\" data-gtm-custom-action=\"crossclick\" data-gtm-custom-label=\"Contextuel\" data-gtm-event=\"customEventSPE\" data-fig-domain=\"LEFIGARO\" rel=\"nofollow noopener\" target=\"_blank\">Cour internationale de justice (CIJ)<\/a>\u00a0et r\u00e9pondra \u00absur la juridiction\u00bb et \u00absur le fond\u00bb, a-t-elle ajout\u00e9.<\/p>\n<p>                                            <a class=\"fig-a11y-skip\" href=\"#fig-a11y-skip-main-inarticle\" is=\"fig-a11y-skip\" data-trigger-mode=\"visible-once\"><br \/>\n    Passer la publicit\u00e9<br \/>\n<\/a>            <\/p>\n<p>                                            Le Vanuatu revendique ces terres depuis son ind\u00e9pendance<\/p>\n<p class=\"fig-paragraph\">Situ\u00e9s \u00e0 environ 300 kilom\u00e8tres au sud du Vanuatu et \u00e0 plus de 400 kilom\u00e8tres \u00e0 l&rsquo;est de la Nouvelle-Cal\u00e9donie, ces \u00eelots inhabit\u00e9s de moins d&rsquo;un kilom\u00e8tre carr\u00e9 garantissent \u00e0 la France une zone \u00e9conomique exclusive (ZEE) de 350\u00a0000 kilom\u00e8tres carr\u00e9s. Le Vanuatu revendique ces terres depuis son accession \u00e0 l&rsquo;ind\u00e9pendance vis-\u00e0-vis de la France et du Royaume-Uni en 1980. \u00abNous avons d\u00e9cid\u00e9 que nous avions discut\u00e9 de ce probl\u00e8me assez longtemps, et nous avons maintenant soumis une requ\u00eate \u00e0 la Cour\u00bb pour r\u00e9soudre \u00abce probl\u00e8me\u00bb, a pour sa part d\u00e9clar\u00e9 Ralph Regenvanu, ministre vanuatais de l&rsquo;Environnement, qui conduit une d\u00e9l\u00e9gation de son pays au Forum. Si Paris n&rsquo;accepte pas la comp\u00e9tence de la CIJ, \u00abl&rsquo;autre voie consiste \u00e0 demander un avis consultatif\u00bb via \u00abun vote \u00e0 la majorit\u00e9 de l&rsquo;Assembl\u00e9e g\u00e9n\u00e9rale des Nations unies\u00bb, a-t-il expliqu\u00e9.<\/p>\n<p class=\"fig-paragraph\">Parmi les preuves \u00e0 pr\u00e9senter, il a cit\u00e9 un \u00abdossier culturel\u00bb soutenu par \u00ables chefs coutumiers de Kanaky, qui reconnaissent que Matthew et Hunter appartiennent au Vanuatu\u00bb. La CIJ avait annonc\u00e9 mardi le d\u00e9p\u00f4t de cette requ\u00eate, en pr\u00e9cisant qu&rsquo;aucun acte de proc\u00e9dure ne serait effectu\u00e9 tant que Paris n&rsquo;aurait pas accept\u00e9 sa comp\u00e9tence sur ce dossier. La France et le Vanuatu ont entam\u00e9 en 2025 des discussions pour trouver un consensus, en particulier sur les d\u00e9limitations de la ZEE de chacun. Elles devaient initialement se poursuivre d\u00e9but 2026, mais ont d\u00fb \u00eatre repouss\u00e9es pour \u00e9viter un t\u00e9lescopage avec des \u00e9ch\u00e9ances \u00e9lectorales en Nouvelle-Cal\u00e9donie. En mai, le premier ministre de Vanuatu, Jotham Napat, a accus\u00e9 Paris de pratiques coloniales et menac\u00e9 d&rsquo;utiliser \u00abtoutes les voies diplomatiques et juridiques internationales\u00bb si les discussions n&rsquo;aboutissaient pas.<\/p>\n","protected":false},"excerpt":{"rendered":"\u00abLa position de la France est claire et ferme. C\u2019est une position de dialogue, une position d\u2019ouverture, mais&hellip;\n","protected":false},"author":2,"featured_media":1163517,"comment_status":"","ping_status":"","sticky":false,"template":"","format":"standard","meta":{"footnotes":"","_share_on_mastodon":"0"},"categories":[4],"tags":[11,1011,27,7928,12,25,97682],"class_list":["post-1163516","post","type-post","status-publish","format-standard","has-post-thumbnail","category-france","tag-actualites","tag-fr","tag-france","tag-iles","tag-news","tag-republique-francaise","tag-vanuatu"],"share_on_mastodon":{"url":"https:\/\/pubeurope.com\/@fr\/117202857814334829","error":""},"_links":{"self":[{"href":"https:\/\/www.europesays.com\/fr\/wp-json\/wp\/v2\/posts\/1163516","targetHints":{"allow":["GET"]}}],"collection":[{"href":"https:\/\/www.europesays.com\/fr\/wp-json\/wp\/v2\/posts"}],"about":[{"href":"https:\/\/www.europesays.com\/fr\/wp-json\/wp\/v2\/types\/post"}],"author":[{"embeddable":true,"href":"https:\/\/www.europesays.com\/fr\/wp-json\/wp\/v2\/users\/2"}],"replies":[{"embeddable":true,"href":"https:\/\/www.europesays.com\/fr\/wp-json\/wp\/v2\/comments?post=1163516"}],"version-history":[{"count":0,"href":"https:\/\/www.europesays.com\/fr\/wp-json\/wp\/v2\/posts\/1163516\/revisions"}],"wp:featuredmedia":[{"embeddable":true,"href":"https:\/\/www.europesays.com\/fr\/wp-json\/wp\/v2\/media\/1163517"}],"wp:attachment":[{"href":"https:\/\/www.europesays.com\/fr\/wp-json\/wp\/v2\/media?parent=1163516"}],"wp:term":[{"taxonomy":"category","embeddable":true,"href":"https:\/\/www.europesays.com\/fr\/wp-json\/wp\/v2\/categories?post=1163516"},{"taxonomy":"post_tag","embeddable":true,"href":"https:\/\/www.europesays.com\/fr\/wp-json\/wp\/v2\/tags?post=1163516"}],"curies":[{"name":"wp","href":"https:\/\/api.w.org\/{rel}","templated":true}]}}