{"id":1163520,"date":"2026-09-02T18:28:26","date_gmt":"2026-09-02T18:28:26","guid":{"rendered":"https:\/\/www.europesays.com\/fr\/1163520\/"},"modified":"2026-09-02T18:28:26","modified_gmt":"2026-09-02T18:28:26","slug":"saint-regis-du-coin-vendredi-11-septembre-jazz-au-sommet-animera-le-marche","status":"publish","type":"post","link":"https:\/\/www.europesays.com\/fr\/1163520\/","title":{"rendered":"Saint-R\u00e9gis-du-Coin. Vendredi 11\u00a0septembre, Jazz au sommet animera le march\u00e9"},"content":{"rendered":"<p>Le vendredi 11\u00a0septembre, d\u00e8s 18\u00a0heures, Art en coin et la commune de Saint-R\u00e9gis-du-Coin, en partenariat avec jazz au sommet, proposent un march\u00e9 festif sur la place de l\u2019\u00e9glise avec un concert anim\u00e9 par le groupe Djacque le notaire dans le cadre du festival jazz au sommet.<\/p>\n<p>Mi-clown, mi-musicien, les quatre personnages, farfelus \u00e0 souhait, vous entra\u00eeneront dans des moments tendres et complices, mais aussi dans des situations burlesques, o\u00f9 le public pourra aussi devenir joueur.<\/p>\n<p class=\"note\">Le concert d\u00e9butera \u00e0 20\u00a0h\u00a030. Possibilit\u00e9 de restauration sur la place.<\/p>\n","protected":false},"excerpt":{"rendered":"Le vendredi 11\u00a0septembre, d\u00e8s 18\u00a0heures, Art en coin et la commune de Saint-R\u00e9gis-du-Coin, en partenariat avec jazz au&hellip;\n","protected":false},"author":2,"featured_media":30227,"comment_status":"","ping_status":"","sticky":false,"template":"","format":"standard","meta":{"footnotes":"","_share_on_mastodon":"0"},"categories":[9653],"tags":[1111,11,2430,1687,7539,1777,674,1011,27,873,12,25,4001,15343,31617],"class_list":["post-1163520","post","type-post","status-publish","format-standard","has-post-thumbnail","category-saint-etienne","tag-actu","tag-actualites","tag-auvergne-rhone-alpes","tag-culture-loisirs","tag-edition-loire-sud","tag-eu","tag-europe","tag-fr","tag-france","tag-musique","tag-news","tag-republique-francaise","tag-saint-etienne","tag-saint-genest-malifaux-bassin","tag-saint-regis-du-coin"],"share_on_mastodon":{"url":"https:\/\/pubeurope.com\/@fr\/117202865938522533","error":""},"_links":{"self":[{"href":"https:\/\/www.europesays.com\/fr\/wp-json\/wp\/v2\/posts\/1163520","targetHints":{"allow":["GET"]}}],"collection":[{"href":"https:\/\/www.europesays.com\/fr\/wp-json\/wp\/v2\/posts"}],"about":[{"href":"https:\/\/www.europesays.com\/fr\/wp-json\/wp\/v2\/types\/post"}],"author":[{"embeddable":true,"href":"https:\/\/www.europesays.com\/fr\/wp-json\/wp\/v2\/users\/2"}],"replies":[{"embeddable":true,"href":"https:\/\/www.europesays.com\/fr\/wp-json\/wp\/v2\/comments?post=1163520"}],"version-history":[{"count":0,"href":"https:\/\/www.europesays.com\/fr\/wp-json\/wp\/v2\/posts\/1163520\/revisions"}],"wp:featuredmedia":[{"embeddable":true,"href":"https:\/\/www.europesays.com\/fr\/wp-json\/wp\/v2\/media\/30227"}],"wp:attachment":[{"href":"https:\/\/www.europesays.com\/fr\/wp-json\/wp\/v2\/media?parent=1163520"}],"wp:term":[{"taxonomy":"category","embeddable":true,"href":"https:\/\/www.europesays.com\/fr\/wp-json\/wp\/v2\/categories?post=1163520"},{"taxonomy":"post_tag","embeddable":true,"href":"https:\/\/www.europesays.com\/fr\/wp-json\/wp\/v2\/tags?post=1163520"}],"curies":[{"name":"wp","href":"https:\/\/api.w.org\/{rel}","templated":true}]}}