{"id":1163521,"date":"2026-09-02T18:29:18","date_gmt":"2026-09-02T18:29:18","guid":{"rendered":"https:\/\/www.europesays.com\/fr\/1163521\/"},"modified":"2026-09-02T18:29:18","modified_gmt":"2026-09-02T18:29:18","slug":"a-defaut-de-relance-lactivite-des-tpe-pme-resiste-debut-2026-if-saint-etienne","status":"publish","type":"post","link":"https:\/\/www.europesays.com\/fr\/1163521\/","title":{"rendered":"A d\u00e9faut de relance, l\u2019activit\u00e9 des TPE-PME \u00ab r\u00e9siste \u00bb d\u00e9but 2026 | IF Saint-Etienne"},"content":{"rendered":"<p itemprop=\"description\" style=\"font-weight: 600;\">C&rsquo;est la conclusion prudente de l\u2019Ordre des experts-comptables d\u2019Auvergne-Rh\u00f4ne-Alpes (Aura) lors de son dernier point de conjoncture. Le 1 % de hausse de CA \u00e0 l&rsquo;\u00e9chelle r\u00e9gionale au 1er semestre 2026 par rapport \u00e0 celui 2025 occulte une mont\u00e9e de l&rsquo;inflation et de fortes disparit\u00e9s sectorielles. La Loire enregistre la 3e meilleure hausse r\u00e9gionale en avril, mai, juin avec + 2,3 % contre 1,6 % en moyenne sur celle second trimestre.<\/p>\n<p>Pas moins de 16 000 TPE et PME en plus. Arm\u00e9 d&rsquo;un \u00e9chantillonnage renforc\u00e9, <a href=\"https:\/\/experts-comptables-aura.fr\/\" rel=\"nofollow noopener\" target=\"_blank\">l\u2019Ordre des experts-comptables<\/a> Auvergne-Rh\u00f4ne-Alpes a pr\u00e9sent\u00e9 le 2 septembre l&rsquo;\u00e9volution trimestrielle de l&rsquo;activit\u00e9 des TPE-PME issue de son observatoire \u00ab\u00a0<a href=\"https:\/\/www.imagepme.fr\/actualites\/decouvrez-l-analyse-nationale-de-l-activite-du-2e-trimestre-2026\" rel=\"nofollow noopener\" target=\"_blank\">Image PME<\/a>\u00ab\u00a0<strong>1<\/strong>. \u00ab Un travail important permis de reconstituer ce panel tomb\u00e9 \u00e0 90 000 il y a quelques ann\u00e9es avant de repasser \u00e0 100 000 et donc maintenant 116 000, indique Damien Cartel, pr\u00e9sident du conseil r\u00e9gional de <a href=\"https:\/\/www.if-saint-etienne.fr\/tag\/ordre-des-experts-comptables-auvergne-rhone-alpes\" rel=\"nofollow noopener\" target=\"_blank\">l&rsquo;Ordre<\/a>. Il repr\u00e9sente une part significative des 350 000 \/ 400 000 TPE PME de la r\u00e9gion.\u00bb<\/p>\n<p>Avec une ann\u00e9e 2025 t\u00e9moignant d&rsquo;un indice de chiffre d&rsquo;affaires (ICA) en recul sur ses quatre trimestres par rapport \u00e0 2024 (jusqu&rsquo;\u00e0 &#8211; 2 % au 2e), la hausse d&rsquo;1 % du CA sur l&rsquo;ensemble du 1er semestre 2026 par rapport au 1er semestre 2025 peut surprendre au regard d&rsquo;un climat s&rsquo;assombrissant. Cette hausse tend m\u00eame \u00e0 s&rsquo;amplifier au 2e trimestre : + 1,6 %. <a href=\"https:\/\/www.if-saint-etienne.fr\/breves\/damien-cartel-remplace-la-stephanoise-odile-dubreuil-a-la-presidence-des-experts-comptables-aura\" rel=\"nofollow noopener\" target=\"_blank\">Damien Cartel<\/a>, sans bouder le positif du constat, s&#8217;empresse de relativiser : \u00ab Il faut parler d&rsquo;une activit\u00e9 qui, globalement, r\u00e9siste plus que d&rsquo;une activit\u00e9 qui red\u00e9marre.\u00bb D&rsquo;abord parce que l&rsquo;inflation, elle aussi, repart, jouant m\u00e9caniquement sur l&rsquo;ampleur des CA. Ensuite, parce que la canicule a dop\u00e9 d\u00e8s mai l&rsquo;activit\u00e9 de certains, \u00e0 commencer par les installateurs d&rsquo;\u00e9quipements thermiques et de climatisation (+ 6,6 % au 2e trimestre).<\/p>\n<p>Chaque d\u00e9partement plus ou moins en hausse<\/p>\n<p>Cependant, la hausse du CA de la r\u00e9gion au 2e trimestre est deux fois sup\u00e9rieure \u00e0 <a href=\"https:\/\/www.imagepme.fr\/actualites\/decouvrez-l-analyse-nationale-de-l-activite-du-2e-trimestre-2026\" rel=\"nofollow noopener\" target=\"_blank\">celle nationale<\/a>. Une \u00ab\u00a0r\u00e9sistance\u00a0\u00bb dauphine de France, la Normandie avan\u00e7ant au rythme de + 2,3 %, l&rsquo;Ile-de-France \u00e9tant \u00ab\u00a0lanterne rouge\u00a0\u00bb avec la seule moyenne du pays en repli (- 0,1 %). Le tableau est toutefois contrast\u00e9 \u00e0 l&rsquo;\u00e9chelle Auvergne-Rh\u00f4ne-Alpes m\u00eame si chaque d\u00e9partement a vu son CA progresser au 2e trimestre 2026 par rapport au 2e de 2025. Si l&rsquo;Allier ne progresse que de 0,5 % alors que le Cantal s&rsquo;en sort le mieux (+ 3,4 %), l&rsquo;Ain est \u00e0 + 2,9 %, suivi de la Haute-Savoie (+ 2,5 %), de la Dr\u00f4me (+ 2,4 %), de la Loire (+ 2,3 %), du Puy-de-D\u00f4me (+ 1,3 %), du Rh\u00f4ne, de la Savoie et de l&rsquo;Ard\u00e8che (+1,2 %). La Haute-Loire progressant d&rsquo;1 % et l&rsquo;Is\u00e8re de 0,9 %. Les disparit\u00e9s sont encore plus marqu\u00e9es dans les secteurs d&rsquo;activit\u00e9 note Laurence Biboud, vice-pr\u00e9sidente de l&rsquo;Ordre.<\/p>\n<p><img decoding=\"async\" src=\"https:\/\/www.if-saint-etienne.fr\/wp-content\/uploads\/2026\/09\/Capture-d-cran-2026-09-02-111313.webp\" alt=\"Capture d'\u00e9cran 2026-09-02 111313\" onerror=\"var f=this.closest('figure');if(f){f.remove();}else{this.remove();}\"\/>&#13;<br \/>\nL&rsquo;\u00e9volution du CA au 2e trimestre 2026 par d\u00e9partement communiqu\u00e9 par le Croec.&#13;<\/p>\n<p>Il y a les positifs comme les installateurs thermiques et de climatisation donc mais aussi les travaux d&rsquo;installation \u00e9lectrique (+ 6,3 % et + 3,2 % sur ce 1er semestre). Sur la base de l&rsquo;indice de CA, le b\u00e2timent va d&rsquo;ailleurs mieux qu&rsquo;en 2025 : en t\u00e9moignent la construction \u00e0 +3,3 % (+ 1,8 % sur le semestre), les travaux de terrassement \u00e0 5,1 % (+ 0,9 % sur le S.1) ou encore la ma\u00e7onnerie g\u00e9n\u00e9rale et gros \u0153uvre : + 2,9 % (et + 1,7 % sur le S.1). En face, il y a les n\u00e9gatifs. Le commerce et la restauration en particulier : du moins sur tout le semestre pour ce qui est de la seule alimentation g\u00e9n\u00e9rale (-1,6 % ; 0 % au 2e trimestre) tandis que le commerce sp\u00e9cialis\u00e9 d&rsquo;articles de sport fait &#8211; 4,7 % (- 1,2 % sur 6 mois), l&rsquo;h\u00e9bergement \/ restauration &#8211; 3,7 % (- 4 % au S.1) et enfin, la restauration traditionnelle- 5,9 % (- 5,8 % sur le semestre). \u00a0\u00a0<\/p>\n<p>Vers une rechute pour le B\u00e2timent ?<\/p>\n<p>Autres \u00e9l\u00e9ments qui appellent l&rsquo;Ordre \u00e0 la prudence : le recul des activit\u00e9s d&rsquo;architecture (- 5,2 % au 2e trimestre ; &#8211; 3,7 % sur 6 mois) faisant craindre une prochaine rechute du B\u00e2timent. La construction vient, certes, de b\u00e9n\u00e9ficier selon la <a href=\"https:\/\/www.if-saint-etienne.fr\/tag\/ffb-federation-francaise-du-batiment\" rel=\"nofollow noopener\" target=\"_blank\">FFB<\/a> d&rsquo;une hausse de 42,6 % pour les mises en chantier de construction de logements neufs et de + 13,3 % des permis de construction (en glissement annuel sur trois mois \u00e0 fin avril 2026). Mais, ajoute l&rsquo;Ordre des experts-comptables, selon la <a href=\"https:\/\/www.if-saint-etienne.fr\/tag\/capeb\" rel=\"nofollow noopener\" target=\"_blank\">Capeb<\/a>, l\u2019activit\u00e9 des entreprises artisanales du b\u00e2timent de la r\u00e9gion reste sous tension sur le 2e trimestre 2026 : tr\u00e9sorerie fragile, contraction des carnets de commande, difficult\u00e9s de recrutement.<\/p>\n<p>Enfin, tous secteurs confondus, Damien Cartel a annonc\u00e9 un nombre de d\u00e9faillances enregistr\u00e9 au 2e trimestre 2026 de 2 418 dans la r\u00e9gion. Soit 27 % de plus qu&rsquo;\u00e0 la m\u00eame p\u00e9riode en 2025\u2026 \u00ab Nous sommes une bonne synth\u00e8se de ce qui se passe au niveau national, estime Damien Cartel. Le conjoncturel, l&rsquo;inflation temp\u00e8re la r\u00e9alit\u00e9 de la situation des entreprises. Au niveau politique, il n&rsquo;y a pas besoin de grands discours mais de donner, enfin, un horizon, de la stabilit\u00e9, un cap clair et durable pour que les dirigeants sachent enfin comment agir.\u00bb Et non plus naviguer dans la temp\u00eate \u00e0 vue.<\/p>\n<p><strong>1 <\/strong><strong>Les donn\u00e9es proviennent de la base de donn\u00e9es Statexpert, construite \u00e0 partir des t\u00e9l\u00e9d\u00e9clarations sociales et fiscales r\u00e9alis\u00e9es par les experts-comptables pour le compte de leurs clients, les TPE-PME. Les donn\u00e9es pr\u00e9sent\u00e9es ici sont issues des informations provenant des d\u00e9clarations mensuelles et trimestrielles de TVA (EDI-TVA). Il s&rsquo;agit du chiffre d&rsquo;affaires (CA) d\u00e9clar\u00e9 par les entreprises sur les d\u00e9clarations de TVA des p\u00e9riodes concern\u00e9es.<\/strong><\/p>\n<p><strong>Les entreprises dont le CA mensuel ou trimestriel d\u00e9passe 3 fois l&rsquo;\u00e9cart-type du CA mensuel ou trimestriel moyen des entreprises du m\u00eame secteur d&rsquo;activit\u00e9 (niveau 1 &#8211; sections) ont \u00e9t\u00e9 \u00e9cart\u00e9es de l&rsquo;analyse. Les entreprises r\u00e9alisant un chiffre d&rsquo;affaires annuel sup\u00e9rieur \u00e0 50 M\u20ac sont \u00e9galement \u00e9cart\u00e9es de l&rsquo;\u00e9chantillon analys\u00e9.<\/strong><\/p>\n<p>Un nouveau si\u00e8ge nomm\u00e9 \u00ab\u00a0Le Chiffre\u00a0\u00bb<br \/>\n<img decoding=\"async\" src=\"https:\/\/www.if-saint-etienne.fr\/wp-content\/uploads\/2026\/09\/Capture-d-cran-2026-09-02-165730.webp\" alt=\"Capture d'\u00e9cran 2026-09-02 165730\" onerror=\"var f=this.closest('figure');if(f){f.remove();}else{this.remove();}\"\/>&#13;<br \/>\nLe futur b\u00e2timent du Chiffre \u00e0 Lyon. Capture vid\u00e9o Archigroup&#13;<\/p>\n<p>La Compagnie r\u00e9gionale des Commissaires aux Comptes (<a href=\"https:\/\/www.google.com\/goto?url=CAESUAHrOzAVClj_H16gd4sXUPLcOoWQeQe67ISxsxfBO03yA1mhGPeNstz4Q3ek1-9e3IendxWB8ZeXbMAJNku3k8-3spZv9SCx8AIRwL6-Vd_7\" rel=\"nofollow noopener\" target=\"_blank\">CRCC<\/a>) Lyon-Riom et l\u2019organisme de formation <a href=\"https:\/\/ifaura.org\/\" rel=\"nofollow noopener\" target=\"_blank\">Ifaura<\/a> faisaient d\u00e9j\u00e0 b\u00e2timent commun avec le Conseil r\u00e9gional de l&rsquo;Ordre des Experts-Comptables (Croec) au 51, rue Montgolfier (VIe arrondissement de Lyon). Ils feront toujours murs communs dans un nouveau si\u00e8ge, agrandi, refait \u00e0 neuf sur place et mieux \u00e9quip\u00e9. Le trio sera rejoint par l\u2019association de gestion agr\u00e9\u00e9e <a href=\"https:\/\/www.agaura.fr\/\" rel=\"nofollow noopener\" target=\"_blank\">Agaura<\/a> qui n&rsquo;en est pas \u00e0 ses premiers locaux partag\u00e9s avec les experts-comptables dans son histoire. Un \u00e9cosyst\u00e8me b\u00e2ti baptis\u00e9 \u00ab Le Chiffre \u00bb. Facture \u00e9nerg\u00e9tique et une dent creuse (toute une partie du b\u00e2timent n&rsquo;est que sur un niveau) ont pouss\u00e9 le quatuor, group\u00e9s dans une SIC dont le Croec sera majoritaire, \u00e0 investir 12 M\u20ac pour quasiment doubler un existant trop \u00e9troit au regard des activit\u00e9s. Soit passer de 2 200 \u00e0 4 200 m2.<\/p>\n<p>3 M\u20ac s&rsquo;ajoutent en \u00e9quipements. Le premier coup de pioche doit avoir lieu mi-septembre pour une livraison esp\u00e9r\u00e9e d&rsquo;ici la fin du printemps 2027. \u00ab L&rsquo;appel d&rsquo;offres a donn\u00e9 lieu \u00e0 une belle bataille technique (c&rsquo;est <a href=\"https:\/\/www.google.com\/goto?url=CAESZgHrOzAV7otrad40hO3GmKALX_XGBjalAIyGtx7EB21ThiZEY7ZYA_RYMNIF9yYGipeDTdPuYa-9RfV2DIPJrUcK85me4I0cpNXuYB8AIDZFl_MXNNQPCd0LkQY4PCTXV1K3t1Mo8w\" rel=\"nofollow noopener\" target=\"_blank\">Archigroup<\/a> qui con\u00e7oit le b\u00e2timent, Ndlr). Il y a entre autres une nappe phr\u00e9atique \u00e0 g\u00e9rer sous les lieux. Il y a aura plusieurs espaces de convivialit\u00e9 s\u00e9par\u00e9s, un \u00e9tage consacr\u00e9 \u00e0 la location ext\u00e9rieure, d\u00e9crit Damien Cartel. Nous aurons une salle de conf\u00e9rences \u00e0 320 places contre 120 actuellement, ce qui correspondra \u00e0 une promo de jeunes experts comptables stagiaires, pr\u00eats \u00e0 y \u00eatre accueillis comme notre AG. Comme nos partenaires, nous devons trop souvent aller \u00e0 l&rsquo;ext\u00e9rieur pour nos activit\u00e9s.\u00bb \u00a0<\/p>\n<\/p>\n<p>Facture \u00e9lectronique, J + 1<\/p>\n<p>La r\u00e9forme de la facturation \u00e9lectronique entre entreprises est entr\u00e9e en vigueur le 1er septembre. A ce stade, les entreprises ont d\u00e9sormais l\u2019obligation de recevoir des factures \u00e9lectroniques (e-invoicing), quelle que soit leur taille ; d&rsquo;\u00e9mettre des factures \u00e9lectroniques et de transmettre les donn\u00e9es de transaction et de paiement \u00e0 l\u2019administration (e-reporting), pour les grandes entreprises et les ETI. L&rsquo;\u00e9mission pour les PME et TPE, et micro suivra au 1er septembre 2027.<\/p>\n<p>\u00ab Ce sont 4 millions d&rsquo;entreprises qui sont actuellement embarqu\u00e9es, les deux tiers des redevables de la TVA (et non les \u00ab\u00a0assujettis\u00a0\u00bb) m\u00eame si 11 millions sont cens\u00e9es \u00eatre connect\u00e9es \u00e0 une plateforme \u00e9lectronique. Le taux est de 75-80 % l\u00e0 o\u00f9 agit un expert-comptable, rel\u00e8ve Damien Cartel. On va rentrer dans le dur, il y aura des probl\u00e9matiques mais on est lanc\u00e9 et il ne faut pas prendre la tol\u00e9rance des 4 mois \u00e0 venir sur les p\u00e9nalit\u00e9s comme un report. L&rsquo;accompagnement m\u00eame ponctuel, pour ce sujet, d&rsquo;un expert-comptable permet, ne serait-ce que de se voir conseiller les bonnes plateformes. Il \u00e9tait grand temps que la France s&rsquo;y mette quand on sait que l&rsquo;Allemagne, la Belgique sont pass\u00e9s avant nous, l&rsquo;Italie depuis 2019\/20, le Portugal depuis longtemps aussi. Des \u00ab\u00a0couacs\u00a0\u00bb, ils en ont eu aussi.\u00bb<\/p>\n<p>Matinale de l&rsquo;entreprise<\/p>\n<p>Ev\u00e9nement gratuit, d\u00e9di\u00e9 aux chefs d\u2019entreprise, dirigeants et entrepreneurs, la \u00ab\u00a0Matinale de l&rsquo;entreprise\u00a0\u00bb est co-organis\u00e9e par l\u2019Ordre des experts-comptables Aura, la Compagnie R\u00e9gionale des Commissaires aux Comptes (CCR) Lyon-Riom et le Tribunal des activit\u00e9s \u00e9conomiques de Lyon. Cette matin\u00e9e a lieu de 8 h \u00e0 14 h, \u00e0 la Cit\u00e9 Internationale de Lyon. Elle a pour objectif d\u2019apporter aux dirigeants des informations concr\u00e8tes, des solutions et des contacts utiles pour les accompagner dans les diff\u00e9rentes \u00e9tapes de la vie de leur entreprise. Au travers d\u2019ateliers th\u00e9matiques et de temps d\u2019\u00e9changes avec des experts et 19 partenaires institutionnels, les participants (450 \u00e0 ce stade, il est encore possible de <a href=\"https:\/\/yp.events\/f4c3cf6b-1836-4b18-ab6d-b896e8fed61e\/La-Matinale-de-l-Entreprise\" rel=\"nofollow noopener\" target=\"_blank\">s&rsquo;inscrire<\/a>) pourront mieux anticiper leurs enjeux, s\u00e9curiser leurs d\u00e9cisions et identifier les dispositifs d\u2019accompagnement existants.<\/p>\n<p>Damien Cartel insiste sur les informations et contacts donn\u00e9s autour de \u00ab l\u2019anticipation et la pr\u00e9vention des difficult\u00e9s \u00bb, que l&rsquo;on y soit actuellement confront\u00e9 ou non. \u00ab Nous aurons, entre autres, la pr\u00e9sence du pr\u00e9sident de la R\u00e9gion Fabrice Pannekoucke, de Jean-Michel Aulas et de Michel Vieira de la soci\u00e9t\u00e9 MDA. Il interviendra sur le th\u00e8me de la difficult\u00e9 \u00e0 laquelle sa soci\u00e9t\u00e9 a \u00e9t\u00e9 fortement confront\u00e9e durant le Covid. Il faut avoir le courage de reconna\u00eetre que l&rsquo;on a une probl\u00e9matique le plus en amont possible, ne pas rester dans le d\u00e9ni, qui ne fait que tendre sa situation collective et personnelle.\u00bb Bref, cela ne doit pas \u00eatre une honte, un tabou et faire face vite en se faisant accompagner, c&rsquo;est le meilleur moyen de s&rsquo;en sortir, insiste Damien Cartel, \u00ab surtout dans un pays qui a de ce c\u00f4t\u00e9-l\u00e0 les meilleurs dispositifs de protection \u00bb.\u00a0 \u00a0<\/p>\n","protected":false},"excerpt":{"rendered":"C&rsquo;est la conclusion prudente de l\u2019Ordre des experts-comptables d\u2019Auvergne-Rh\u00f4ne-Alpes (Aura) lors de son dernier point de conjoncture. Le&hellip;\n","protected":false},"author":2,"featured_media":1163522,"comment_status":"","ping_status":"","sticky":false,"template":"","format":"standard","meta":{"footnotes":"","_share_on_mastodon":"0"},"categories":[9653],"tags":[1111,11,2430,1777,674,1011,27,12,25,4001],"class_list":["post-1163521","post","type-post","status-publish","format-standard","has-post-thumbnail","category-saint-etienne","tag-actu","tag-actualites","tag-auvergne-rhone-alpes","tag-eu","tag-europe","tag-fr","tag-france","tag-news","tag-republique-francaise","tag-saint-etienne"],"share_on_mastodon":{"url":"https:\/\/pubeurope.com\/@fr\/117202872829268666","error":""},"_links":{"self":[{"href":"https:\/\/www.europesays.com\/fr\/wp-json\/wp\/v2\/posts\/1163521","targetHints":{"allow":["GET"]}}],"collection":[{"href":"https:\/\/www.europesays.com\/fr\/wp-json\/wp\/v2\/posts"}],"about":[{"href":"https:\/\/www.europesays.com\/fr\/wp-json\/wp\/v2\/types\/post"}],"author":[{"embeddable":true,"href":"https:\/\/www.europesays.com\/fr\/wp-json\/wp\/v2\/users\/2"}],"replies":[{"embeddable":true,"href":"https:\/\/www.europesays.com\/fr\/wp-json\/wp\/v2\/comments?post=1163521"}],"version-history":[{"count":0,"href":"https:\/\/www.europesays.com\/fr\/wp-json\/wp\/v2\/posts\/1163521\/revisions"}],"wp:featuredmedia":[{"embeddable":true,"href":"https:\/\/www.europesays.com\/fr\/wp-json\/wp\/v2\/media\/1163522"}],"wp:attachment":[{"href":"https:\/\/www.europesays.com\/fr\/wp-json\/wp\/v2\/media?parent=1163521"}],"wp:term":[{"taxonomy":"category","embeddable":true,"href":"https:\/\/www.europesays.com\/fr\/wp-json\/wp\/v2\/categories?post=1163521"},{"taxonomy":"post_tag","embeddable":true,"href":"https:\/\/www.europesays.com\/fr\/wp-json\/wp\/v2\/tags?post=1163521"}],"curies":[{"name":"wp","href":"https:\/\/api.w.org\/{rel}","templated":true}]}}