{"id":1163523,"date":"2026-09-02T18:30:24","date_gmt":"2026-09-02T18:30:24","guid":{"rendered":"https:\/\/www.europesays.com\/fr\/1163523\/"},"modified":"2026-09-02T18:30:24","modified_gmt":"2026-09-02T18:30:24","slug":"varangeville-un-ter-bonde-pour-la-rentree-des-dizaines-de-voyageurs-restent-a-quai","status":"publish","type":"post","link":"https:\/\/www.europesays.com\/fr\/1163523\/","title":{"rendered":"Varang\u00e9ville. Un TER bond\u00e9 pour la rentr\u00e9e : des dizaines de voyageurs restent \u00e0 quai"},"content":{"rendered":"<p>Pas question d\u2019arriver en retard en ces <a href=\"https:\/\/www.estrepublicain.fr\/education\/2026\/08\/23\/jours-feries-vacances-rentree-toutes-les-dates-cles-du-calendrier-scolaire-2026-2027\" target=\"_blank\" rel=\"nofollow noopener\">premiers jours de rentr\u00e9e<\/a> o\u00f9 quelque 360 000 scolaires de l\u2019acad\u00e9mie de Nancy \u2013 Metz reprennent le chemin des cours. Mais mercredi 2 septembre, tout ne s\u2019est pas d\u00e9roul\u00e9 comme pr\u00e9vu pour plusieurs dizaines d\u2019entre eux rest\u00e9s \u00e0 quai dans les gares de Blainville \u2013 Damelevi\u00e8res et plus particuli\u00e8rement \u00e0 Varang\u00e9ville. Des usagers qui esp\u00e9raient monter dans le TER 835 802 en provenance de Remiremont et \u00e0 destination de Nancy.<\/p>\n<p>  \u00ab Bloqu\u00e9s au niveau des portes \u00bb<\/p>\n<p>\u00ab Un train vieillot, totalement sous-dimensionn\u00e9 par rapport \u00e0 la tr\u00e8s forte fr\u00e9quentation pr\u00e9visible en ces jours de rentr\u00e9e \u00bb, estime Patricia. Habitante de Bayon, elle est une habitu\u00e9e de la ligne depuis une dizaine d\u2019ann\u00e9es. \u00ab Je descends \u00e0 Nancy et je reprends un bus du r\u00e9seau Stan pour arriver sur mon lieu de travail, \u00e0 Essey-l\u00e8s-Nancy. \u00bb Pas de voiture pour la Bayonnaise, \u00ab question d\u2019\u00e9cologie, et puis dans le train je peux lire et me d\u00e9tendre \u00bb. Enfin, pour la d\u00e9tente, il aurait fallu prendre le suivant\u2026<\/p>\n<p>\u00ab J\u2019ai pris le 7 h 10 \u00e0 Bayon et j\u2019ai eu la chance de m\u2019asseoir, mais \u00e0 Varang\u00e9ville, environ une cinquantaine de jeunes n\u2019ont pas pu monter \u00e0 bord, faute de place \u00bb, poursuit la voyageuse. \u00ab Certains se sont retrouv\u00e9s bloqu\u00e9s au niveau des portes comme dans un wagon \u00e0 bestiaux ! Le train a d\u2019abord \u00e9t\u00e9 annonc\u00e9 avec 15 minutes de retard en raison de l\u2019affluence, puis c\u2019est pass\u00e9 \u00e0 30 minutes du fait d\u2019une intervention des forces de l\u2019ordre. Il a finalement quitt\u00e9 la gare avec pr\u00e8s d\u2019une demi-heure de retard. \u00bb En laissant \u00e0 quai des voyageurs d\u00e9sabus\u00e9s. \u00ab J\u2019avais de la peine pour eux \u00bb, assure Patricia. Pour la sexag\u00e9naire, \u00ab le service rendu par la SNCF se d\u00e9grade et questionne sur l\u2019organisation en ce pic de fr\u00e9quentation \u00bb.<\/p>\n<p>  \u00ab Un train hors d\u2019\u00e2ge et trop petit \u00bb<\/p>\n<p>Pour ce Spinalien, \u00ab ce train hors d\u2019\u00e2ge \u00e9tait \u00e9galement trop petit et le fait de ne pas pouvoir embarquer impacte fortement la vie des gens, pour beaucoup, des habitu\u00e9s <a href=\"https:\/\/www.estrepublicain.fr\/education\/2026\/09\/02\/rentree-scolaire-anecdotes-emotions-difficultes-racontez-nous-votre-1er-jour-ou-celui-de-votre-enfant\" target=\"_blank\" rel=\"nofollow noopener\">tenus par des horaires de cours<\/a> , de travail\u2026 \u00bb Sans parler des correspondances\u2026 Sandrine, elle, se <a href=\"https:\/\/www.estrepublicain.fr\/videos\/ter-nancy-luxembourg-la-galere-pour-les-usagers-que-se-passe-t-il-avec-la-sncf-3vzmxuu\" target=\"_blank\" rel=\"nofollow noopener\">rendait \u00e0 Metz au d\u00e9part de Nancy<\/a> , \u00e0 8 h 20. \u00ab J\u2019ai vu que beaucoup de trains \u00e9taient annonc\u00e9s en retard, pour la plupart en provenance des Vosges \u00bb, explique la Nanc\u00e9ienne, qui s\u2019est inqui\u00e9t\u00e9e \u00e0 l\u2019annonce sonore faite en gare de Nancy, mentionnant que le trafic \u00e9tait perturb\u00e9 \u00ab en raison d\u2019une intervention des forces de l\u2019ordre \u00bb, sans davantage de pr\u00e9cisions.<\/p>\n<p>Une intervention de police \u00e0 qui le transporteur ne peut tout de m\u00eame pas imputer la totalit\u00e9 du retard ni le fait que ce TER \u2014 un mod\u00e8le Z 11 500, l\u2019un des plus vieux du parc \u2014 ait pris le visage d\u2019une rame de m\u00e9tro parisien \u00e0 l\u2019heure de pointe. Les policiers du commissariat de Dombasle se sont bien rendus en gare de Varang\u00e9ville \u00e0 la demande des agents SNCF. Pour faire d\u00e9barquer un usager de ce \u201cTER-bo\u00eete \u00e0 sardines\u201d qui s\u2019\u00e9tait fray\u00e9, en force, un espace avec son VTT. Sans endroit pr\u00e9vu ni accessible pour positionner le deux-roues en s\u00e9curit\u00e9.<\/p>\n<p>  140 places au lieu de 280 \u00ab en raison d\u2019une panne \u00bb<\/p>\n<p>Contact\u00e9e, la SNCF explique, via son service communication TER Grand Est, que le TER en question, au d\u00e9part de Remiremont \u00e0 6 h 14 pour une arriv\u00e9e \u00e0 Nancy \u00e0 7 h 37 (il arrivera \u00e0 8 h 02), \u00ab \u00e9tait pr\u00e9vu \u00e0 deux mat\u00e9riels (NDLR : deux locomotives), soit quatre voitures pour 280 places assises \u00bb. \u00ab Mais un mat\u00e9riel est tomb\u00e9 en panne et l\u2019autre a d\u00fb partir seul, avec 140 places. Il n\u2019y a pas eu de souci jusqu\u2019\u00e0 Varang\u00e9ville et sans cette panne, avec quatre voitures initiales, il n\u2019y aurait pas eu de probl\u00e8me \u00bb, assure le transporteur, sans pouvoir quantifier \u00ab le nombre de personnes qui n\u2019ont pas pu monter \u00e0 bord \u00bb.<\/p>\n<p>Avis aux voyageurs : ce jeudi 3 septembre, quatre voitures sont annonc\u00e9es.<\/p>\n","protected":false},"excerpt":{"rendered":"Pas question d\u2019arriver en retard en ces premiers jours de rentr\u00e9e o\u00f9 quelque 360 000 scolaires de l\u2019acad\u00e9mie&hellip;\n","protected":false},"author":2,"featured_media":1163524,"comment_status":"","ping_status":"","sticky":false,"template":"","format":"standard","meta":{"footnotes":"","_share_on_mastodon":"0"},"categories":[9635],"tags":[119,1111,11,9652,271,272,1704,1777,674,274,1011,27,775,3457,1702,12,25,2803,11987],"class_list":["post-1163523","post","type-post","status-publish","format-standard","has-post-thumbnail","category-nancy","tag-accident","tag-actu","tag-actualites","tag-cc-des-pays-du-sel-et-du-vermois-54b","tag-crime","tag-delit-et-contravention","tag-edition-nancy-et-agglomeration","tag-eu","tag-europe","tag-faits-divers-justice","tag-fr","tag-france","tag-grand-est","tag-meurthe-et-moselle","tag-nancy","tag-news","tag-republique-francaise","tag-transport","tag-varangeville"],"share_on_mastodon":{"url":"https:\/\/pubeurope.com\/@fr\/117202873607099182","error":""},"_links":{"self":[{"href":"https:\/\/www.europesays.com\/fr\/wp-json\/wp\/v2\/posts\/1163523","targetHints":{"allow":["GET"]}}],"collection":[{"href":"https:\/\/www.europesays.com\/fr\/wp-json\/wp\/v2\/posts"}],"about":[{"href":"https:\/\/www.europesays.com\/fr\/wp-json\/wp\/v2\/types\/post"}],"author":[{"embeddable":true,"href":"https:\/\/www.europesays.com\/fr\/wp-json\/wp\/v2\/users\/2"}],"replies":[{"embeddable":true,"href":"https:\/\/www.europesays.com\/fr\/wp-json\/wp\/v2\/comments?post=1163523"}],"version-history":[{"count":0,"href":"https:\/\/www.europesays.com\/fr\/wp-json\/wp\/v2\/posts\/1163523\/revisions"}],"wp:featuredmedia":[{"embeddable":true,"href":"https:\/\/www.europesays.com\/fr\/wp-json\/wp\/v2\/media\/1163524"}],"wp:attachment":[{"href":"https:\/\/www.europesays.com\/fr\/wp-json\/wp\/v2\/media?parent=1163523"}],"wp:term":[{"taxonomy":"category","embeddable":true,"href":"https:\/\/www.europesays.com\/fr\/wp-json\/wp\/v2\/categories?post=1163523"},{"taxonomy":"post_tag","embeddable":true,"href":"https:\/\/www.europesays.com\/fr\/wp-json\/wp\/v2\/tags?post=1163523"}],"curies":[{"name":"wp","href":"https:\/\/api.w.org\/{rel}","templated":true}]}}