{"id":1163535,"date":"2026-09-02T18:37:21","date_gmt":"2026-09-02T18:37:21","guid":{"rendered":"https:\/\/www.europesays.com\/fr\/1163535\/"},"modified":"2026-09-02T18:37:21","modified_gmt":"2026-09-02T18:37:21","slug":"eure-deux-jeunes-blesses-dans-une-chute-a-motocross-un-adolescent-heliporte-au-chu-de-rouen","status":"publish","type":"post","link":"https:\/\/www.europesays.com\/fr\/1163535\/","title":{"rendered":"Eure : deux jeunes bless\u00e9s dans une chute \u00e0 motocross, un adolescent h\u00e9liport\u00e9 au CHU de Rouen"},"content":{"rendered":"<p>\t\t\t\t <a href=\"https:\/\/www.infonormandie.com\/javascript:void(0)\" rel=\"https:\/\/www.europesays.com\/fr\/wp-content\/uploads\/2026\/09\/97895770-68148029.jpg&amp;ibox nofollow noopener\" title=\"Une des victimes, \u00e2g\u00e9e de 17 ans, a \u00e9t\u00e9 h\u00e9lioprt\u00e9e en \u00e9tat d&#039;urgence absolue par Dragon76 vers le CHU de Rouen - Illustration\" target=\"_blank\"><img decoding=\"async\" class=\"responsive\" style=\"display:none\" src=\"https:\/\/www.europesays.com\/fr\/wp-content\/uploads\/2026\/09\/97895770-68148029.jpg\" alt=\"Une des victimes, \u00e2g\u00e9e de 17 ans, a \u00e9t\u00e9 h\u00e9lioprt\u00e9e en \u00e9tat d'urgence absolue par Dragon76 vers le CHU de Rouen - Illustration\" title=\"Une des victimes, \u00e2g\u00e9e de 17 ans, a \u00e9t\u00e9 h\u00e9lioprt\u00e9e en \u00e9tat d'urgence absolue par Dragon76 vers le CHU de Rouen - Illustration\" \/><br \/>\n<img decoding=\"async\" class=\"not-responsive\" src=\"https:\/\/www.europesays.com\/fr\/wp-content\/uploads\/2026\/09\/1788374241_192_97895770-68148029.jpg\" alt=\"Une des victimes, \u00e2g\u00e9e de 17 ans, a \u00e9t\u00e9 h\u00e9lioprt\u00e9e en \u00e9tat d'urgence absolue par Dragon76 vers le CHU de Rouen - Illustration\" title=\"Une des victimes, \u00e2g\u00e9e de 17 ans, a \u00e9t\u00e9 h\u00e9lioprt\u00e9e en \u00e9tat d'urgence absolue par Dragon76 vers le CHU de Rouen - Illustration\" width=\"796\" \/><\/a><\/p>\n<p>\n\t\t\t\t\t Une des victimes, \u00e2g\u00e9e de 17 ans, a \u00e9t\u00e9 h\u00e9lioprt\u00e9e en \u00e9tat d&rsquo;urgence absolue par Dragon76 vers le CHU de Rouen &#8211; Illustration\n\t\t\t\t <\/p>\n<p>\t\t\t\t\t Les deux jeunes gens circulaient sur le m\u00eame engin dans un chemin forestier lorsqu\u2019ils ont chut\u00e9, peu avant 14 heures, \u00e0 proximit\u00e9 de l\u2019impasse des Ch\u00eanes, au Pullay (Eure). <\/p>\n<p>Gri\u00e8vement bless\u00e9, l\u2019adolescent de 17 ans a re\u00e7u les premiers soins d\u2019une \u00e9quipe m\u00e9dicale avant d\u2019\u00eatre h\u00e9liport\u00e9 par Dragon 76, l\u2019h\u00e9licopt\u00e8re de la S\u00e9curit\u00e9 civile, vers le CHU de Rouen. La seconde victime, \u00e2g\u00e9e de 19 ans et en urgence relative, a \u00e9t\u00e9 transport\u00e9e au centre hospitalier de Verneuil-d&rsquo;Avre-et-d&rsquo;Iton.\n\t\t\t\t <\/p>\n","protected":false},"excerpt":{"rendered":"Une des victimes, \u00e2g\u00e9e de 17 ans, a \u00e9t\u00e9 h\u00e9lioprt\u00e9e en \u00e9tat d&rsquo;urgence absolue par Dragon76 vers le&hellip;\n","protected":false},"author":2,"featured_media":1163536,"comment_status":"","ping_status":"","sticky":false,"template":"","format":"standard","meta":{"footnotes":"","_share_on_mastodon":"0"},"categories":[9587],"tags":[119,1111,11,1067,1777,9770,674,118,1011,27,3381,7841,12,5161,1311,119770,25,9590],"class_list":["post-1163535","post","type-post","status-publish","format-standard","has-post-thumbnail","category-rouen","tag-accident","tag-actu","tag-actualites","tag-enquete","tag-eu","tag-eure","tag-europe","tag-faits-divers","tag-fr","tag-france","tag-gendarmerie","tag-motocross","tag-news","tag-normandie","tag-pompiers","tag-pullay","tag-republique-francaise","tag-rouen"],"share_on_mastodon":{"url":"https:\/\/pubeurope.com\/@fr\/117202903813280556","error":""},"_links":{"self":[{"href":"https:\/\/www.europesays.com\/fr\/wp-json\/wp\/v2\/posts\/1163535","targetHints":{"allow":["GET"]}}],"collection":[{"href":"https:\/\/www.europesays.com\/fr\/wp-json\/wp\/v2\/posts"}],"about":[{"href":"https:\/\/www.europesays.com\/fr\/wp-json\/wp\/v2\/types\/post"}],"author":[{"embeddable":true,"href":"https:\/\/www.europesays.com\/fr\/wp-json\/wp\/v2\/users\/2"}],"replies":[{"embeddable":true,"href":"https:\/\/www.europesays.com\/fr\/wp-json\/wp\/v2\/comments?post=1163535"}],"version-history":[{"count":0,"href":"https:\/\/www.europesays.com\/fr\/wp-json\/wp\/v2\/posts\/1163535\/revisions"}],"wp:featuredmedia":[{"embeddable":true,"href":"https:\/\/www.europesays.com\/fr\/wp-json\/wp\/v2\/media\/1163536"}],"wp:attachment":[{"href":"https:\/\/www.europesays.com\/fr\/wp-json\/wp\/v2\/media?parent=1163535"}],"wp:term":[{"taxonomy":"category","embeddable":true,"href":"https:\/\/www.europesays.com\/fr\/wp-json\/wp\/v2\/categories?post=1163535"},{"taxonomy":"post_tag","embeddable":true,"href":"https:\/\/www.europesays.com\/fr\/wp-json\/wp\/v2\/tags?post=1163535"}],"curies":[{"name":"wp","href":"https:\/\/api.w.org\/{rel}","templated":true}]}}