{"id":1163541,"date":"2026-09-02T18:42:18","date_gmt":"2026-09-02T18:42:18","guid":{"rendered":"https:\/\/www.europesays.com\/fr\/1163541\/"},"modified":"2026-09-02T18:42:18","modified_gmt":"2026-09-02T18:42:18","slug":"haute-savoie-championnats-du-monde-de-cyclisme-2027-la-convention-cadre-signee-avec-annecy-au-tribunal-administratif-de-grenoble","status":"publish","type":"post","link":"https:\/\/www.europesays.com\/fr\/1163541\/","title":{"rendered":"Haute-Savoie. Championnats du monde de cyclisme\u00a02027\u00a0: la convention-cadre sign\u00e9e avec Annecy au tribunal administratif de Grenoble"},"content":{"rendered":"<p>Du 24\u00a0ao\u00fbt au 5\u00a0septembre 2027, la Haute-Savoie doit accueillir <a href=\"https:\/\/www.ledauphine.com\/sport\/2025\/04\/15\/parcours-profil-sites-les-cartes-des-mondiaux-2027-de-cyclisme-revelees\" target=\"_blank\" rel=\"nofollow noopener\">les Championnats du monde de cyclisme UCI<\/a>. Le D\u00e9partement de la Haute-Savoie est partenaire de cet \u00e9v\u00e9nement international, en lien avec l\u2019Union Cycliste Internationale (UCI) et l\u2019association \u201cV\u00e9lo au Sommet\u201d. Une convention cadre lie juridiquement ces partenaires et les diff\u00e9rentes communes d\u2019accueil (comme Annecy, La Roche-sur-Foron, Scionzier, ou Sallanches). Or, le tribunal administratif de Grenoble sera saisi d\u2019une demande tendant \u00e0 la suspension de la convention-cadre dat\u00e9e du 29\u00a0juin 2026 (relative \u00e0 l\u2019organisation et \u00e0 la livraison de cette comp\u00e9tition), sign\u00e9e entre la commune d\u2019Annecy et l\u2019association \u201cV\u00e9lo au sommet\u201d.\u00a0Une audience de juge des r\u00e9f\u00e9r\u00e9s, en formation coll\u00e9giale, aura lieu le lundi 21\u00a0septembre \u00e0 14 heures au tribunal administratif de Grenoble.<\/p>\n","protected":false},"excerpt":{"rendered":"Du 24\u00a0ao\u00fbt au 5\u00a0septembre 2027, la Haute-Savoie doit accueillir les Championnats du monde de cyclisme UCI. Le D\u00e9partement&hellip;\n","protected":false},"author":2,"featured_media":1163542,"comment_status":"","ping_status":"","sticky":false,"template":"","format":"standard","meta":{"footnotes":"","_share_on_mastodon":"0"},"categories":[9566],"tags":[1111,11,3853,2430,207,3856,9543,1777,674,274,1701,1011,27,2731,4638,30882,12,25,9541,30887,1947],"class_list":["post-1163541","post","type-post","status-publish","format-standard","has-post-thumbnail","category-grenoble","tag-actu","tag-actualites","tag-annecy","tag-auvergne-rhone-alpes","tag-cyclisme","tag-edition-annecy-rumilly-les-aravis","tag-edition-mont-blanc-arve","tag-eu","tag-europe","tag-faits-divers-justice","tag-fil-info-sport","tag-fr","tag-france","tag-grenoble","tag-haute-savoie","tag-la-roche-sur-foron","tag-news","tag-republique-francaise","tag-sallanches","tag-scionzier","tag-sport-national"],"share_on_mastodon":{"url":"https:\/\/pubeurope.com\/@fr\/117202920879699918","error":""},"_links":{"self":[{"href":"https:\/\/www.europesays.com\/fr\/wp-json\/wp\/v2\/posts\/1163541","targetHints":{"allow":["GET"]}}],"collection":[{"href":"https:\/\/www.europesays.com\/fr\/wp-json\/wp\/v2\/posts"}],"about":[{"href":"https:\/\/www.europesays.com\/fr\/wp-json\/wp\/v2\/types\/post"}],"author":[{"embeddable":true,"href":"https:\/\/www.europesays.com\/fr\/wp-json\/wp\/v2\/users\/2"}],"replies":[{"embeddable":true,"href":"https:\/\/www.europesays.com\/fr\/wp-json\/wp\/v2\/comments?post=1163541"}],"version-history":[{"count":0,"href":"https:\/\/www.europesays.com\/fr\/wp-json\/wp\/v2\/posts\/1163541\/revisions"}],"wp:featuredmedia":[{"embeddable":true,"href":"https:\/\/www.europesays.com\/fr\/wp-json\/wp\/v2\/media\/1163542"}],"wp:attachment":[{"href":"https:\/\/www.europesays.com\/fr\/wp-json\/wp\/v2\/media?parent=1163541"}],"wp:term":[{"taxonomy":"category","embeddable":true,"href":"https:\/\/www.europesays.com\/fr\/wp-json\/wp\/v2\/categories?post=1163541"},{"taxonomy":"post_tag","embeddable":true,"href":"https:\/\/www.europesays.com\/fr\/wp-json\/wp\/v2\/tags?post=1163541"}],"curies":[{"name":"wp","href":"https:\/\/api.w.org\/{rel}","templated":true}]}}