{"id":1163547,"date":"2026-09-02T18:47:19","date_gmt":"2026-09-02T18:47:19","guid":{"rendered":"https:\/\/www.europesays.com\/fr\/1163547\/"},"modified":"2026-09-02T18:47:19","modified_gmt":"2026-09-02T18:47:19","slug":"strasbourg-violences-sexuelles-a-lencontre-des-enfants-une-marche-organisee-ce-lundi-7-septembre","status":"publish","type":"post","link":"https:\/\/www.europesays.com\/fr\/1163547\/","title":{"rendered":"Strasbourg. Violences sexuelles \u00e0 l\u2019encontre des enfants : une marche organis\u00e9e ce lundi 7 septembre"},"content":{"rendered":"<p>Au cri de \u00ab\u00a0pr\u00e9vention, justice, r\u00e9paration\u00a0\u00bb, les organisateurs donnent rendez-vous \u00e0 19 h devant le tribunal judiciaire de Strasbourg, quai Finkmatt. \u00ab\u00a0Un enfant est victime de violences sexuelles toutes les 3 minutes en France et 6 plaintes sur 10, pour ces faits, sont class\u00e9es sans suite\u00a0\u00bb, rappellent-ils. Le rassemblement sera suivi d\u2019un cort\u00e8ge qui s\u2019\u00e9lancera \u00e0 travers le centre-ville en effectuant une boucle entre le palais de justice et la place Kl\u00e9ber.<\/p>\n<p>La manifestation fait \u00e9cho \u00e0 une mobilisation nationale \u00e0 l\u2019initiative de la Fondation des femmes et de Mouv\u2019enfants. Plusieurs collectifs f\u00e9ministes et pour la protection de l\u2019enfant sont \u00e0 l\u2019origine des 140 recommandations ayant aliment\u00e9 les 69 articles du texte dont l\u2019examen d\u00e9bute ce m\u00eame 7\u00a0septembre devant une commission sp\u00e9ciale de l\u2019Assembl\u00e9e nationale. Les d\u00e9bats en s\u00e9ance publique d\u00e9marreront d\u00e9but octobre, a confirm\u00e9 le Premier ministre S\u00e9bastien Lecornu.<\/p>\n","protected":false},"excerpt":{"rendered":"Au cri de \u00ab\u00a0pr\u00e9vention, justice, r\u00e9paration\u00a0\u00bb, les organisateurs donnent rendez-vous \u00e0 19 h devant le tribunal judiciaire de&hellip;\n","protected":false},"author":2,"featured_media":1163548,"comment_status":"","ping_status":"","sticky":false,"template":"","format":"standard","meta":{"footnotes":"","_share_on_mastodon":"0"},"categories":[2820],"tags":[1111,11,271,272,3676,2880,1777,674,274,3555,107,1011,27,775,12,25,640,2879],"class_list":["post-1163547","post","type-post","status-publish","format-standard","has-post-thumbnail","category-strasbourg","tag-actu","tag-actualites","tag-crime","tag-delit-et-contravention","tag-disparition-inquietante","tag-edition-strasbourg","tag-eu","tag-europe","tag-faits-divers-justice","tag-feminicide","tag-fil-info","tag-fr","tag-france","tag-grand-est","tag-news","tag-republique-francaise","tag-strasbourg","tag-strasbourg-ville"],"share_on_mastodon":{"url":"https:\/\/pubeurope.com\/@fr\/117202940371698049","error":""},"_links":{"self":[{"href":"https:\/\/www.europesays.com\/fr\/wp-json\/wp\/v2\/posts\/1163547","targetHints":{"allow":["GET"]}}],"collection":[{"href":"https:\/\/www.europesays.com\/fr\/wp-json\/wp\/v2\/posts"}],"about":[{"href":"https:\/\/www.europesays.com\/fr\/wp-json\/wp\/v2\/types\/post"}],"author":[{"embeddable":true,"href":"https:\/\/www.europesays.com\/fr\/wp-json\/wp\/v2\/users\/2"}],"replies":[{"embeddable":true,"href":"https:\/\/www.europesays.com\/fr\/wp-json\/wp\/v2\/comments?post=1163547"}],"version-history":[{"count":0,"href":"https:\/\/www.europesays.com\/fr\/wp-json\/wp\/v2\/posts\/1163547\/revisions"}],"wp:featuredmedia":[{"embeddable":true,"href":"https:\/\/www.europesays.com\/fr\/wp-json\/wp\/v2\/media\/1163548"}],"wp:attachment":[{"href":"https:\/\/www.europesays.com\/fr\/wp-json\/wp\/v2\/media?parent=1163547"}],"wp:term":[{"taxonomy":"category","embeddable":true,"href":"https:\/\/www.europesays.com\/fr\/wp-json\/wp\/v2\/categories?post=1163547"},{"taxonomy":"post_tag","embeddable":true,"href":"https:\/\/www.europesays.com\/fr\/wp-json\/wp\/v2\/tags?post=1163547"}],"curies":[{"name":"wp","href":"https:\/\/api.w.org\/{rel}","templated":true}]}}