{"id":1163555,"date":"2026-09-02T18:52:44","date_gmt":"2026-09-02T18:52:44","guid":{"rendered":"https:\/\/www.europesays.com\/fr\/1163555\/"},"modified":"2026-09-02T18:52:44","modified_gmt":"2026-09-02T18:52:44","slug":"programme-du-nantes-films-series-festival-2026-talks-projections-et-rencontres-du-3-au-6-septembre","status":"publish","type":"post","link":"https:\/\/www.europesays.com\/fr\/1163555\/","title":{"rendered":"Programme du Nantes Films &#038; S\u00e9ries Festival 2026 : talks, projections et rencontres du 3 au 6 septembre"},"content":{"rendered":"<p class=\"intro\">Du jeudi 3 au dimanche 6 septembre 2026, le Nantes Films &amp; S\u00e9ries Festival d\u00e9voile une programmation riche en rencontres, projections et masterclasses, r\u00e9partis dans plusieurs lieux embl\u00e9matiques de la ville. Talks avec des com\u00e9diens et professionnels de l&rsquo;audiovisuel, hommages, after et projections en acc\u00e8s libre\u00a0: voici le d\u00e9tail du programme de cette \u00e9dition 2026, accessible \u00e0 tous et enti\u00e8rement gratuit.<\/p>\n<p><a data-lightbox=\"article\" data-title=\"Programme du Nantes Films &amp; S\u00e9ries Festival 2026 : talks, projections et rencontres du 3 au 6 septembre DR\" class=\"image detail fullwidth  position-relative d-block\" href=\"https:\/\/www.jds.fr\/medias\/image\/programme-du-nantes-films-et-series-festival-talks-1071262-920-0-F.webp\" title=\"Programme du Nantes Films &amp; S\u00e9ries Festival 2026 : talks, projections et rencontres du 3 au 6 septembre DR\" rel=\"nofollow noopener\" target=\"_blank\"><br \/>\n<img decoding=\"async\" loading=\"lazy\" src=\"https:\/\/www.europesays.com\/fr\/wp-content\/uploads\/2026\/09\/programme-du-nantes-films-et-series-festival-talks-1071262-1200-0.webp\"   width=\"685\" alt=\"Programme du Nantes Films &amp; S\u00e9ries Festival 2026 : talks, projections et rencontres du 3 au 6 septembre\" class=\"border\"\/><br \/>\nDR<br \/>\nProgramme du Nantes Films &amp; S\u00e9ries Festival 2026\u00a0: talks, projections et rencontres du 3 au 6 septembre<br \/>\n<\/a><\/p>\n<p>Nantes Films &amp; S\u00e9ries Festival 2026\u00a0: quatre jours de rendez-vous cin\u00e9ma et s\u00e9ries au c\u0153ur de la ville<\/p>\n<p>Pour cette \u00e9dition 2026, le <a href=\"https:\/\/www.jds.fr\/nantes\/manifestations\/festival\/nantes-films-et-series-festival-2026-1707084_A\" rel=\"nofollow noopener\" target=\"_blank\">Nantes Films &amp; S\u00e9ries Festival<\/a> investit plusieurs espaces de la ville, du Jardin du Dr Jules aux Bains-Douches, en passant par le Bistrot de Mr Jules, le parvis de l&rsquo;\u00e9glise Sainte-Anne et le bateau L&rsquo;Atalante. Le programme se d\u00e9cline sur quatre journ\u00e9es, m\u00ealant talks intimistes, rencontres avec des com\u00e9diens connus du grand public, projections et moments festifs. Toutes les activit\u00e9s sont en entr\u00e9e libre, ce qui permet \u00e0 chacun de composer son propre parcours selon ses envies.<\/p>\n<p>Jeudi 3 septembre 2026<\/p>\n<p>La premi\u00e8re journ\u00e9e du festival ouvre avec trois talks programm\u00e9s au Jardin du Dr Jules, dans le d\u00e9partement de Loire-Atlantique\u00a0:<\/p>\n<ul>&#13;<\/p>\n<li><strong>15h \u00e0 15h45\u00a0:<\/strong> <strong>Fred Gu\u00e9rin<\/strong> lance les \u00e9changes avec une conf\u00e9rence intitul\u00e9e <strong>\u00ab Cascadeur, sportif de haut niveau et acteur \u00bb<\/strong>, dans laquelle il revient sur un parcours professionnel aux multiples facettes.<\/li>\n<p>&#13;<\/p>\n<li><strong>16h \u00e0 17h\u00a0:<\/strong> Place \u00e0 <strong>Emine Meynem<\/strong> et \u00e0 sa session <strong>\u00ab Paris, Rome, Istanbul \u00bb<\/strong>, un r\u00e9cit \u00e0 la crois\u00e9e des cultures et des tournages.<\/li>\n<p>&#13;<\/p>\n<li><strong>18h \u00e0 19h\u00a0:<\/strong> <strong>Moussa Maaskri<\/strong> investit \u00e0 son tour le Jardin du Dr Jules pour \u00e9voquer <strong>\u00ab L&rsquo;histoire du faux m\u00e9chant du cin\u00e9ma fran\u00e7ais \u00bb<\/strong>, un sujet qui promet quelques r\u00e9v\u00e9lations savoureuses sur ses r\u00f4les marquants.<\/li>\n<p>&#13;\n<\/ul>\n<p>Vendredi 4 septembre 2026<\/p>\n<p>La journ\u00e9e du vendredi d\u00e9bute au Bistrot de Mr Jules et au Jardin du Dr Jules\u00a0:<\/p>\n<ul>&#13;<\/p>\n<li><strong>10h15 \u00e0 11h (Bistrot de Mr Jules)\u00a0:<\/strong> <strong>Dani\u00e8le Gain<\/strong> aborde le th\u00e8me <strong>\u00ab Accompagner une carri\u00e8re d&rsquo;acteur \u00bb<\/strong>, une session destin\u00e9e autant aux professionnels qu&rsquo;aux passionn\u00e9s du m\u00e9tier.<\/li>\n<p>&#13;<\/p>\n<li><strong>11h15 \u00e0 12h15 (Jardin du Dr Jules)\u00a0:<\/strong> Un temps fort avec les <strong>invit\u00e9es f\u00e9minines du festival<\/strong> autour du <strong>Women in Light Award<\/strong>, un hommage rendu \u00e0 <strong>\u00c9milie Dequenne<\/strong>.<\/li>\n<p>&#13;\n<\/ul>\n<p>L&rsquo;apr\u00e8s-midi et la soir\u00e9e du vendredi se d\u00e9roulent en grande partie <strong>Aux Bains-Douches<\/strong>, au Bistrot de Mr Jules et \u00e0 bord de L&rsquo;Atalante\u00a0:<\/p>\n<ul>&#13;<\/p>\n<li><strong>14h (Aux Bains-Douches)\u00a0:<\/strong> <strong>Sheila O&rsquo;Connor<\/strong> ouvre le bal avec <strong>\u00ab C&rsquo;est toute ma vie \u00bb<\/strong>, une rencontre autobiographique.<\/li>\n<p>&#13;<\/p>\n<li><strong>15h15\u00a0:<\/strong> <strong>Alexandra Clert et Samir Boitard<\/strong> se retrouvent pour une <strong>rencontre r\u00e9trospective autour d&rsquo;Engrenages<\/strong>, dont le lieu pr\u00e9cis est indiqu\u00e9 sur l&rsquo;affiche du festival.<\/li>\n<p>&#13;<\/p>\n<li><strong>16h30 (Aux Bains-Douches)\u00a0:<\/strong> <strong>Dani\u00e8le Gain<\/strong> revient pour un focus intitul\u00e9 <strong>\u00ab Au-del\u00e0 de Scianel \u2013 Itin\u00e9raire d&rsquo;une femme \u00bb<\/strong>.<\/li>\n<p>&#13;<\/p>\n<li><strong>17h30 (Aux Bains-Douches)\u00a0:<\/strong> <strong>Cristina Donadio<\/strong> propose un temps d&rsquo;\u00e9change <strong>\u00ab Au plus pr\u00e8s de Scianel \u00bb<\/strong>.<\/li>\n<p>&#13;<\/p>\n<li><strong>18h15 (Bistrot de Mr Jules)\u00a0:<\/strong> <strong>Fred Bianconi et Samir Boitard<\/strong> cl\u00f4turent la programmation formelle de la journ\u00e9e avec <strong>\u00ab D&rsquo;Engrenages \u00e0 Pax Massilia \u2013 Un espace de libert\u00e9 \u00bb<\/strong>.<\/li>\n<p>&#13;<\/p>\n<li><strong>\u00c0 partir de 21h (Bateau L&rsquo;Atalante)\u00a0:<\/strong> La soir\u00e9e se prolonge avec un <strong>after anim\u00e9 par Sa\u00efd Daniel et Soriba Dabo<\/strong>.<\/li>\n<p>&#13;\n<\/ul>\n<p>Samedi 5 septembre 2026<\/p>\n<p>Le samedi propose un programme rythm\u00e9 tout au long de la journ\u00e9e\u00a0:<\/p>\n<ul>&#13;<\/p>\n<li><strong>10h15 (Jardin du Dr Jules)\u00a0:<\/strong> <strong>V\u00e9ronique Jannot<\/strong> pour une rencontre intitul\u00e9e <strong>\u00ab Une vie dans le c\u0153ur du public \u00bb<\/strong>.<\/li>\n<p>&#13;<\/p>\n<li><strong>11h15 (Bistrot de Mr Jules)\u00a0:<\/strong> Une session consacr\u00e9e \u00e0 <strong>\u00ab Un Village fran\u00e7ais \u2013 Raymond \u00bb<\/strong>, prolongement d&rsquo;une s\u00e9rie qui a marqu\u00e9 des g\u00e9n\u00e9rations de t\u00e9l\u00e9spectateurs.<\/li>\n<p>&#13;<\/p>\n<li><strong>13h40 (Centre socioculturel Bellevue)\u00a0:<\/strong> Projection d&rsquo;un \u00e9pisode de <strong>Gomorra<\/strong>.<\/li>\n<p>&#13;<\/p>\n<li><strong>16h15 \u00e0 17h15 (Jardin du Dr Jules)\u00a0:<\/strong> Pr\u00e9sentation de <strong>\u00ab La s\u00e9lection \u00bb<\/strong> dans le cadre du <strong>Women in Light Award<\/strong>.<\/li>\n<p>&#13;<\/p>\n<li><strong>17h30 (Parvis et \u00e9glise Sainte-Anne)\u00a0:<\/strong> Rencontre rassemblant <strong>Cristina Donadio, Thierry Godard, Samir Boitard et Fred Bianconi<\/strong>.<\/li>\n<p>&#13;<\/p>\n<li><strong>18h45 (Bistrot de Mr Jules)\u00a0:<\/strong> <strong>Sheila O&rsquo;Connor<\/strong> revient pour un talk autour de <strong>\u00ab Retour \u00e0 La Boum \u00bb<\/strong>.<\/li>\n<p>&#13;<\/p>\n<li><strong>\u00c0 partir de 20h15\u00a0:<\/strong> <strong>\u00ab La Science int\u00e9rieure \u00bb<\/strong> est au programme (lieu pr\u00e9cis\u00e9 sur l&rsquo;affiche).<\/li>\n<p>&#13;\n<\/ul>\n<p>Dimanche 6 septembre 2026<\/p>\n<p>La derni\u00e8re journ\u00e9e du festival se conclut avec\u00a0:<\/p>\n<ul>&#13;<\/p>\n<li><strong>\u00c0 partir de 19h\u00a0:<\/strong> <strong>Thierry Beccaro<\/strong> propose une adaptation de <strong>\u00ab Novecento \u2013 La L\u00e9gende du pianiste sur l&rsquo;oc\u00e9an \u00bb<\/strong>, une performance litt\u00e9raire et musicale dont le lieu est indiqu\u00e9 sur l&rsquo;affiche officielle du festival.<\/li>\n<p>&#13;\n<\/ul>\n<p>Women in Light Award et temps forts th\u00e9matiques au programme<\/p>\n<p>Parmi les rendez-vous qui structurent cette \u00e9dition, le <strong>Women in Light Award<\/strong> occupe une place centrale. Ce prix, qui met en lumi\u00e8re des personnalit\u00e9s f\u00e9minines du cin\u00e9ma et des s\u00e9ries, se d\u00e9cline en deux temps forts\u00a0:<\/p>\n<ul>&#13;<\/p>\n<li>Un hommage rendu \u00e0 <strong>\u00c9milie Dequenne<\/strong> le vendredi avec les invit\u00e9es f\u00e9minines du festival.<\/li>\n<p>&#13;<\/p>\n<li>La pr\u00e9sentation de la s\u00e9lection officielle le samedi apr\u00e8s-midi au Jardin du Dr Jules.<\/li>\n<p>&#13;\n<\/ul>\n<p>La s\u00e9rie <strong>Engrenages<\/strong> b\u00e9n\u00e9ficie \u00e9galement d&rsquo;une attention particuli\u00e8re tout au long du vendredi, avec pas moins de trois rencontres d\u00e9di\u00e9es \u00e0 cet univers\u00a0:<\/p>\n<ul>&#13;<\/p>\n<li>Le personnage de Scianel, incarn\u00e9 par <strong>Cristina Donadio<\/strong>, fait l&rsquo;objet de deux sessions distinctes.<\/li>\n<p>&#13;<\/p>\n<li>Les cr\u00e9ateurs de la s\u00e9rie <strong>Alexandra Clert, Samir Boitard et Fred Bianconi<\/strong> reviennent sur la gen\u00e8se et l&rsquo;h\u00e9ritage d&rsquo;Engrenages, jusqu&rsquo;\u00e0 la nouvelle s\u00e9rie Pax Massilia.<\/li>\n<p>&#13;\n<\/ul>\n<p>Le festival ne se limite pas aux seuls formats s\u00e9riels\u00a0: des projections cin\u00e9matographiques, des performances sc\u00e9niques et des after sont \u00e9galement int\u00e9gr\u00e9s au programme, faisant de cet \u00e9v\u00e9nement nantais un rendez-vous pluridisciplinaire qui d\u00e9passe le cadre du simple festival de cin\u00e9ma.<\/p>\n<p>Tarifs du Nantes Films &amp; S\u00e9ries Festival 2026<\/p>\n<p>L&rsquo;ensemble des \u00e9v\u00e9nements propos\u00e9s dans le cadre du Nantes Films &amp; S\u00e9ries Festival, que ce soient les projections, les talks ou les masterclasses, sont accessibles en <strong>entr\u00e9e libre et gratuite<\/strong>. Aucune r\u00e9servation payante n&rsquo;est requise pour participer aux diff\u00e9rentes rencontres r\u00e9parties dans les lieux du festival \u00e0 Nantes.<\/p>\n<p>Article r\u00e9dig\u00e9 par Julie<br \/>Date de publication : le 02\/09\/2026.<\/p>\n","protected":false},"excerpt":{"rendered":"Du jeudi 3 au dimanche 6 septembre 2026, le Nantes Films &amp; S\u00e9ries Festival d\u00e9voile une programmation riche&hellip;\n","protected":false},"author":2,"featured_media":1163556,"comment_status":"","ping_status":"","sticky":false,"template":"","format":"standard","meta":{"footnotes":"","_share_on_mastodon":"0"},"categories":[2818],"tags":[1111,11,1777,674,1011,27,766,12,2636,25],"class_list":["post-1163555","post","type-post","status-publish","format-standard","has-post-thumbnail","category-nantes","tag-actu","tag-actualites","tag-eu","tag-europe","tag-fr","tag-france","tag-nantes","tag-news","tag-pays-de-la-loire","tag-republique-francaise"],"share_on_mastodon":{"url":"https:\/\/pubeurope.com\/@fr\/117202961492087515","error":""},"_links":{"self":[{"href":"https:\/\/www.europesays.com\/fr\/wp-json\/wp\/v2\/posts\/1163555","targetHints":{"allow":["GET"]}}],"collection":[{"href":"https:\/\/www.europesays.com\/fr\/wp-json\/wp\/v2\/posts"}],"about":[{"href":"https:\/\/www.europesays.com\/fr\/wp-json\/wp\/v2\/types\/post"}],"author":[{"embeddable":true,"href":"https:\/\/www.europesays.com\/fr\/wp-json\/wp\/v2\/users\/2"}],"replies":[{"embeddable":true,"href":"https:\/\/www.europesays.com\/fr\/wp-json\/wp\/v2\/comments?post=1163555"}],"version-history":[{"count":0,"href":"https:\/\/www.europesays.com\/fr\/wp-json\/wp\/v2\/posts\/1163555\/revisions"}],"wp:featuredmedia":[{"embeddable":true,"href":"https:\/\/www.europesays.com\/fr\/wp-json\/wp\/v2\/media\/1163556"}],"wp:attachment":[{"href":"https:\/\/www.europesays.com\/fr\/wp-json\/wp\/v2\/media?parent=1163555"}],"wp:term":[{"taxonomy":"category","embeddable":true,"href":"https:\/\/www.europesays.com\/fr\/wp-json\/wp\/v2\/categories?post=1163555"},{"taxonomy":"post_tag","embeddable":true,"href":"https:\/\/www.europesays.com\/fr\/wp-json\/wp\/v2\/tags?post=1163555"}],"curies":[{"name":"wp","href":"https:\/\/api.w.org\/{rel}","templated":true}]}}