{"id":1163557,"date":"2026-09-02T18:54:27","date_gmt":"2026-09-02T18:54:27","guid":{"rendered":"https:\/\/www.europesays.com\/fr\/1163557\/"},"modified":"2026-09-02T18:54:27","modified_gmt":"2026-09-02T18:54:27","slug":"fc-nantes-mercato-deux-derniers-departs-en-salle-dattente","status":"publish","type":"post","link":"https:\/\/www.europesays.com\/fr\/1163557\/","title":{"rendered":"FC Nantes Mercato : deux derniers d\u00e9parts en salle d&rsquo;attente !"},"content":{"rendered":"<p class=\"wp-block-paragraph\"><strong>Deux d\u00e9parts suppl\u00e9mentaires devraient \u00eatre enregistr\u00e9s par le FC Nantes, avec Bahmed Deuff vers Antwerp et Yassine Benhattab vers Montpellier.<\/strong><\/p>\n<p class=\"wp-block-paragraph\">Le<a href=\"https:\/\/www.butfootballclub.fr\/actualites\/ligue-1\/fc-nantes\/\" data-type=\"link\" data-id=\"https:\/\/www.butfootballclub.fr\/actualites\/ligue-1\/fc-nantes\/\" rel=\"nofollow noopener\" target=\"_blank\"> FC Nantes<\/a> \u00e9tait en feu ce mardi lors du dernier jour du mercato estival. Les Canaris ont officialis\u00e9 les arriv\u00e9es de Balthazar Pierret, Amin Cherni, Fod\u00e9 Doucour\u00e9 et Thomas Robinet, ainsi que les d\u00e9parts d\u2019Hugo Lamy, en pr\u00eat, et de Mostafa Mohamed.<\/p>\n<p>Toujours pas d\u2019officialisations pour les d\u00e9parts de Deuff et Benhattab !<\/p>\n<p class=\"wp-block-paragraph\">Mais deux autres d\u00e9parts auraient \u00e9galement \u00e9t\u00e9 boucl\u00e9s en cette fin de mercato estival. Il s\u2019agit de ceux de Bahmed Deuff et de Yassine Benhattab. Comme l\u2019a confirm\u00e9 ce mercredi le journaliste de Ouest-France, David Phelippeau, le premier devrait rejoindre le club belge du Royal Antwerp sous la forme d\u2019un pr\u00eat avec option d\u2019achat, tandis que le second devrait \u00eatre transf\u00e9r\u00e9 \u00e0 Montpellier pour un montant estim\u00e9 \u00e0 1 million d\u2019euros. \u00ab C\u2019est fait a priori \u00bb, a l\u00e2ch\u00e9 notre confr\u00e8re sur X. Mais pour l\u2019heure, aucune officialisation n\u2019est encore tomb\u00e9e concernant ces deux d\u00e9parts.<\/p>\n<p class=\"wp-block-paragraph\">Une situation qui n\u2019a rien d\u2019anormal concernant Bahmed Deuff puisque le mercato estival est toujours ouvert en Belgique. Elle est en revanche plus surprenante pour Yassine Benhattab et son transfert \u00e0 Montpellier, le march\u00e9 des transferts ayant ferm\u00e9 ses portes en France ce mardi soir.<\/p>\n","protected":false},"excerpt":{"rendered":"Deux d\u00e9parts suppl\u00e9mentaires devraient \u00eatre enregistr\u00e9s par le FC Nantes, avec Bahmed Deuff vers Antwerp et Yassine Benhattab&hellip;\n","protected":false},"author":2,"featured_media":1163558,"comment_status":"","ping_status":"","sticky":false,"template":"","format":"standard","meta":{"footnotes":"","_share_on_mastodon":"0"},"categories":[2818],"tags":[1111,11,1777,674,1011,27,766,12,2636,25],"class_list":["post-1163557","post","type-post","status-publish","format-standard","has-post-thumbnail","category-nantes","tag-actu","tag-actualites","tag-eu","tag-europe","tag-fr","tag-france","tag-nantes","tag-news","tag-pays-de-la-loire","tag-republique-francaise"],"share_on_mastodon":{"url":"https:\/\/pubeurope.com\/@fr\/117202968149718020","error":""},"_links":{"self":[{"href":"https:\/\/www.europesays.com\/fr\/wp-json\/wp\/v2\/posts\/1163557","targetHints":{"allow":["GET"]}}],"collection":[{"href":"https:\/\/www.europesays.com\/fr\/wp-json\/wp\/v2\/posts"}],"about":[{"href":"https:\/\/www.europesays.com\/fr\/wp-json\/wp\/v2\/types\/post"}],"author":[{"embeddable":true,"href":"https:\/\/www.europesays.com\/fr\/wp-json\/wp\/v2\/users\/2"}],"replies":[{"embeddable":true,"href":"https:\/\/www.europesays.com\/fr\/wp-json\/wp\/v2\/comments?post=1163557"}],"version-history":[{"count":0,"href":"https:\/\/www.europesays.com\/fr\/wp-json\/wp\/v2\/posts\/1163557\/revisions"}],"wp:featuredmedia":[{"embeddable":true,"href":"https:\/\/www.europesays.com\/fr\/wp-json\/wp\/v2\/media\/1163558"}],"wp:attachment":[{"href":"https:\/\/www.europesays.com\/fr\/wp-json\/wp\/v2\/media?parent=1163557"}],"wp:term":[{"taxonomy":"category","embeddable":true,"href":"https:\/\/www.europesays.com\/fr\/wp-json\/wp\/v2\/categories?post=1163557"},{"taxonomy":"post_tag","embeddable":true,"href":"https:\/\/www.europesays.com\/fr\/wp-json\/wp\/v2\/tags?post=1163557"}],"curies":[{"name":"wp","href":"https:\/\/api.w.org\/{rel}","templated":true}]}}