{"id":1163573,"date":"2026-09-02T19:05:18","date_gmt":"2026-09-02T19:05:18","guid":{"rendered":"https:\/\/www.europesays.com\/fr\/1163573\/"},"modified":"2026-09-02T19:05:18","modified_gmt":"2026-09-02T19:05:18","slug":"bruno-genesio-etait-il-tout-proche-de-demissionner-france-olympique-de-marseille","status":"publish","type":"post","link":"https:\/\/www.europesays.com\/fr\/1163573\/","title":{"rendered":"Bruno Genesio \u00e9tait-il tout proche de d\u00e9missionner ? &#8211; France &#8211; Olympique de Marseille"},"content":{"rendered":"<p>Deux matchs et puis s\u2019en va ? Arriv\u00e9 en juillet \u00e0 l\u2019Olympique de Marseille, Bruno Genesio aurait d\u00e9j\u00e0 song\u00e9 au d\u00e9part. On sait que la vie est loin d\u2019\u00eatre un long fleuve tranquille dans la cit\u00e9 phoc\u00e9enne, mais <strong>le nouvel entra\u00eeneur est arriv\u00e9 en pleine temp\u00eate<\/strong> d\u2019<a target=\"_blank\" href=\"https:\/\/www.sofoot.com\/breves\/combien-ce-mercato-dete-va-t-il-vraiment-rapporter-a-lom\" rel=\"nofollow noopener\">un mercato o\u00f9 de nombreux joueurs \u00e9taient pr\u00eats \u00e0 faire leurs valises<\/a>.<\/p>\n<p>\u00ab\u00a0On n\u2019\u00e9tait pas loin\u00a0\u00bb<\/p>\n<p>Les cadres <a target=\"_blank\" href=\"https:\/\/www.sofoot.com\/articles\/ligue-1-leonardo-balerdi-un-depart-qui-va-laisser-un-vide-a-lolympique-de-marseille-et-au-velodrome\" rel=\"nofollow noopener\">Leonardo Balerdi<\/a>, Mason Greenwood ou Geronimo Rulli ont quitt\u00e9 le navire et <strong>Genesio a bien cru voir Igor Paix\u00e3o et Pierre-Emile H\u00f8jbjerg les suivre<\/strong>. \u00ab\u202f\u00c0 l\u2019heure o\u00f9 l\u2019on se parle, je n\u2019ai aucune certitude sur l\u2019effectif au 1er septembre, donc je ne peux pas parler d\u2019objectif en championnat ou en Ligue Europa. Et ce ne sera peut-\u00eatre pas \u00e0 moi de parler d\u2019objectif\u202f\u00bb, <a target=\"_blank\" href=\"https:\/\/www.sofoot.com\/breves\/om-bruno-genesio-dans-le-flou-en-attendant-la-fin-du-mercato\" rel=\"nofollow noopener\">s\u2019\u00e9tait lament\u00e9 le coach<\/a> avant <a target=\"_blank\" href=\"https:\/\/www.sofoot.com\/articles\/ligue-1-monaco-et-paris-brunner-infligent-a-lom-sa-premiere-defaite-de-lere-genesio\" rel=\"nofollow noopener\">la d\u00e9faite \u00e0 Monaco<\/a>.<\/p>\n<p>Interrog\u00e9 au micro de <a target=\"_blank\" href=\"https:\/\/rmcsport.bfmtv.com\/football\/clubs\/olympique-marseille\/direct-om-le-president-stephane-richard-invite-exceptionnel-de-rothen-s-enflamme_LN-202609020606.html\" rel=\"nofollow noopener\">RMC<\/a>, mercredi, sur une potentielle d\u00e9mission de Pep, <a target=\"_blank\" href=\"https:\/\/www.sofoot.com\/breves\/europa-league-apres-la-defaite-de-lille-au-celta-vigo-bruno-genesio-ne-ferme-pas-la-porte-a-une-demission\" rel=\"nofollow noopener\">qui avait fait planer le doute \u00e0 Lille l\u2019an pass\u00e9<\/a>, le pr\u00e9sident marseillais St\u00e9phane Richard assure que \u00ab\u00a0Bruno est quelqu\u2019un qui ne manie pas ce genre de discours, il ne fait pas de chantage\u00a0\u00bb. Pourtant, la fronti\u00e8re \u00e9tait visiblement fine. \u00ab\u00a0<strong>Il n\u2019a pas menac\u00e9 de d\u00e9missionner<\/strong>, mais on n\u2019\u00e9tait pas loin du point de rupture\u00a0\u00bb, a-t-il souffl\u00e9.<\/p>\n<p>Il veut simplement imiter Bielsa.<\/p>\n<p>\t\t\t\t\t\t\t\t\t\t<a class=\"lien-connexe\" href=\"https:\/\/www.sofoot.com\/breves\/medhi-benatia-rejoint-canal-en-tant-que-consultant\" rel=\"nofollow noopener\" target=\"_blank\">Medhi Benatia retrouve un poste&#8230; \u00e0 la t\u00e9l\u00e9<\/a>\t\t\t\t\t <\/p>\n<p>\t\t\t\t\t\t\tCommentaires<br \/>\n\t\t\t\t\t\t\t\tLes membres ont post\u00e9<br \/>\n\t\t\t\t\t\t\t\t5 commentaires<br \/>\n\t\t\t\t\t\t\t\tsur cet article.<br \/>\n\t\t\t\t\t\t\t\tParticipez \u00e0 la discussion<br \/>\n\t\t\t\t\t\t\t\t\t<a href=\"http:\/\/www.sofoot.com\/compte?back=https:\/\/www.sofoot.com\/breves\/ligue-1-bruno-genesio-etait-il-tout-proche-de-demissionner-apres-le-mercato-de-lom\" rel=\"nofollow noopener\" target=\"_blank\"><br \/>\n\t\t\t\t\t\t\t\t\t\t<b>en vous connectant<\/b><br \/>\n\t\t\t\t\t\t\t\t\t<\/a>.<\/p>\n<p>\t\t\t\t\t\t\t\tVoir les<br \/>\n\t\t\t\t\t\t\t\t\t\t\t\t\t\t\t\t\t5<br \/>\n\t\t\t\t\t\t\t\t\t\t\t\t\t\t\t\tcommentaires<\/p>\n","protected":false},"excerpt":{"rendered":"Deux matchs et puis s\u2019en va ? Arriv\u00e9 en juillet \u00e0 l\u2019Olympique de Marseille, Bruno Genesio aurait d\u00e9j\u00e0&hellip;\n","protected":false},"author":2,"featured_media":1163574,"comment_status":"","ping_status":"","sticky":false,"template":"","format":"standard","meta":{"footnotes":"","_share_on_mastodon":"0"},"categories":[2814],"tags":[1111,47,11,61,69,65,64,1777,674,63,1011,27,68,66,884,12,62,70,882,25,67],"class_list":["post-1163573","post","type-post","status-publish","format-standard","has-post-thumbnail","category-marseille","tag-actu","tag-actualite","tag-actualites","tag-actus-football","tag-bundesliga","tag-championnats-europeens","tag-equipe-de-france","tag-eu","tag-europe","tag-football","tag-fr","tag-france","tag-ligua","tag-ligue-1","tag-marseille","tag-news","tag-news-foot","tag-premier-league","tag-provence-alpes-cote-dazur","tag-republique-francaise","tag-serie-a"],"share_on_mastodon":{"url":"https:\/\/pubeurope.com\/@fr\/117203011411839590","error":""},"_links":{"self":[{"href":"https:\/\/www.europesays.com\/fr\/wp-json\/wp\/v2\/posts\/1163573","targetHints":{"allow":["GET"]}}],"collection":[{"href":"https:\/\/www.europesays.com\/fr\/wp-json\/wp\/v2\/posts"}],"about":[{"href":"https:\/\/www.europesays.com\/fr\/wp-json\/wp\/v2\/types\/post"}],"author":[{"embeddable":true,"href":"https:\/\/www.europesays.com\/fr\/wp-json\/wp\/v2\/users\/2"}],"replies":[{"embeddable":true,"href":"https:\/\/www.europesays.com\/fr\/wp-json\/wp\/v2\/comments?post=1163573"}],"version-history":[{"count":0,"href":"https:\/\/www.europesays.com\/fr\/wp-json\/wp\/v2\/posts\/1163573\/revisions"}],"wp:featuredmedia":[{"embeddable":true,"href":"https:\/\/www.europesays.com\/fr\/wp-json\/wp\/v2\/media\/1163574"}],"wp:attachment":[{"href":"https:\/\/www.europesays.com\/fr\/wp-json\/wp\/v2\/media?parent=1163573"}],"wp:term":[{"taxonomy":"category","embeddable":true,"href":"https:\/\/www.europesays.com\/fr\/wp-json\/wp\/v2\/categories?post=1163573"},{"taxonomy":"post_tag","embeddable":true,"href":"https:\/\/www.europesays.com\/fr\/wp-json\/wp\/v2\/tags?post=1163573"}],"curies":[{"name":"wp","href":"https:\/\/api.w.org\/{rel}","templated":true}]}}