{"id":1163575,"date":"2026-09-02T19:06:18","date_gmt":"2026-09-02T19:06:18","guid":{"rendered":"https:\/\/www.europesays.com\/fr\/1163575\/"},"modified":"2026-09-02T19:06:18","modified_gmt":"2026-09-02T19:06:18","slug":"mefiez-vous-de-la-marionnettiste-de-bernard-jadot","status":"publish","type":"post","link":"https:\/\/www.europesays.com\/fr\/1163575\/","title":{"rendered":"\u00ab\u00a0M\u00c9FIEZ-VOUS DE LA MARIONNETTISTE\u00a0\u00bb de Bernard JADOT &#8211;"},"content":{"rendered":"<p>\t\t\t\t<img fetchpriority=\"high\" decoding=\"async\" width=\"600\" height=\"857\" src=\"https:\/\/www.europesays.com\/fr\/wp-content\/uploads\/2026\/09\/MEFIEZ-VOUS-DE-LA-MARIONNETTISTE.jpg\" alt=\"\" title=\"M\u00c9FIEZ-VOUS DE LA MARIONNETTISTE\"   class=\"wp-image-180640\"\/><\/p>\n<p><strong>Texte : Jacques Bruyas<\/strong>\u00a0 \u2013 Lyon, place des Terreaux, agence du CCC, vendredi 29 avril, 8h30 : Vladimir, Donald et le Petit Nicolas s\u2019engouffrent avec leur butin dans une camionnette vol\u00e9e le matin-m\u00eame.<\/p>\n<p>Tout se d\u00e9roule comme pr\u00e9vu et pour assurer leur fuite, ils emm\u00e8nent une otage qu\u2019ils pensent pouvoir lib\u00e9rer un peu plus tard. Elle s\u2019appelle Morgane. Dans cette nouvelle variation lyonnaise et polici\u00e8re,\u00a0Bernard Jadot met aux prises le frais \u00e9moulu commissaire R\u00e9mora et une bande de gangsters pour le moins atypiques avec une redoutable jeune femme parfaitement d\u00e9termin\u00e9e et plut\u00f4t dou\u00e9e pour tirer les ficelles\u2026 La rue Grenette offre une \u00e9chappatoire de premier ordre \u00e0 l\u2019\u00e9quipe de \u00ab\u00a0pieds nickel\u00e9s\u00a0\u00bb dont Bernard Jadot, auteur polymorphe, joue et se joue avec d\u00e9lectation.<br \/><strong><br \/>\u00c9ditions du Pourtant \/ 220 pages \/ 20 euros<\/strong><\/p>\n<p>\u00a0<\/p>\n","protected":false},"excerpt":{"rendered":"Texte : Jacques Bruyas\u00a0 \u2013 Lyon, place des Terreaux, agence du CCC, vendredi 29 avril, 8h30 : Vladimir,&hellip;\n","protected":false},"author":2,"featured_media":1163576,"comment_status":"","ping_status":"","sticky":false,"template":"","format":"standard","meta":{"footnotes":"","_share_on_mastodon":"0"},"categories":[1889],"tags":[4257,1111,47,4258,11,2430,119771,1777,674,1011,27,2428,12,25],"class_list":["post-1163575","post","type-post","status-publish","format-standard","has-post-thumbnail","category-lyon","tag-0top","tag-actu","tag-actualite","tag-actualite-lyon","tag-actualites","tag-auvergne-rhone-alpes","tag-bernard-jadot","tag-eu","tag-europe","tag-fr","tag-france","tag-lyon","tag-news","tag-republique-francaise"],"share_on_mastodon":{"url":"https:\/\/pubeurope.com\/@fr\/117203016911924769","error":""},"_links":{"self":[{"href":"https:\/\/www.europesays.com\/fr\/wp-json\/wp\/v2\/posts\/1163575","targetHints":{"allow":["GET"]}}],"collection":[{"href":"https:\/\/www.europesays.com\/fr\/wp-json\/wp\/v2\/posts"}],"about":[{"href":"https:\/\/www.europesays.com\/fr\/wp-json\/wp\/v2\/types\/post"}],"author":[{"embeddable":true,"href":"https:\/\/www.europesays.com\/fr\/wp-json\/wp\/v2\/users\/2"}],"replies":[{"embeddable":true,"href":"https:\/\/www.europesays.com\/fr\/wp-json\/wp\/v2\/comments?post=1163575"}],"version-history":[{"count":0,"href":"https:\/\/www.europesays.com\/fr\/wp-json\/wp\/v2\/posts\/1163575\/revisions"}],"wp:featuredmedia":[{"embeddable":true,"href":"https:\/\/www.europesays.com\/fr\/wp-json\/wp\/v2\/media\/1163576"}],"wp:attachment":[{"href":"https:\/\/www.europesays.com\/fr\/wp-json\/wp\/v2\/media?parent=1163575"}],"wp:term":[{"taxonomy":"category","embeddable":true,"href":"https:\/\/www.europesays.com\/fr\/wp-json\/wp\/v2\/categories?post=1163575"},{"taxonomy":"post_tag","embeddable":true,"href":"https:\/\/www.europesays.com\/fr\/wp-json\/wp\/v2\/tags?post=1163575"}],"curies":[{"name":"wp","href":"https:\/\/api.w.org\/{rel}","templated":true}]}}