{"id":1163583,"date":"2026-09-02T19:10:20","date_gmt":"2026-09-02T19:10:20","guid":{"rendered":"https:\/\/www.europesays.com\/fr\/1163583\/"},"modified":"2026-09-02T19:10:20","modified_gmt":"2026-09-02T19:10:20","slug":"comment-paris-a-change-sa-pelouse-du-parc-des-princes","status":"publish","type":"post","link":"https:\/\/www.europesays.com\/fr\/1163583\/","title":{"rendered":"Comment Paris a chang\u00e9 sa pelouse du Parc des Princes"},"content":{"rendered":"<p class=\"mb-4 text-lg md:leading-8 break-words\">Endommag\u00e9e apr\u00e8s les \u00e9pisodes caniculaires de l&rsquo;\u00e9t\u00e9 &#8211; ce qui avait contraint \u00e0 l&rsquo;inversion de la premi\u00e8re journ\u00e9e face \u00e0 Rennes -, la pelouse du Parc des Princes, qui doit accueillir le match PSG-Monaco vendredi (21 h 05) a \u00e9t\u00e9 chang\u00e9e.<\/p>\n<p class=\"mb-4 text-lg md:leading-8 break-words\">Elle sera vendredi soir (21 h 05) la pelouse la plus regard\u00e9e de France. Douze jours apr\u00e8s la vive pol\u00e9mique n\u00e9e de l&rsquo;inversion du match PSG-Rennes due \u00e0 l&rsquo;\u00e9tat d\u00e9grad\u00e9 du gazon du Parc des Princes, le Paris Saint-Germain re\u00e7oit Monaco. Sur une pelouse totalement \u00ab neuve \u00bb.<\/p>\n<p class=\"mb-4 text-lg md:leading-8 break-words\">Alors que Jonathan Calderwood avait pris l&rsquo;habitude de changer la surface en la pr\u00e9parant pendant l&rsquo;\u00e9t\u00e9, le jardinier en chef du PSG (depuis 2013) a, cette fois-ci, \u00e9t\u00e9 contraint de l&rsquo;importer depuis l&rsquo;Irlande. Ses \u00e9quipes se sont d\u00e9plac\u00e9es pour \u00e9valuer la qualit\u00e9 du gazon et ont donc choisi cette option irlandaise.<\/p>\n<p class=\"mb-4 text-lg md:leading-8 break-words\">Le \u00ab scalpe \u00bb de la pr\u00e9c\u00e9dente (totalement d\u00e9grad\u00e9e par la succession d&rsquo;\u00e9pisodes caniculaires) a \u00e9t\u00e9 effectu\u00e9 le 25 ao\u00fbt dernier. Sept cents rouleaux (un m\u00e8tre de large et de 5 \u00e0 10 m\u00e8tres de long) ont \u00e9t\u00e9 achemin\u00e9s depuis l&rsquo;Irlande. La pose s&rsquo;est faite sur trois jours &#8211; 26, 27, 28 ao\u00fbt. L&rsquo;\u00e9quipe de jardiniers a r\u00e9alis\u00e9 ensuite un travail afin de favoriser l&rsquo;enracinement.<\/p>\n<p class=\"mb-4 text-lg md:leading-8 break-words\">Le co\u00fbt de changement non communiqu\u00e9<\/p>\n<p class=\"mb-4 text-lg md:leading-8 break-words\">Une s\u00e9rie de tests, avec et sans ballon, pour \u00e9valuer notamment le degr\u00e9 d&rsquo;enracinement a \u00e9t\u00e9 effectu\u00e9e. Malgr\u00e9 un tr\u00e8s court d\u00e9lai (sept jours apr\u00e8s la fin de la pose), les \u00e9quipes du club de la capitale estiment que cette nouvelle pelouse est pr\u00eate \u00e0 accueillir un match de haut niveau. Sans que cela ne repr\u00e9sente un danger pour les acteurs.<\/p>\n<p class=\"mb-4 text-lg md:leading-8 break-words\">L&rsquo;enjeu &#8211; comme chaque ann\u00e9e &#8211; pour Jonathan Calderwood et ses \u00e9quipes sera que cette pelouse puisse se d\u00e9velopper avant les matches \u00e0 \u00e9limination directe en Ligue des champions. Le co\u00fbt de ce changement de pelouse n&rsquo;a pas \u00e9t\u00e9 communiqu\u00e9. Mais pour ce type de travaux, des \u00e9valuations sup\u00e9rieures \u00e0 500 000 euros sont r\u00e9guli\u00e8rement \u00e9voqu\u00e9es.<\/p>\n<p class=\"mb-4 text-lg md:leading-8 break-words\">Pour rappel, dans le dossier de l&rsquo;inversion du match du 23 ao\u00fbt face \u00e0 Rennes, le PSG a \u00e9t\u00e9 condamn\u00e9 (par Commission des comp\u00e9titions de la Ligue) \u00e0 payer 150 000 euros pour ne pas avoir \u00e9t\u00e9 capable d&rsquo;organiser l&rsquo;aller chez lui comme le pr\u00e9voyait initialement le calendrier.<\/p>\n<p class=\"mb-4 text-lg md:leading-8 break-words\">Toute l&rsquo;actu du PSG<\/p>\n<p class=\"mb-4 text-lg md:leading-8 break-words\">L&rsquo;\u00c9quipe &#8211; Hugo Delom<\/p>\n","protected":false},"excerpt":{"rendered":"Endommag\u00e9e apr\u00e8s les \u00e9pisodes caniculaires de l&rsquo;\u00e9t\u00e9 &#8211; ce qui avait contraint \u00e0 l&rsquo;inversion de la premi\u00e8re journ\u00e9e&hellip;\n","protected":false},"author":2,"featured_media":1163584,"comment_status":"","ping_status":"","sticky":false,"template":"","format":"standard","meta":{"footnotes":"","_share_on_mastodon":"0"},"categories":[1888],"tags":[1111,1928,11,1927,1777,674,1011,27,119774,119773,12,1926,626,1925,93,55680,80008,25],"class_list":["post-1163583","post","type-post","status-publish","format-standard","has-post-thumbnail","category-paris","tag-actu","tag-actu-paris","tag-actualites","tag-actualites-paris","tag-eu","tag-europe","tag-fr","tag-france","tag-jonathan-calderwood","tag-le-cout-de-ce-changement-de-pelouse","tag-news","tag-news-paris","tag-paris","tag-paris-news","tag-psg","tag-psg-rennes","tag-psg-monaco","tag-republique-francaise"],"share_on_mastodon":{"url":"https:\/\/pubeurope.com\/@fr\/117203030976764875","error":""},"_links":{"self":[{"href":"https:\/\/www.europesays.com\/fr\/wp-json\/wp\/v2\/posts\/1163583","targetHints":{"allow":["GET"]}}],"collection":[{"href":"https:\/\/www.europesays.com\/fr\/wp-json\/wp\/v2\/posts"}],"about":[{"href":"https:\/\/www.europesays.com\/fr\/wp-json\/wp\/v2\/types\/post"}],"author":[{"embeddable":true,"href":"https:\/\/www.europesays.com\/fr\/wp-json\/wp\/v2\/users\/2"}],"replies":[{"embeddable":true,"href":"https:\/\/www.europesays.com\/fr\/wp-json\/wp\/v2\/comments?post=1163583"}],"version-history":[{"count":0,"href":"https:\/\/www.europesays.com\/fr\/wp-json\/wp\/v2\/posts\/1163583\/revisions"}],"wp:featuredmedia":[{"embeddable":true,"href":"https:\/\/www.europesays.com\/fr\/wp-json\/wp\/v2\/media\/1163584"}],"wp:attachment":[{"href":"https:\/\/www.europesays.com\/fr\/wp-json\/wp\/v2\/media?parent=1163583"}],"wp:term":[{"taxonomy":"category","embeddable":true,"href":"https:\/\/www.europesays.com\/fr\/wp-json\/wp\/v2\/categories?post=1163583"},{"taxonomy":"post_tag","embeddable":true,"href":"https:\/\/www.europesays.com\/fr\/wp-json\/wp\/v2\/tags?post=1163583"}],"curies":[{"name":"wp","href":"https:\/\/api.w.org\/{rel}","templated":true}]}}