{"id":1163595,"date":"2026-09-02T19:16:15","date_gmt":"2026-09-02T19:16:15","guid":{"rendered":"https:\/\/www.europesays.com\/fr\/1163595\/"},"modified":"2026-09-02T19:16:15","modified_gmt":"2026-09-02T19:16:15","slug":"royaume-uni-tapisserie-de-bayeux-a-londres-emmanuel-macron-et-charles-iii-celebrent-les-liens-franco-britanniques","status":"publish","type":"post","link":"https:\/\/www.europesays.com\/fr\/1163595\/","title":{"rendered":"Royaume-Uni. Tapisserie de Bayeux \u00e0 Londres\u00a0: Emmanuel Macron et Charles III\u00a0c\u00e9l\u00e8brent les liens franco-britanniques"},"content":{"rendered":"<p>Une visite de la tapisserie de Bayeux \u00e0 Londres en avant-premi\u00e8re. Emmanuel Macron et le roi Charles III ont c\u00e9l\u00e9br\u00e9 mercredi les liens franco-britanniques apr\u00e8s avoir d\u00e9couvert l&rsquo;exposition de la c\u00e9l\u00e8bre tapisserie au British Museum de Londres avec la reine Camilla, Brigitte Macron et le nouveau Premier ministre Andy Burnham. Souriant et plaisantant, ils ont admir\u00e9 cette oeuvre du XIe si\u00e8cle, longue de 70 m\u00e8tres, expos\u00e9e pour la premi\u00e8re fois \u00e0 plat dans une salle faiblement \u00e9clair\u00e9e, en pr\u00e9sence \u00e9galement de la femme d&rsquo;Andy Burnham, Marie-France van Heel, et de repr\u00e9sentants du mus\u00e9e.<\/p>\n<p>Le pr\u00e9sident fran\u00e7ais a dit esp\u00e9rer que la France et le Royaume-Uni puissent \u00ab tisser un lien aussi \u00e9troit que les fils \u00bb de cette \u00ab broderie mill\u00e9naire \u00bb, pr\u00eat\u00e9e pour un an au c\u00e9l\u00e8bre mus\u00e9e, dans un discours apr\u00e8s sa visite. \u00ab\u00a0M\u00eame si nous ne sommes pas toujours d&rsquo;accord sur tout, nous nous respectons (&#8230;), et restons ouverts \u00e0 la discussion sur tous les sujets, y compris la relance des relations entre le Royaume-Uni et l&rsquo;Union europ\u00e9enne, a-t-il ajout\u00e9.<\/p>\n<p>  \u00ab Un pr\u00e9cieux symbole de confiance \u00bb pour Charles III<\/p>\n<p>Le roi a lui exprim\u00e9 \u00ab une joie particuli\u00e8re \u00bb \u00e0 voir cette tapisserie, dont le pr\u00eat au Royaume-Uni constitue \u00ab un pr\u00e9cieux symbole de confiance \u00bb, le \u00ab meilleur symbole possible de cette entente amicale dont nous parlons avec tant d&rsquo;affection \u00bb. \u00ab Merveilleux \u00bb, a-t-il encore l\u00e2ch\u00e9 aux journalistes, en quittant le quitter le mus\u00e9e.<\/p>\n<p>Charles III et son \u00e9pouse Camilla avaient re\u00e7u, plus t\u00f4t dans l&rsquo;apr\u00e8s-midi, le couple Macron \u00e0 leur r\u00e9sidence de Clarence House, pour une visite loin des cam\u00e9ras. Les deux couples sont ensuite arriv\u00e9s ensemble au British Museum, le roi et le pr\u00e9sident fran\u00e7ais dans une voiture, la reine et Brigitte Macron, toutes deux en robe blanche, dans une autre.<\/p>\n<p>Andy Burnham, qu&rsquo;Emmanuel Macron rencontrait pour la premi\u00e8re fois, avait lui salu\u00e9 d&rsquo;avance \u00ab un moment majeur dans l&rsquo;histoire \u00bb des deux pays. \u00ab Alors que nous c\u00e9l\u00e9brons notre patrimoine commun, le pr\u00e9sident Macron et moi-m\u00eame continuerons \u00e0 renforcer les liens entre nos deux nations \u00bb, avait-il indiqu\u00e9 dans un communiqu\u00e9.<\/p>\n<p>L&rsquo;exposition de cette oeuvre du XIe si\u00e8cle illustrant la conqu\u00eate de l&rsquo;Angleterre en l&rsquo;an 1066 par Guillaume le Conqu\u00e9rant, ouvrira au public le 10 septembre. Emmanuel Macron avait personnellement d\u00e9cid\u00e9 de pr\u00eater la tapisserie pour un an lors de sa visite d&rsquo;Etat au Royaume-Uni en juillet 2025, afin de \u00ab revivifier la relation culturelle \u00bb et marquer \u00ab la confiance \u00bb actuelle entre Paris et Londres.<\/p>\n<p>La tapisserie est parvenue le 10 juillet au British Museum, malgr\u00e9 les objections de certains experts et d\u00e9fenseurs du patrimoine en France, qui redoutaient une d\u00e9gradation irr\u00e9versible. La ministre fran\u00e7aise de la Culture, Catherine P\u00e9gard, s&rsquo;est r\u00e9jouie mi-juillet, \u00e0 Londres, d&rsquo;y voir ce joyau presque mill\u00e9naire \u00ab en tr\u00e8s bon \u00e9tat \u00bb.<\/p>\n<p>  Premi\u00e8re rencontre Macron-Burnham<\/p>\n<p>La tapisserie doit rester \u00e0 Londres jusqu&rsquo;au 11 juillet 2027. Lorsqu&rsquo;elle reviendra \u00e0 Bayeux en Normandie, Emmanuel Macron ne sera plus pr\u00e9sident. C&rsquo;est donc un dirigeant en fin de r\u00e8gne qui a rencontr\u00e9 mercredi le nouveau Premier ministre britannique, avant un entretien formel et un d\u00e9jeuner \u00e0 Downing Street jeudi.<\/p>\n<p>Andy Burnham a remplac\u00e9 mi-juillet Keir Starmer, travailliste comme lui. Le pr\u00e9sident fran\u00e7ais est le deuxi\u00e8me dirigeant \u00e9tranger qu&rsquo;il re\u00e7oit apr\u00e8s l&rsquo;Ukrainien Volodomyr Zelensky fin juillet. Apr\u00e8s des ann\u00e9es de relations franco-britanniques en dents de scie, le duo Macron-Starmer affichait une certaine complicit\u00e9, notamment sur l&rsquo;Ukraine ou le conflit entre les Etats-Unis et l&rsquo;Iran. La complicit\u00e9 sera-t-elle renouvel\u00e9e avec Andy Burnham, qui s&rsquo;est concentr\u00e9 jusqu&rsquo;ici sur les questions int\u00e9rieures ?<\/p>\n<p>La lutte contre les travers\u00e9es de la Manche par des migrants sur de petites embarcations reste un sujet prioritaire pour Londres. Le gouvernement britannique, qui a enregistr\u00e9 cet \u00e9t\u00e9 le nombre le plus bas d&rsquo;arriv\u00e9es de migrants depuis 2019, a salu\u00e9 le succ\u00e8s de son accord avec la France, renouvel\u00e9 pour trois ans en avril.<\/p>\n<p>Mais les discussions entre les deux dirigeants jeudi devraient aussi porter sur l&rsquo;Ukraine, le Moyen-Orient et la coop\u00e9ration en mati\u00e8re de d\u00e9fense. Les deux parties disent \u00e9galement vouloir \u00ab poursuivre le rapprochement avec l&rsquo;Union europ\u00e9enne \u00bb, dix ans apr\u00e8s le Brexit.\u00a0Andy Burnham voudra \u00ab s&rsquo;inscrire dans la continuit\u00e9 de Starmer \u00bb, qui a am\u00e9lior\u00e9 les relations \u00ab avec les grands dirigeants de l&rsquo;UE \u00bb, a indiqu\u00e9 \u00e0 l&rsquo;AFP Anand Menon, politiste au King&rsquo;s College de Londres.<\/p>\n<p>Mais si la collaboration bilat\u00e9rale fonctionne assez bien, le \u00ab vrai enjeu \u00bb britannique est de se \u00ab rapprocher de l&rsquo;UE, et nous savons tous que l&rsquo;un des grands obstacles, c&rsquo;est la fermet\u00e9 des Fran\u00e7ais \u00bb, notamment sur l&rsquo;agriculture, a-t-il ajout\u00e9. La date du prochain sommet UE\/Royaume-Uni reste incertaine, mais l&rsquo;Elys\u00e9e a d\u00e9j\u00e0 pr\u00e9venu : si la France veut aller \u00ab aussi loin que possible \u00bb dans ce \u00ab rapprochement \u00bb, les Britanniques sont sortis de l&rsquo;UE et il est exclu qu&rsquo;ils puissent choisir les politiques qui les arrangent.<\/p>\n","protected":false},"excerpt":{"rendered":"Une visite de la tapisserie de Bayeux \u00e0 Londres en avant-premi\u00e8re. Emmanuel Macron et le roi Charles III&hellip;\n","protected":false},"author":2,"featured_media":1163596,"comment_status":"","ping_status":"","sticky":false,"template":"","format":"standard","meta":{"footnotes":"","_share_on_mastodon":"0"},"categories":[1588],"tags":[11,1687,1777,674,107,329,12,316,473,1853,1851,1850,1852],"class_list":["post-1163595","post","type-post","status-publish","format-standard","has-post-thumbnail","category-royaume-uni","tag-actualites","tag-culture-loisirs","tag-eu","tag-europe","tag-fil-info","tag-france-monde","tag-news","tag-politique","tag-royaume-uni","tag-royaume-uni-de-grande-bretagne-et-dirlande-du-nord","tag-uk","tag-united-kingdom","tag-united-kingdom-of-great-britain-and-northern-ireland"],"share_on_mastodon":{"url":"https:\/\/pubeurope.com\/@fr\/117203054615055476","error":""},"_links":{"self":[{"href":"https:\/\/www.europesays.com\/fr\/wp-json\/wp\/v2\/posts\/1163595","targetHints":{"allow":["GET"]}}],"collection":[{"href":"https:\/\/www.europesays.com\/fr\/wp-json\/wp\/v2\/posts"}],"about":[{"href":"https:\/\/www.europesays.com\/fr\/wp-json\/wp\/v2\/types\/post"}],"author":[{"embeddable":true,"href":"https:\/\/www.europesays.com\/fr\/wp-json\/wp\/v2\/users\/2"}],"replies":[{"embeddable":true,"href":"https:\/\/www.europesays.com\/fr\/wp-json\/wp\/v2\/comments?post=1163595"}],"version-history":[{"count":0,"href":"https:\/\/www.europesays.com\/fr\/wp-json\/wp\/v2\/posts\/1163595\/revisions"}],"wp:featuredmedia":[{"embeddable":true,"href":"https:\/\/www.europesays.com\/fr\/wp-json\/wp\/v2\/media\/1163596"}],"wp:attachment":[{"href":"https:\/\/www.europesays.com\/fr\/wp-json\/wp\/v2\/media?parent=1163595"}],"wp:term":[{"taxonomy":"category","embeddable":true,"href":"https:\/\/www.europesays.com\/fr\/wp-json\/wp\/v2\/categories?post=1163595"},{"taxonomy":"post_tag","embeddable":true,"href":"https:\/\/www.europesays.com\/fr\/wp-json\/wp\/v2\/tags?post=1163595"}],"curies":[{"name":"wp","href":"https:\/\/api.w.org\/{rel}","templated":true}]}}