{"id":1163607,"date":"2026-09-02T19:25:42","date_gmt":"2026-09-02T19:25:42","guid":{"rendered":"https:\/\/www.europesays.com\/fr\/1163607\/"},"modified":"2026-09-02T19:25:42","modified_gmt":"2026-09-02T19:25:42","slug":"france-mort-du-realisateur-jean-paul-rappeneau-emmanuel-macron-est-a-londres-thailande-polemique-sur-le-debarquement-de-militaires-americains-journal-en-francais-facile-francais-facile","status":"publish","type":"post","link":"https:\/\/www.europesays.com\/fr\/1163607\/","title":{"rendered":"France: mort du r\u00e9alisateur Jean-Paul Rappeneau \/ Emmanuel Macron est \u00e0 Londres \/ Tha\u00eflande: pol\u00e9mique sur le d\u00e9barquement de militaires am\u00e9ricains&#8230; &#8211; Journal en fran\u00e7ais facile &#8211; Fran\u00e7ais Facile"},"content":{"rendered":"<p>\n                        RFI &#8211; Radio  France  Internationale. En direct  de  Paris, il est  18  heures.                     <\/p>\n<p>\n                        Le  Journal en  fran\u00e7ais  facile.                      <\/p>\n<p>\n                        Adrien Delgrange.                     <\/p>\n<p>\n                        Bonjour  \u00e0  toutes  et  \u00e0  tous.                      <\/p>\n<p>\n                        Soyez  les  bienvenus  dans  cette  nouvelle  \u00e9dition  du  Journal en  fran\u00e7ais  facile.                      <\/p>\n<p>\n                        Voici  les  titres  du  mercredi  2  septembre :                     <\/p>\n<p>\n                        \u00ab L&rsquo;attaque aurait  pu  faire  des  morts. \u00bb Apr\u00e8s l&rsquo;Allemagne hier, c&rsquo;est  l&rsquo;Union  europ\u00e9enne  aujourd&rsquo;hui, par la  voix  d&rsquo;Ursula  von  der  Leyen, qui  d\u00e9nonce  les  agissements  de  la  Russie  dans  l&rsquo;a\u00e9roport  allemand  de  Leipzig.                      <\/p>\n<p>\n                        Emmanuel  Macron  est  attendu  \u00e0  Londres  d&rsquo;un  moment  \u00e0  l&rsquo;autre,  accueilli  par  le  roi  Charles  III,  pour, notamment, visiter  l&rsquo;exposition  de  la  tapisserie  de  Bayeux.                      <\/p>\n<p>\n                        Dans  ce  journal, aussi,  la  pol\u00e9mique  en  Tha\u00eflande  sur  le  d\u00e9barquement  de  5 000 militaires  am\u00e9ricains  dans  la  station  baln\u00e9aire  de  Pattaya.                      <\/p>\n<p>\n                        Et  puis, enfin,  nous  reviendrons  sur  la  disparition  de  Jean-Paul  Rappeneau.  Le  r\u00e9alisateur  fran\u00e7ais  est  mort, aujourd&rsquo;hui, \u00e0  l&rsquo;\u00e2ge  de  94  ans.                      <\/p>\n<p>\n                        \u00c0 l&rsquo;unisson, de  mani\u00e8re  unanime,  d&rsquo;une  m\u00eame  voix. Allemagne,  Union  europ\u00e9enne,  Otan et  les  \u00c9tats-Unis mettent  en  cause  la  Russie  dans  l&rsquo;affaire  dite  de  l&rsquo;a\u00e9roport  de  Leipzig, o\u00f9,  au  mois  d&rsquo;ao\u00fbt  dernier,  un  drone  charg\u00e9  d&rsquo;explosifs  a  \u00e9t\u00e9  retrouv\u00e9  pr\u00e8s  de  cet  a\u00e9roport  allemand. Incident que les  autorit\u00e9s  allemandes  ont  d\u00e9j\u00e0  officiellement  attribu\u00e9  hier  \u00e0  la  Russie.  L&rsquo;Union europ\u00e9enne  r\u00e9agit  \u00e0  son  tour.  Pr\u00e9sente, aujourd&rsquo;hui, aux  c\u00f4t\u00e9s  du  secr\u00e9taire  g\u00e9n\u00e9ral  de  l&rsquo;Otan, Mark  Rutte,  la  pr\u00e9sidente  de  la  Commission  europ\u00e9enne,  Ursula  von  der  Leyen,  parle  d&rsquo;un  nouveau  cap  franchi.                      <\/p>\n<p>\n                        \u00ab Cette attaque  aurait  pu  causer  d&rsquo;\u00e9normes  d\u00e9g\u00e2ts  et, m\u00eame, co\u00fbter  des  vies  humaines.  L&rsquo;\u00e9pisode  de  Leipzig  marque  le  d\u00e9but  d&rsquo;une  nouvelle  escalade  sur  le  sol  de  l&rsquo;Union  europ\u00e9enne.  Elle  s&rsquo;inscrit, aussi, dans  un  contexte  g\u00e9n\u00e9ral  d&rsquo;incidents  extr\u00eamement  dangereux  attribu\u00e9s  \u00e0  la  Russie.  Les  Europ\u00e9ens  sont  face  \u00e0  cette  r\u00e9alit\u00e9 : c&rsquo;est une  nouvelle  norme.  Nos  infrastructures  du  quotidien  doivent, aujourd&rsquo;hui, \u00eatre  consid\u00e9r\u00e9es  comme  des  cibles  d&rsquo;une  ligne  de  front  et  prot\u00e9g\u00e9es en  cons\u00e9quence.  Mais  nous  ne  nous  laisserons  pas  intimider.  Avec  l&rsquo;Otan, nous  n&rsquo;allons  pas  simplement  maintenir  notre  pression  sur  la  Russie.  Nous  allons  l&rsquo;accentuer  et  nous  ne  nous  arr\u00eaterons  pas  tant  que  la  Russie  continuera  de  bombarder  l&rsquo;Ukraine,  de  tuer  des  femmes,  des  hommes  et  des  enfants  [innocents]. \u00bb                     <\/p>\n<p>\n                        Ursula  von  der  Leyen qui, par  ailleurs,  a  \u00e9voqu\u00e9  de  possibles  nouvelles  sanctions  en  pr\u00e9paration  contre  la  Russie.                      <\/p>\n<p>\n                        Au  Niger,  des  milliers  de  personnes  se  sont  rassembl\u00e9es, aujourd&rsquo;hui, \u00e0  Niamey  pour  apporter  leur  soutien  au  chef  du  r\u00e9gime  militaire  nig\u00e9rien,  le  g\u00e9n\u00e9ral  Abdourahmane  Tiani. Apr\u00e8s  cette  mutinerie,  cette  r\u00e9volte,  cette  r\u00e9bellion  de  soldats  qui  a  \u00e9t\u00e9  d\u00e9jou\u00e9e le  week-end dernier,  samedi,  la  junte \u2013 arriv\u00e9e au  pouvoir  apr\u00e8s  un  coup  d&rsquo;\u00c9tat  en  juillet  2023 \u2013 a  d\u00e9jou\u00e9, \u00e0  l&rsquo;aide  de  son  partenaire  russe,  une  mutinerie  de  militaires  \u00e0  l&rsquo;issue  de  combats  dans  plusieurs  lieux  sensibles  de  Niamey.                      <\/p>\n<p>\n                        C&rsquo;est  un  immense  navire  de  guerre  am\u00e9ricain  qui  est  au  c\u0153ur  d&rsquo;une  pol\u00e9mique  en  Tha\u00eflande.  Apr\u00e8s  avoir  pass\u00e9  pr\u00e8s  de  neuf  mois  en  mer,  le  porte-avions am\u00e9ricain  Abraham  Lincoln  est  arriv\u00e9  \u00e0  quai.  Le  bateau  s&rsquo;est amarr\u00e9  dans  un  port  pr\u00e8s  de  Pattaya.  5 000 marins  am\u00e9ricains  font  escale  jusqu&rsquo;\u00e0  dimanche  dans  cette  station  baln\u00e9aire  tha\u00eflandaise, connue, notamment, pour  sa  vie  nocturne.  Une  arriv\u00e9e  dont  les  commer\u00e7ants  esp\u00e8rent  d&rsquo;importantes  retomb\u00e9es  \u00e9conomiques,  tandis  que  les  autorit\u00e9s, elles, renforcent les  mesures  de  s\u00e9curit\u00e9.  Pr\u00e9cisions en  Tha\u00eflande  de  notre  correspondant, Valentin  Cebron.                     <\/p>\n<p>\n                        Repos  et  relaxation  \u00e0  Pattaya  sont  au  programme  des  5 000 marins  de  l&rsquo;USS  Abraham  Lincoln.  Une  escale  qui  intervient  alors  que  le  porte-avions  est  au  c\u0153ur  d&rsquo;une  pol\u00e9mique  sur  les  conditions  de  vie  et  la  sant\u00e9  mentale  de  son  \u00e9quipage.  Apr\u00e8s  un  d\u00e9ploiement  en  mer  particuli\u00e8rement  long,  les  autorit\u00e9s  locales  esp\u00e8rent  2,6  millions d&rsquo;euros de  retomb\u00e9es  \u00e9conomiques, tout  en  appelant  les  commer\u00e7ants  \u00e0 ne pas  gonfler  leurs  prix.  Mais  l&rsquo;arriv\u00e9e  des  marins  s&rsquo;accompagne  d&rsquo;un  important  dispositif  de  s\u00e9curit\u00e9 : patrouilles  de  police  renforc\u00e9es  et  plusieurs  centaines  d&rsquo;agents  mobilis\u00e9s  dans  les  zones  de  divertissements. Car  Pattaya  est  r\u00e9put\u00e9e  pour  sa  vie  nocturne  et  ses  plaisirs  tarif\u00e9s.  Bien  que  la  prostitution  soit  ill\u00e9gale  en  Tha\u00eflande,  la  ville, d\u00e9j\u00e0  fr\u00e9quent\u00e9e  par  les  soldats  am\u00e9ricains  en  permission  pendant  la  guerre  du  Vietnam,  compterait  aujourd&rsquo;hui  entre  30\u202f000  et  50\u202f000  travailleuses  et  travailleurs  du  sexe.  Certains  secteurs, comme  Soi 6 et  ses  bars  \u00e0  gogo, sont  interdits  aux  militaires  am\u00e9ricains,  tout  comme  les  magasins  de  cannabis  et  le  Jet-Ski. Reste  \u00e0  savoir  si  ces  interdictions  seront  r\u00e9ellement  respect\u00e9es.  Valentin  Cebron, Bangkok, RFI.                      <\/p>\n<p>\n                        18  h  05  \u00e0  Paris.                     <\/p>\n<p>\n                        Dans l&rsquo;actualit\u00e9  internationale, une rencontre  avec  le  roi  Charles  III,  un  d\u00e9but  de  dialogue  avec  le  nouveau  Premier  ministre  britannique  et  la  visite  d&rsquo;une  exposition.  Voil\u00e0  le  programme, aujourd&rsquo;hui, d&rsquo;Emmanuel  Macron  \u00e0  Londres.  Le  pr\u00e9sident  fran\u00e7ais  se  rend  \u00e0  Londres  pour  visiter  l&rsquo;exposition  de  la  tapisserie [de Bayeux] au  British  Museum  et  puis  faire  la  connaissance  du  nouveau  Premier  ministre, Andy  Burnham. Le pr\u00e9sident  fran\u00e7ais est  attendu  d&rsquo;un  moment  \u00e0  l&rsquo;autre  dans  la  capitale  anglaise  et  nous  serons  en  direct  de  Londres  dans  notre  prochaine  \u00e9dition.                      <\/p>\n<p>\n                        L&rsquo;actualit\u00e9  fran\u00e7aise.  Reportage, \u00e0  pr\u00e9sent, dans  le  sud-[ouest] du  pays.  Un  mois  et  demi  apr\u00e8s  le  d\u00e9but  de  ces  gigantesques  feux  de  for\u00eat, un village  a, particuli\u00e8rement, \u00e9t\u00e9  ravag\u00e9  par  les  flammes,  celui  du  Porge. 183  maisons  d\u00e9truites,  plus  de  7 000 hectares  de  for\u00eat  r\u00e9duits  en  cendres.  Dans  cette  commune  du  Porge,  la  for\u00eat  \u00e9tait  omnipr\u00e9sente  et  faisait  vivre  de  nombreux  habitants.  Les  sylviculteurs \u2013 ce  sont  ces  professionnels  qui  cultivent,  entretiennent  et  g\u00e8rent  les  for\u00eats \u2013 sont  tr\u00e8s  inquiets  pour  leur  \u00e9conomie.  Reportage  Juliette  Pietraszewski.                     <\/p>\n<p>\n                        \u00ab 42\u202f000 hectares.  C&rsquo;est  parce  qu&rsquo;il  y  a  un  gros  probl\u00e8me  quelque  part. \u00bb                     <\/p>\n<p>\n                        Les  flammes  sont  parties,  mais  la  col\u00e8re,  elle,  est  intacte.  Alain  Deyres, ancien  maire  du  Porge,  membre  de  la  d\u00e9fense  des  for\u00eats  contre  les  incendies  et  de  la  r\u00e9serve  communale,  est  \u00e9galement  sylviculteur. Sur sa  propri\u00e9t\u00e9, les arbres  sont  morts.                      <\/p>\n<p>\n                        \u00ab J&rsquo;avais 20  hectares  de  for\u00eat  jusque  l\u00e0. C&rsquo;est  un  petit  plus  que  je  destinais  \u00e0  mes  enfants  et  mes  petits-enfants. Et  je  vois  que  tout  le  travail  qu&rsquo;ont fait nos  anciens,  mes  parents  et  les  g\u00e9n\u00e9rations  avant ne  pourront  plus  b\u00e9n\u00e9ficier  aux  g\u00e9n\u00e9rations  futures. \u00bb                     <\/p>\n<p>\n                        Depuis  les  incendies,  c&rsquo;est  une  course  contre  la  montre  qui  s&rsquo;impose, car  il  faut  \u00e9couler  le  bois  br\u00fbl\u00e9  avant  sa  d\u00e9gradation.                      <\/p>\n<p>\n                        \u00ab Pour reconstruire  la  for\u00eat,  il  faut  d&rsquo;abord  faire  en  sorte  que  la  for\u00eat  soit  d\u00e9gag\u00e9e  de  tous  ces  bois  morts. Ce qui  va  prendre  de  longs  mois,  de  longues  ann\u00e9es. \u00bb                     <\/p>\n<p>\n                        L&rsquo;autre point  sensible  pour  les  sylviculteurs,  c&rsquo;est  la  crainte  d&rsquo;un  effondrement  des  prix  du  march\u00e9.  Guy  Mirtain a  perdu  80 % de  sa  propri\u00e9t\u00e9.                      <\/p>\n<p>\n                        \u00ab Les marchands  de  bois  sont  tr\u00e8s  timides.  Ils  vont  nous  voir  arriver,  ce  qui  est  tout  \u00e0  fait  logique.  Pendant  la  temp\u00eate  Klaus,  pour  vous  donner  un  exemple,  c&rsquo;\u00e9tait  des  bois  verts. Dans les  Landes, on leur  a  pris  le  bois  \u00e0  1 euro la  tonne.  Si  jamais  ils  nous  parlent  de  nous  prendre  le  bois  \u00e0  la  tonne  avec  le  bois  br\u00fbl\u00e9,  je  pense  qu&rsquo;on  va  tous  pleurer.  Beaucoup  de  gens  vont  jeter  l&rsquo;\u00e9ponge.  \u00c7a  va  pas  \u00eatre  possible  s&rsquo;il  n&rsquo;y  a  pas  des  aides  qui  suivent  derri\u00e8re. \u00bb                     <\/p>\n<p>\n                        Pour  l&rsquo;instant,  il  est  toujours  interdit  aux  forestiers  de  p\u00e9n\u00e9trer  dans  les  parcelles  parcourues  par  les  incendies.  Il  faut  attendre  que  le  feu  soit  officiellement  consid\u00e9r\u00e9  comme  \u00e9teint.  Juliette  Pietraszewski, Le  Porge, RFI.                      <\/p>\n<p>\n                        Le  cin\u00e9ma  fran\u00e7ais  perd  l&rsquo;un  de  ses  ma\u00eetres.  Le  r\u00e9alisateur  Jean-Paul  Rappeneau  s&rsquo;est  \u00e9teint, aujourd&rsquo;hui, \u00e0  l&rsquo;\u00e2ge  de  94  ans.  En  50  ans  de  carri\u00e8re,  il  a  marqu\u00e9  l&rsquo;histoire  du  septi\u00e8me  art  en  inventant, notamment, ce  qu&rsquo;il  pr\u00e9sentait  comme  une  com\u00e9die  fran\u00e7aise  \u00e0  l&rsquo;am\u00e9ricaine. Il  a  connu  la  cons\u00e9cration  avec  l&rsquo;adaptation  de  Cyrano  de  Bergerac,  r\u00e9compens\u00e9e en  1991  par  dix  C\u00e9sars.  Alors,  si  le  r\u00e9alisateur  s&rsquo;inspirait  du  style  am\u00e9ricain,  il  en  d\u00e9non\u00e7ait, aussi, son  h\u00e9g\u00e9monie,  cette  domination  am\u00e9ricaine  dans  le  cin\u00e9ma  mondial.  Jean-Paul  Rappeneau  sur  RFI, en  1995.                      <\/p>\n<p>\n                        \u00ab Ce cin\u00e9ma  am\u00e9ricain  dont  nous  avons  tant  appris.  Car, au  fond,  est-ce qu&rsquo;il  y a  pas  un  cin\u00e9aste  au  monde  qui  n&rsquo;ait  pas  ador\u00e9  le  cin\u00e9ma  am\u00e9ricain ? Moi,  le  premier,  et je l&rsquo;adore  toujours. Mais, en  tout  cas,  il  ne  doit  pas  \u00eatre  le  seul.  \u00c7a  n&rsquo;est  pas  possible.  On  ne  peut  pas  confier  \u00e0  un  seul  pays,  aux cr\u00e9ateurs d&rsquo;une  seule  nation la  cr\u00e9ation  d&rsquo;images  pour  le  reste  du  monde  entier.  \u00c7a  n&rsquo;est  pas  possible.  C&rsquo;est  un  truc  qui  me  choque  profond\u00e9ment. \u00bb                     <\/p>\n<p>\n                        Jean-Paul  Rappeneau  en  95  sur  RFI.                     <\/p>\n<p>\n                        Et, \u00e0  la  page  cin\u00e9ma,  c&rsquo;est aujourd&rsquo;hui  que  s&rsquo;ouvre  la  Mostra  de  Venise. 83\u1d49  \u00e9dition  de  ce  festival international  de  cin\u00e9ma  qui  s&rsquo;ouvre  d\u00e9j\u00e0  sur  une  question  br\u00fblante,  celle  du  manque  de  r\u00e9alisatrices  en  lice. Parmi les  21  films  en  comp\u00e9tition  pour  le  prestigieux  Lion  d&rsquo;or, cette ann\u00e9e,  seuls deux  films  ont  \u00e9t\u00e9  mis en  sc\u00e8ne  par  des  femmes.                      <\/p>\n<p>\n                        Juste  apr\u00e8s  ce  journal,  l&rsquo;heure  de  retrouver  Radio  Foot  Internationale. Annie  Gasnier, bonjour.                     <\/p>\n<p>\n                        Bonjour, Adrien.                     <\/p>\n<p>\n                        Avec  au  programme aujourd&rsquo;hui ?                     <\/p>\n<p>\n                        Eh bien, \u00e9coutez, nous allons  parler  du  mercato, puisqu&rsquo;il  s&rsquo;est  termin\u00e9  \u00e0  minuit, cette  nuit. Et les  prix  ont  \u00e9t\u00e9,  comme  d&rsquo;habitude, assez  affolants sur  certains  joueurs.  Nous  en  parlerons. Mais les  joueurs  africains  ont  pu  en  profiter.  Nous  \u00e9voquerons  le  championnat  italien, avec  un  club, C\u00f4me, et  la  Roma, qui  ont  bien  commenc\u00e9  leur  championnat.  Et  puis  on  parlera  de  Pierre-Emerick  Aubameyang.                      <\/p>\n<p>\n                        \u00c0 tout  de  suite, Annie  Gasnier, et  vos  co\u00e9quipiers.                     <\/p>\n<p>\n                        RFI. \u00c0 Paris, 18  h  10.                      <\/p>\n","protected":false},"excerpt":{"rendered":"RFI &#8211; Radio France Internationale. En direct de Paris, il est 18 heures. Le Journal en fran\u00e7ais facile.&hellip;\n","protected":false},"author":2,"featured_media":1163608,"comment_status":"","ping_status":"","sticky":false,"template":"","format":"standard","meta":{"footnotes":"","_share_on_mastodon":"0"},"categories":[4],"tags":[47,11,10343,650,436,1011,27,3535,10342,12,25],"class_list":["post-1163607","post","type-post","status-publish","format-standard","has-post-thumbnail","category-france","tag-actualite","tag-actualites","tag-all","tag-cinema","tag-environnement","tag-fr","tag-france","tag-geopolitique","tag-journal-en-francais-facile","tag-news","tag-republique-francaise"],"share_on_mastodon":{"url":"https:\/\/pubeurope.com\/@fr\/117203089656270045","error":""},"_links":{"self":[{"href":"https:\/\/www.europesays.com\/fr\/wp-json\/wp\/v2\/posts\/1163607","targetHints":{"allow":["GET"]}}],"collection":[{"href":"https:\/\/www.europesays.com\/fr\/wp-json\/wp\/v2\/posts"}],"about":[{"href":"https:\/\/www.europesays.com\/fr\/wp-json\/wp\/v2\/types\/post"}],"author":[{"embeddable":true,"href":"https:\/\/www.europesays.com\/fr\/wp-json\/wp\/v2\/users\/2"}],"replies":[{"embeddable":true,"href":"https:\/\/www.europesays.com\/fr\/wp-json\/wp\/v2\/comments?post=1163607"}],"version-history":[{"count":0,"href":"https:\/\/www.europesays.com\/fr\/wp-json\/wp\/v2\/posts\/1163607\/revisions"}],"wp:featuredmedia":[{"embeddable":true,"href":"https:\/\/www.europesays.com\/fr\/wp-json\/wp\/v2\/media\/1163608"}],"wp:attachment":[{"href":"https:\/\/www.europesays.com\/fr\/wp-json\/wp\/v2\/media?parent=1163607"}],"wp:term":[{"taxonomy":"category","embeddable":true,"href":"https:\/\/www.europesays.com\/fr\/wp-json\/wp\/v2\/categories?post=1163607"},{"taxonomy":"post_tag","embeddable":true,"href":"https:\/\/www.europesays.com\/fr\/wp-json\/wp\/v2\/tags?post=1163607"}],"curies":[{"name":"wp","href":"https:\/\/api.w.org\/{rel}","templated":true}]}}