{"id":1163623,"date":"2026-09-02T19:41:28","date_gmt":"2026-09-02T19:41:28","guid":{"rendered":"https:\/\/www.europesays.com\/fr\/1163623\/"},"modified":"2026-09-02T19:41:28","modified_gmt":"2026-09-02T19:41:28","slug":"mylene-farmer-devoilera-egregore-son-nouvel-album-en-avant-premiere-et-en-imax-au-cinema","status":"publish","type":"post","link":"https:\/\/www.europesays.com\/fr\/1163623\/","title":{"rendered":"Myl\u00e8ne Farmer\u00a0d\u00e9voilera \u00ab\u00a0Egr\u00e9gore\u00a0\u00bb, son nouvel album, en avant-premi\u00e8re et en IMAX au cin\u00e9ma"},"content":{"rendered":"<p>Elle ne fait rien comme les autres\u00a0: <a href=\"https:\/\/www.20minutes.fr\/dossier\/mylene_farmer\" class=\"c-link c-link--is-underlined\" rel=\"nofollow noopener\" target=\"_blank\">Myl\u00e8ne Farmer<\/a> s\u2019appr\u00eate \u00e0 renouer en grande pompe avec le grand \u00e9cran, avant la sortie de son treizi\u00e8me album, <a href=\"https:\/\/www.20minutes.fr\/arts-stars\/culture\/musique\/4231088-20260625-egregore-titre-nouvel-album-mylene-farmer-ca-veut-dire-quoi\" class=\"c-link c-link--is-underlined\" rel=\"nofollow noopener\" target=\"_blank\">\u00c9gr\u00e9gore<\/a>, attendu le 30\u00a0octobre 2026. Quatre ans apr\u00e8s <a href=\"https:\/\/www.20minutes.fr\/culture\/4011847-20221125-emprise-nouvel-album-mylene-farmer-plus-intime-meilleurs\" class=\"c-link c-link--is-underlined\" rel=\"nofollow noopener\" target=\"_blank\">L\u2019Emprise<\/a>, la chanteuse d\u00e9voilera en effet son nouveau disque le 27\u00a0octobre dans plusieurs salles \u00e9quip\u00e9es en <a href=\"https:\/\/www.20minutes.fr\/arts-stars\/cinema\/4235964-20260723-imax-liemax-odyssee-format-projection-cinema\" class=\"c-link c-link--is-underlined\" rel=\"nofollow noopener\" target=\"_blank\">IMAX<\/a>, rapporte <a href=\"https:\/\/www.lavoixdunord.fr\/instant\/1732148\/article\/2026-08-27\/mylene-farmer-presentera-son-nouvel-album-en-avant-premiere-au-cinema-et-en-imax\" target=\"_blank\" class=\"c-link c-link--is-underlined\" rel=\"nofollow noopener\">La Voix du Nord<\/a>.<\/p>\n<p class=\"mb-xxl@xs color-ultramarine font-weight-semi-bold@xs font-source-serif-pro text-xxl@xs\">L\u2019acc\u00e8s \u00e0 ce contenu Instagram a \u00e9t\u00e9 bloqu\u00e9 afin de respecter vos choix de consentement<\/p>\n<p class=\"mb-m@xs text-l@xs\">En cliquant sur \u00ab\u00a0Accepter les cookies\u00a0\u00bb, vous consentez au d\u00e9p\u00f4t de cookies par Instagram et pourrez ainsi acc\u00e9der \u00e0 ce contenu interactif.<\/p>\n<p class=\"mb-m@xs text-l@xs\">Vous pouvez, \u00e0 tout moment, modifier vos choix cookies ou retirer votre consentement en bas de nos pages.<\/p>\n<p class=\"mb-xl@xs text-s@xs\">En savoir plus sur notre <a href=\"https:\/\/www.20minutes.fr\/gestion-cookies\" class=\"color-ultramarine\" rel=\"nofollow noopener\" target=\"_blank\">politique de cookies<\/a> et sur la <a href=\"https:\/\/privacycenter.instagram.com\/policy\" class=\"color-ultramarine\" rel=\"nofollow noopener\" target=\"_blank\">politique de confidentialit\u00e9 de ce partenaire<\/a>.<\/p>\n<p>G\u00e9rer mes pr\u00e9f\u00e9rencesJ\u2019accepte les cookies<\/p>\n<p>L\u2019agence de promotion artistique Hashtag NP a annonc\u00e9 l\u2019\u00e9v\u00e9nement sur ses <a href=\"https:\/\/www.20minutes.fr\/dossier\/reseaux_sociaux\" class=\"c-link c-link--is-underlined\" rel=\"nofollow noopener\" target=\"_blank\">r\u00e9seaux<\/a>\u00a0: \u00ab\u00a0Soyez les premiers \u00e0 vous immerger dans le nouvel album \u00e9v\u00e9nement de Myl\u00e8ne Farmer, mis en images\u00a0\u00bb.<\/p>\n<p>Un \u00e9v\u00e9nement volontairement tenu secret<\/p>\n<p>Le projet reste volontairement nimb\u00e9 de myst\u00e8re. Une seule chanson a d\u2019ailleurs \u00e9t\u00e9 d\u00e9voil\u00e9e pour l\u2019heure\u00a0: <a href=\"https:\/\/www.20minutes.fr\/diaporama\/diaporama-4228656-images-tour-raconte-tres-symbolique-dernier-clip-mylene-farmer\" class=\"c-link c-link--is-underlined\" rel=\"nofollow noopener\" target=\"_blank\">C\u2019est \u00e0 qui le tour<\/a>, un titre \u00e9lectro sign\u00e9 DJ Lewis dont le clip a \u00e9t\u00e9 r\u00e9alis\u00e9 par <a href=\"https:\/\/www.20minutes.fr\/arts-stars\/cinema\/3085807-20210717-festival-cannes-2021-titane-julia-ducournau-met-croisette-etat-choc\" class=\"c-link c-link--is-underlined\" rel=\"nofollow noopener\" target=\"_blank\">Julia Ducournau \u2013 Palme d\u2019or 2021 pour Titane<\/a>. Un autre tournage aurait eu lieu avec Thierry Poiraud, r\u00e9alisateur de Zone Blanche et <a href=\"https:\/\/www.20minutes.fr\/arts-stars\/serie\/3264631-20220404-canneseries-infiniti-envoutant-polar-cosmique-explore-confins-ame-humaine\" class=\"c-link c-link--is-underlined\" rel=\"nofollow noopener\" target=\"_blank\">Infinity<\/a>.<\/p>\n<\/p>\n<p>Post\u00e9 le 27\u00a0juillet, le teaser de l\u2019opus pr\u00e9sentait des mains tendues vers le ciel, \u00e9voquant cette \u00ab\u00a0force collective\u00a0\u00bb ch\u00e8re \u00e0 l\u2019artiste\u00a0: \u00c9gr\u00e9gore, son mot pr\u00e9f\u00e9r\u00e9, d\u00e9signe ainsi un esprit de groupe nourri par des aspirations communes. Film in\u00e9dit, prolongement de clips ou dispositif immersif, Myl\u00e8ne Farmer cultive soigneusement l\u2019ambigu\u00eft\u00e9\u2026<\/p>\n<p><a href=\"https:\/\/www.20minutes.fr\/dossier\/mylene_farmer\" class=\"c-link c-btn c-btn--primary\" rel=\"nofollow noopener\" target=\"_blank\">Toute l&rsquo;actualit\u00e9 de Myl\u00e8ne Farmer<\/a><\/p>\n<p>Quoi qu\u2019il en soit, les r\u00e9servations pour les salles IMAX qui proposeront l\u2019\u00e9v\u00e9nement ont ouvert ce mardi 1er\u00a0septembre, avant les autres salles, jeudi 3\u00a0septembre. Path\u00e9 Live, en charge de la <a href=\"https:\/\/www.20minutes.fr\/dossier\/billetterie\" class=\"c-link c-link--is-underlined\" rel=\"nofollow noopener\" target=\"_blank\">billetterie<\/a>, annonce une s\u00e9ance d\u2019un peu plus d\u2019une heure.<\/p>\n<p><script async src=\"\/\/www.instagram.com\/embed.js\"><\/script><\/p>\n","protected":false},"excerpt":{"rendered":"Elle ne fait rien comme les autres\u00a0: Myl\u00e8ne Farmer s\u2019appr\u00eate \u00e0 renouer en grande pompe avec le grand&hellip;\n","protected":false},"author":2,"featured_media":1163624,"comment_status":"","ping_status":"","sticky":false,"template":"","format":"standard","meta":{"footnotes":"","_share_on_mastodon":"0"},"categories":[1355],"tags":[1692,1695,2704,650,30542,251,58,59,1011,27,1361,873,13995,11586,3287],"class_list":["post-1163623","post","type-post","status-publish","format-standard","has-post-thumbnail","category-musique","tag-album","tag-chanson","tag-chanteuse","tag-cinema","tag-clip","tag-culture","tag-divertissement","tag-entertainment","tag-fr","tag-france","tag-music","tag-musique","tag-mylene-farmer","tag-palme-dor","tag-stars"],"share_on_mastodon":{"url":"https:\/\/pubeurope.com\/@fr\/117203152892234715","error":""},"_links":{"self":[{"href":"https:\/\/www.europesays.com\/fr\/wp-json\/wp\/v2\/posts\/1163623","targetHints":{"allow":["GET"]}}],"collection":[{"href":"https:\/\/www.europesays.com\/fr\/wp-json\/wp\/v2\/posts"}],"about":[{"href":"https:\/\/www.europesays.com\/fr\/wp-json\/wp\/v2\/types\/post"}],"author":[{"embeddable":true,"href":"https:\/\/www.europesays.com\/fr\/wp-json\/wp\/v2\/users\/2"}],"replies":[{"embeddable":true,"href":"https:\/\/www.europesays.com\/fr\/wp-json\/wp\/v2\/comments?post=1163623"}],"version-history":[{"count":0,"href":"https:\/\/www.europesays.com\/fr\/wp-json\/wp\/v2\/posts\/1163623\/revisions"}],"wp:featuredmedia":[{"embeddable":true,"href":"https:\/\/www.europesays.com\/fr\/wp-json\/wp\/v2\/media\/1163624"}],"wp:attachment":[{"href":"https:\/\/www.europesays.com\/fr\/wp-json\/wp\/v2\/media?parent=1163623"}],"wp:term":[{"taxonomy":"category","embeddable":true,"href":"https:\/\/www.europesays.com\/fr\/wp-json\/wp\/v2\/categories?post=1163623"},{"taxonomy":"post_tag","embeddable":true,"href":"https:\/\/www.europesays.com\/fr\/wp-json\/wp\/v2\/tags?post=1163623"}],"curies":[{"name":"wp","href":"https:\/\/api.w.org\/{rel}","templated":true}]}}